{"id":210,"date":"2008-10-29T18:02:57","date_gmt":"2008-10-29T15:02:57","guid":{"rendered":"http:\/\/privacy.cyber-rights.org.tr\/?p=210"},"modified":"2008-10-30T02:34:39","modified_gmt":"2008-10-29T23:34:39","slug":"bianet-adnan-oktarin-kapatma-tehdidiyle-yayindan-yazi-kaldirmiyoruz","status":"publish","type":"post","link":"https:\/\/privacy.cyber-rights.org.tr\/?p=210","title":{"rendered":"Bianet: Adnan Oktar&#8217;\u0131n Kapatma Tehdidiyle Yay\u0131ndan Yaz\u0131 Kald\u0131rm\u0131yoruz!"},"content":{"rendered":"<p>Helal olsun size BiaNet grubu. T\u00fcrkiye&#8217;de \u0130nternet ve sans\u00fcr konusunda yazm\u0131\u015f oldu\u011fumuz yaz\u0131y\u0131 sans\u00fcrlettirmeye \u00e7al\u0131\u015fan Adnan Hoca ve avukatlar\u0131na en g\u00fczel cevab\u0131 yaz\u0131y\u0131 yay\u0131ndan \u00e7\u0131karmamakla verdiniz. Okuyanlar bilir, okumayanlarda okuduklar\u0131nda g\u00f6r\u00fccekler, yaz\u0131 da hakaret falan yok, yaz\u0131 da \u0130nternet \u00fczerinden yap\u0131lan hakaretlerle ilgili T\u00fcrk mahkemelerinin yanl\u0131\u015f tutumu ile ilgili ele\u015ftiri var. Yaz\u0131 da biz T\u00fcrk mahkemelerinin ki\u015fisel haklarla ilgili olarak eri\u015fim engelleme karar\u0131 veremiyeceklerini anlatt\u0131\u011f\u0131m\u0131z i\u00e7in bu g\u00f6r\u00fc\u015f g\u00f6r\u00fcld\u00fc\u011f\u00fc gibi Adnan Hoca ve avukatlar\u0131n\u0131n ho\u015funa gitmemi\u015f! [Yaman Akdeniz &#038; Kerem Alt\u0131parmak]<\/p>\n<p><a href=\"http:\/\/www.bianet.org\/rtext\/file1\/110527\/B_ANET_UYARI-2.doc\">Adnan (Hoca) Oktar&#8217;\u0131n avukatlar\u0131 taraf\u0131ndan BiaNet&#8217;e g\u00f6nderilen mektuba buradan ula\u015fabilirsiniz<\/a>.<\/p>\n<div style=\"text-align:center;\"><img data-recalc-dims=\"1\" loading=\"lazy\" decoding=\"async\" src=\"https:\/\/i0.wp.com\/cyberlaw.org.uk\/wp-content\/uploads\/2008\/10\/bia-adnan-1.jpg?resize=500%2C300\" alt=\"bia_adnan_1.jpg\" border=\"0\" width=\"500\" height=\"300\" \/><\/div>\n<p><a href=\"http:\/\/www.bianet.org\/bianet\/kategori\/bianet\/110527\/adnan-oktarin-kapatma-tehdidiyle-yayindan-yazi-kaldirmiyoruz\">Bianet: Adnan Oktar&#8217;\u0131n Kapatma Tehdidiyle Yay\u0131ndan Yaz\u0131 Kald\u0131rm\u0131yoruz!<\/a><\/p>\n<p><strong>Site kapatma kararlar\u0131n\u0131 hukuken ele\u015ftiren Do\u00e7. Dr. Akdeniz ve  ve Dr. Alt\u0131parmak&#8217;in yaz\u0131s\u0131nda kendisine hakaret edildi\u011fini \u00f6ne s\u00fcren Oktar&#8217;\u0131n avukatlar\u0131, yaz\u0131 kald\u0131r\u0131lmazsa E\u011fitim-Sen, Richard Dawkins gibi bianet&#8217;in de kapat\u0131lmas\u0131 i\u00e7in ba\u015fvuracaklar\u0131n\u0131 s\u00f6yledi.<\/strong><\/p>\n<p>B\u0130A Haber Merkezi &#8211; \u0130stanbul, 29 Ekim 2008, \u00c7ar\u015famba<\/p>\n<p>Mahkemelerin ald\u0131\u011f\u0131 \u0130nternet sitelerine eri\u015fim yasa\u011f\u0131 kararlar\u0131n\u0131 hukuki a\u00e7\u0131dan ele\u015ftiren bir yaz\u0131da kendisine hakaret edildi\u011fini ve iftira at\u0131ld\u0131\u011f\u0131n\u0131 iddia eden Adnan Oktar (Adnan Hoca), yaz\u0131 kald\u0131r\u0131lmad\u0131\u011f\u0131 takdirde bianet&#8217;i de eri\u015fime kapatt\u0131rmak \u00fczere mahkemeye ba\u015fvuraca\u011f\u0131n\u0131 s\u00f6yledi.<\/p>\n<p>Oktar ad\u0131na d\u00fcn bianet&#8217;e bir &#8220;uyar\u0131&#8221; g\u00f6nderen avukatlar\u0131, daha \u00f6nce benzer ba\u015fvurular \u00fczerine wordpress.com, richarddawkins.net, egitimsen.org.tr, groups.google, gazetevatan.com gibi sitelerin eri\u015fime kapat\u0131ld\u0131\u011f\u0131n\u0131 hat\u0131rlatt\u0131.<\/p>\n<p>Avukatlar Kerim Kalkan ve Ceyhun Aydo\u011fan, g\u00f6nderdikleri &#8220;uyar\u0131&#8221; metninde &#8220;24 saat i\u00e7inde yaz\u0131 yay\u0131ndan kald\u0131r\u0131lmad\u0131\u011f\u0131 takdirde&#8221; mahkemeye ba\u015fvuracaklar\u0131n\u0131 belirtti.<\/p>\n<p>Hukuk\u00e7ular\u0131n konu \u00fczerine g\u00f6r\u00fc\u015f\u00fcn\u00fc de alan bianet y\u00f6netimi, Oktar&#8217;\u0131n talebine kar\u015f\u0131l\u0131k, s\u00f6z konusu yaz\u0131y\u0131 hi\u00e7bir hakaret i\u00e7ermedi\u011finden dolay\u0131 yay\u0131ndan kald\u0131rmamaya karar verdi.<br \/>\nMahkemeye ele\u015ftiriyi Oktar \u00fczerine al\u0131nd\u0131<\/p>\n<p><a href=\"http:\/\/www.bianet.org\/bianet\/kategori\/bianet\/110319\/internete-karsi-adnan-hoca-tum-kapatmalar-hukuka-aykiri\">Oktar&#8217;\u0131n kendisine hakaret i\u00e7erdi\u011fini iddia etti\u011fi yaz\u0131 Leeds \u00dcniversitesi Hukuk Fak\u00fcltesi \u00f6\u011fretim \u00fcyesi Yaman Akdeniz ve Ankara \u00dcniversitesi Siyasal Bilgiler Fak\u00fcltesi, \u0130nsan Haklar\u0131 Merkezi \u00fcyesi Kerem Alt\u0131parmak taraf\u0131ndan yaz\u0131lm\u0131\u015f ve 20 Ekim&#8217;de bianet&#8217;te yay\u0131nlanm\u0131\u015ft\u0131.<br \/>\n<\/a><br \/>\nOktar&#8217;\u0131n bug\u00fcne kadar ayn\u0131 gerek\u00e7elerle Silivri ve Gebze mahkemelerine yapt\u0131\u011f\u0131 ba\u015fvurular\u0131n sonucunda 61 sitenin eri\u015fime kapat\u0131ld\u0131\u011f\u0131n\u0131 hat\u0131rlatan Akdeniz ve Alt\u0131parmak, bu durumun mahkemelerin yorum y\u00f6ntemlerini kullanmas\u0131yla ilgili bir sorundan kaynakland\u0131\u011f\u0131n\u0131 belirtiyordu.<\/p>\n<p>Buna g\u00f6re, 5651 say\u0131l\u0131 \u201c\u0130nternet Ortam\u0131nda Yap\u0131lan Yay\u0131nlar\u0131n D\u00fczenlenmesi ve bu Yay\u0131nlar Yoluyla \u0130\u015flenen Su\u00e7larla M\u00fccadele Edilmesi Hakk\u0131nda Kanun\u201du es ge\u00e7en mahkemeler, hakaretle ilgili di\u011fer d\u00fczenlemeleri uyguluyor.<\/p>\n<p>Oysa, konuya ili\u015fkin \u00f6zel bir d\u00fczenleme getiren 5651 say\u0131l\u0131 kanunun uygulanmas\u0131 gerekir. Bu kanunda da sitelerin eri\u015fime kapat\u0131lmas\u0131 gibi bir d\u00fczenleme bulunmuyor.<\/p>\n<p>Akdeniz ve Alt\u0131parmak, hali haz\u0131rda kapat\u0131lacak siteye kapatmadan \u00f6nce savunma hakk\u0131 verilmedi\u011fine, bir\u00e7ok durumda kapatmaya gerek\u00e7e g\u00f6sterilmedi\u011fine de dikkat \u00e7ekiyordu.<\/p>\n<p>Aydo\u011fan, bianet&#8217;in yaz\u0131yla ilgili hakaret iddialar\u0131n\u0131 somutla\u015ft\u0131rma talebini de cevaps\u0131z b\u0131rakt\u0131.<br \/>\nTek sans\u00fcrc\u00fc Oktar de\u011fil!<\/p>\n<p>Harun Yahya mahlas\u0131n\u0131 da kullanan ve yarat\u0131l\u0131\u015f\u00e7\u0131l\u0131\u011f\u0131 savunan Oktar, evrim teorisi \u00fczerine \u00e7al\u0131\u015fan bilim insan\u0131 Richard Dawkins&#8217;in, E\u011fitim ve Bilim Emek\u00e7ileri Sendikas\u0131&#8217;n\u0131n (E\u011fitim-Sen) sitelerinin yan\u0131 s\u0131ra Google&#8217;\u0131n e-posta ileti\u015fim grubu Google Groups ve son olarak da bir okur yorumu nedeniyle Vatan gazetesinin internet sitesini T\u00fcrkiye&#8217;den eri\u015fime kapatt\u0131rm\u0131\u015ft\u0131.<\/p>\n<p>Mahkemeler bug\u00fcne kadar Oktar&#8217;\u0131n yan\u0131 s\u0131ra \u00e7ok \u00e7e\u015fitli \u015fikayetler \u00fczerine aralar\u0131nda YouTube, Ek\u015fiS\u00f6zl\u00fck, DailyMotion, blogger.com, geocities.com gibi payla\u015f\u0131m alanlar\u0131n\u0131n da bulundu\u011fu onlarca siteyi eri\u015fime kapatt\u0131.<\/p>\n<p>T\u00fcrkiye&#8217;den ve uluslararas\u0131 alandan ifade \u00f6zg\u00fcrl\u00fc\u011f\u00fc savunucular\u0131, akademisyenler, hukuk\u00e7ular, gazeteciler ve internet kullan\u0131c\u0131lar\u0131 yasaklara tepki g\u00f6stermi\u015fti.(E\u00dc)<\/p>\n","protected":false},"excerpt":{"rendered":"<p>Helal olsun size BiaNet grubu. T\u00fcrkiye&#8217;de \u0130nternet ve sans\u00fcr konusunda yazm\u0131\u015f oldu\u011fumuz yaz\u0131y\u0131 sans\u00fcrlettirmeye \u00e7al\u0131\u015fan Adnan Hoca ve avukatlar\u0131na en g\u00fczel cevab\u0131 yaz\u0131y\u0131 yay\u0131ndan \u00e7\u0131karmamakla verdiniz. Okuyanlar bilir, okumayanlarda okuduklar\u0131nda g\u00f6r\u00fccekler, yaz\u0131 da hakaret falan yok, yaz\u0131 da \u0130nternet \u00fczerinden yap\u0131lan hakaretlerle ilgili T\u00fcrk mahkemelerinin yanl\u0131\u015f tutumu ile ilgili ele\u015ftiri var. Yaz\u0131 da biz T\u00fcrk mahkemelerinin ki\u015fisel haklarla ilgili olarak&#8230;<\/p>\n","protected":false},"author":1,"featured_media":0,"comment_status":"open","ping_status":"closed","sticky":false,"template":"","format":"standard","meta":{"jetpack_post_was_ever_published":false,"_jetpack_newsletter_access":"","_jetpack_dont_email_post_to_subs":false,"_jetpack_newsletter_tier_id":0,"_jetpack_memberships_contains_paywalled_content":false,"_jetpack_memberships_contains_paid_content":false,"footnotes":"","jetpack_publicize_message":"","jetpack_publicize_feature_enabled":true,"jetpack_social_post_already_shared":false,"jetpack_social_options":{"image_generator_settings":{"template":"highway","default_image_id":0,"font":"","enabled":false},"version":2}},"categories":[22,34,5,21,28,3,1],"tags":[],"class_list":["post-210","post","type-post","status-publish","format-standard","hentry","category-5651-nolu-kanun","category-adnan-hoca","category-dusunce-ozgurlugu","category-erisim-engelleme","category-hakaret","category-sansur","category-uncategorized"],"jetpack_publicize_connections":[],"jetpack_featured_media_url":"","jetpack_sharing_enabled":true,"jetpack_shortlink":"https:\/\/wp.me\/p7wjA8-3o","jetpack-related-posts":[],"_links":{"self":[{"href":"https:\/\/privacy.cyber-rights.org.tr\/index.php?rest_route=\/wp\/v2\/posts\/210","targetHints":{"allow":["GET"]}}],"collection":[{"href":"https:\/\/privacy.cyber-rights.org.tr\/index.php?rest_route=\/wp\/v2\/posts"}],"about":[{"href":"https:\/\/privacy.cyber-rights.org.tr\/index.php?rest_route=\/wp\/v2\/types\/post"}],"author":[{"embeddable":true,"href":"https:\/\/privacy.cyber-rights.org.tr\/index.php?rest_route=\/wp\/v2\/users\/1"}],"replies":[{"embeddable":true,"href":"https:\/\/privacy.cyber-rights.org.tr\/index.php?rest_route=%2Fwp%2Fv2%2Fcomments&post=210"}],"version-history":[{"count":0,"href":"https:\/\/privacy.cyber-rights.org.tr\/index.php?rest_route=\/wp\/v2\/posts\/210\/revisions"}],"wp:attachment":[{"href":"https:\/\/privacy.cyber-rights.org.tr\/index.php?rest_route=%2Fwp%2Fv2%2Fmedia&parent=210"}],"wp:term":[{"taxonomy":"category","embeddable":true,"href":"https:\/\/privacy.cyber-rights.org.tr\/index.php?rest_route=%2Fwp%2Fv2%2Fcategories&post=210"},{"taxonomy":"post_tag","embeddable":true,"href":"https:\/\/privacy.cyber-rights.org.tr\/index.php?rest_route=%2Fwp%2Fv2%2Ftags&post=210"}],"curies":[{"name":"wp","href":"https:\/\/api.w.org\/{rel}","templated":true}]}}