{"id":215,"date":"2008-10-31T18:52:00","date_gmt":"2008-10-31T15:52:00","guid":{"rendered":"http:\/\/privacy.cyber-rights.org.tr\/?p=215"},"modified":"2008-10-31T18:52:05","modified_gmt":"2008-10-31T15:52:05","slug":"bianet-okurlarimizdan-oktara-biz-oldukca-bianet-hep-var-olacak","status":"publish","type":"post","link":"https:\/\/privacy.cyber-rights.org.tr\/?p=215","title":{"rendered":"Bianet: Okurlar\u0131m\u0131zdan Oktar&#8217;a: Biz Olduk\u00e7a bianet Hep Var olacak!"},"content":{"rendered":"<p>Bianet okuyucular\u0131ndan Adnan Hoca&#8217;n\u0131n sans\u00fcr giri\u015fimine tepki&#8230;.<\/p>\n<p><a href=\"http:\/\/bianet.org\/bianet\/kategori\/bianet\/110582\/okurlarimizdan-oktara-biz-oldukca-bianet-hep-var-olacak\">Bianet: Okurlar\u0131m\u0131zdan Oktar&#8217;a: Biz Olduk\u00e7a bianet Hep Var olacak!<\/a>: &#8220;Okurlar\u0131m\u0131zdan Oktar&#8217;a: Biz Olduk\u00e7a bianet Hep Var olacak!<\/p>\n<p>Erin\u00e7 G\u00fczel, Serhan \u015eahin, R. G\u00f6k\u00e7e G\u00f6z\u00fcm, Onur Ya\u015far, Didem Gen\u00e7t\u00fcrk, F\u0131rat Gen\u00e7&#8230; Okur\/izleyicilerimizin Adnan Oktar&#8217;\u0131n bianet&#8217;i kapatt\u0131rma tehdidine tepkisi ortak: &#8216;\u0130leti\u015fim \u00f6zg\u00fcrl\u00fc\u011f\u00fc engellenemez. bianet&#8217;le dayan\u0131\u015fma!&#8217;<\/p>\n<p>B\u0130A Haber Merkezi &#8211; \u0130stanbul, 31 Ekim 2008, Cuma (Bawer \u00c7AKIR)<\/p>\n<p>\u2018bianet gibi say\u0131s\u0131 son derece az \u00f6zg\u00fcrl\u00fck\u00e7\u00fc, e\u015fitlik\u00e7i bir ba\u011f\u0131ms\u0131z haber sitesine y\u00f6nelik bu tehdidi k\u0131n\u0131yorum. D\u00fc\u015f\u00fcnce, ona dair duydu\u011funuz korkular\u0131n yol a\u00e7t\u0131\u011f\u0131 yapt\u0131r\u0131mlar\u0131n her t\u00fcrl\u00fcs\u00fcne direnecek ve tarih i\u00e7inde farkl\u0131 normlarda defalarca tekerr\u00fcr edecektir. Yasaklay\u0131n ya da kabul edin fark etmez.\u2019<\/p>\n<p>Adnan Oktar\u2019\u0131n bianet&#8217;i kapatt\u0131rma tehdidiyle ilgili olarak g\u00f6r\u00fc\u015f bildiren bianet okurlar\u0131ndan Erin\u00e7 G\u00fczel \u2018derneklerin kapat\u0131ld\u0131\u011f\u0131, d\u00fc\u015f\u00fcnce ve sava\u015f kar\u015f\u0131tl\u0131\u011f\u0131n\u0131n bir su\u00e7 olarak kanunla\u015ft\u0131\u011f\u0131, bilgi\/payla\u015f\u0131m\/yorum portallar\u0131n\u0131n yasakland\u0131\u011f\u0131 bu \u00fclkede, bu yapt\u0131r\u0131mlar\u0131 insan haklar\u0131, demokrasi, bireysel hak ve \u00f6zg\u00fcrl\u00fcklerin ihlali gibi kavramlar ile temize \u00e7\u0131kartmaya veya ili\u015fkilendirmeye \u00e7al\u0131\u015fmak abesle i\u015ftigaldir\u2019 diyor.<br \/>\n<!--more--><br \/>\nOkurlar\u0131m\u0131zn\/izleyicilerimizin t\u00fcm\u00fcn\u00fcn ortakla\u015ft\u0131\u011f\u0131 nokta: Art\u0131k sessiz kalmamal\u0131y\u0131z!<br \/>\n\u015eahin: \u015eapkalar\u0131m\u0131z\u0131 \u00f6n\u00fcm\u00fcze al\u0131p d\u00fc\u015f\u00fcnmeliyiz<\/p>\n<p>Bir \u015firkette proje koordinat\u00f6r\u00fc Serhan \u015eahin \u2018Ele\u015ftirmenin ve bunun da \u00f6tesinde temel \u00f6zg\u00fcrl\u00fcklerden olan haber alma, ula\u015fma ve yayma \u00f6zg\u00fcrl\u00fcklerinin bu derece ayaklar alt\u0131na al\u0131nmamas\u0131&#8217; gerekti\u011fi g\u00f6r\u00fc\u015f\u00fcnde.<\/p>\n<p>    \u2018Bana g\u00f6re \u015fapkalar\u0131m\u0131z\u0131 bilmem ka\u00e7\u0131nc\u0131 kez \u00f6n\u00fcm\u00fcze al\u0131p d\u00fc\u015f\u00fcnmemiz de\u011fil art\u0131k sesimizi \u00e7\u0131kartmam\u0131z gerekiyor.&#8217;  <\/p>\n<p>G\u00f6z\u00fcm: Kanun i\u015fine gelindi\u011fi gibi kullan\u0131l\u0131yor<\/p>\n<p>R\u00fczgar G\u00f6k\u00e7e G\u00f6z\u00fcm \u00f6\u011frenci. &#8216;bianet\u2019in ba\u011f\u0131ms\u0131z ve ana akimin d\u0131\u015f\u0131nda \u00e7izgisiyle bas\u0131nda \u00f6nemli bir denge olu\u015fturdu\u011funu&#8217; d\u00fc\u015f\u00fcn\u00fcyor. G\u00f6k\u00e7e, \u2018\u0130nternet Ortam\u0131nda Yap\u0131lan Yay\u0131nlar\u0131n D\u00fczenlenmesi ve bu Yay\u0131nlar Yoluyla \u0130\u015flenen Su\u00e7larla M\u00fccadele Edilmesi Hakk\u0131nda Kanun\u2019u &#8216;herkes i\u015fine geldi\u011fi gibi kullan\u0131yor&#8217; diyor.<br \/>\nYa\u015far: bianet\u2019i kapatabilecekleri ihtimalini sevmedim<\/p>\n<p>Bili\u015fimci Onur Ya\u015far, \u2018\u0130nternet yasaklar\u0131 \u00fclkemizde karar verici noktalar\u0131n ne kadar karanl\u0131k k\u00f6\u015felerde bulundu\u011funu \u00e7ok net g\u00f6steriyor\u2019 diyor.<\/p>\n<p>    \u2018M\u00fcvekkilinin can\u0131n\u0131 s\u0131kt\u0131 diye koskoca \u0130nternet platformlar\u0131n\u0131 kapatt\u0131rabilen avukatlar, ellerinde tutuklar\u0131 g\u00fcc\u00fc \u00f6zg\u00fcrl\u00fck savunucular\u0131n\u0131n kafalar\u0131na dayay\u0131p g\u00fcl\u00fcyorlar. \u0130\u015fin en korkuncu tehditlerinin \u00e7ok da bo\u015f olmad\u0131\u011f\u0131n\u0131, olur ya, ihtimal bu, Bianet&#8217;i dahi elimizden alabileceklerini bilmek.\u2019<\/p>\n<p>Gen\u00e7t\u00fcrk: Oktar sayesinde \u00e7ok \u015fey \u00f6\u011frendik<\/p>\n<p>Radyoculuk yapan Didem Gen\u00e7t\u00fcrk, &#8216;Oktar sayesinde teknolojik bilgim artt\u0131&#8217; diyor g\u00fclerek.<\/p>\n<p>    \u2018DNS, Proxy nedir \u00f6\u011fretti hepimize. \u00c7o\u011fumuz art\u0131k \u2018T\u00fcnel\u2019 kazmay\u0131, \u0130P de\u011fi\u015ftirmeyi biliyor. Ancak ben  bianet&#8217;i takip etmek i\u00e7in ayn\u0131 t\u00fcnellerden ge\u00e7erek, bianet\u2019e ula\u015fmak istemiyorum.\u2019<\/p>\n<p>Gen\u00e7: Bu tehditler bana polisi, Ba\u015fbakan\u0131 hat\u0131rlat\u0131yor<\/p>\n<p>\u2018Bu t\u00fcrden yasaklar\u0131n, \u00fcst\u00fc kapal\u0131 tehditlerin genel bir otoriterle\u015fme s\u00fcrecinin par\u00e7as\u0131 oldu\u011funu d\u00fc\u015f\u00fcn\u00fcyorum a\u00e7\u0131k\u00e7as\u0131.\u2019<\/p>\n<p>F\u0131rat Gen\u00e7 \u00f6\u011frenci. \u2018Avukatlar\u0131n kaleminden \u00e7\u0131kan ve neredeyse bir kabaday\u0131 efeli\u011fini and\u0131ran bu s\u00f6zleri de polisin ba\u015f\u0131na buyruk pervas\u0131zl\u0131\u011f\u0131ndan, Ba\u015fbakan\u0131n sert \u00fcslubundan, artan i\u015fkence \u015fikayetlerinden, her an kesilen \u2018kabahatler kanunu\u2019 cezalar\u0131ndan ayr\u0131 d\u00fc\u015f\u00fcnemedi\u011fini&#8217; ifade ediyor.<\/p>\n<p>\u2018Zor zamanlardan ge\u00e7iyoruz ve ge\u00e7ece\u011fiz\u2019 diyen Gen\u00e7\u2019in bianet okurlar\u0131na tavsiyesi DAYANI\u015eMA.<\/p>\n<p>\u2018bianet bu ortamda bir ada gibi. Dayan\u0131\u015fmam\u0131z\u0131 esirgememiz ve her an yan\u0131nda olmam\u0131z gerekiyor.&#8217; (B\u00c7) <\/p>\n","protected":false},"excerpt":{"rendered":"<p>Bianet okuyucular\u0131ndan Adnan Hoca&#8217;n\u0131n sans\u00fcr giri\u015fimine tepki&#8230;. Bianet: Okurlar\u0131m\u0131zdan Oktar&#8217;a: Biz Olduk\u00e7a bianet Hep Var olacak!: &#8220;Okurlar\u0131m\u0131zdan Oktar&#8217;a: Biz Olduk\u00e7a bianet Hep Var olacak! Erin\u00e7 G\u00fczel, Serhan \u015eahin, R. G\u00f6k\u00e7e G\u00f6z\u00fcm, Onur Ya\u015far, Didem Gen\u00e7t\u00fcrk, F\u0131rat Gen\u00e7&#8230; Okur\/izleyicilerimizin Adnan Oktar&#8217;\u0131n bianet&#8217;i kapatt\u0131rma tehdidine tepkisi ortak: &#8216;\u0130leti\u015fim \u00f6zg\u00fcrl\u00fc\u011f\u00fc engellenemez. bianet&#8217;le dayan\u0131\u015fma!&#8217; B\u0130A Haber Merkezi &#8211; \u0130stanbul, 31 Ekim 2008, Cuma (Bawer&#8230;<\/p>\n","protected":false},"author":1,"featured_media":0,"comment_status":"open","ping_status":"closed","sticky":false,"template":"","format":"standard","meta":{"jetpack_post_was_ever_published":false,"_jetpack_newsletter_access":"","_jetpack_dont_email_post_to_subs":false,"_jetpack_newsletter_tier_id":0,"_jetpack_memberships_contains_paywalled_content":false,"_jetpack_memberships_contains_paid_content":false,"footnotes":"","jetpack_publicize_message":"","jetpack_publicize_feature_enabled":true,"jetpack_social_post_already_shared":false,"jetpack_social_options":{"image_generator_settings":{"template":"highway","default_image_id":0,"font":"","enabled":false},"version":2}},"categories":[34,44,5,21,28],"tags":[],"class_list":["post-215","post","type-post","status-publish","format-standard","hentry","category-adnan-hoca","category-bianet","category-dusunce-ozgurlugu","category-erisim-engelleme","category-hakaret"],"jetpack_publicize_connections":[],"jetpack_featured_media_url":"","jetpack_sharing_enabled":true,"jetpack_shortlink":"https:\/\/wp.me\/p7wjA8-3t","jetpack-related-posts":[],"_links":{"self":[{"href":"https:\/\/privacy.cyber-rights.org.tr\/index.php?rest_route=\/wp\/v2\/posts\/215","targetHints":{"allow":["GET"]}}],"collection":[{"href":"https:\/\/privacy.cyber-rights.org.tr\/index.php?rest_route=\/wp\/v2\/posts"}],"about":[{"href":"https:\/\/privacy.cyber-rights.org.tr\/index.php?rest_route=\/wp\/v2\/types\/post"}],"author":[{"embeddable":true,"href":"https:\/\/privacy.cyber-rights.org.tr\/index.php?rest_route=\/wp\/v2\/users\/1"}],"replies":[{"embeddable":true,"href":"https:\/\/privacy.cyber-rights.org.tr\/index.php?rest_route=%2Fwp%2Fv2%2Fcomments&post=215"}],"version-history":[{"count":0,"href":"https:\/\/privacy.cyber-rights.org.tr\/index.php?rest_route=\/wp\/v2\/posts\/215\/revisions"}],"wp:attachment":[{"href":"https:\/\/privacy.cyber-rights.org.tr\/index.php?rest_route=%2Fwp%2Fv2%2Fmedia&parent=215"}],"wp:term":[{"taxonomy":"category","embeddable":true,"href":"https:\/\/privacy.cyber-rights.org.tr\/index.php?rest_route=%2Fwp%2Fv2%2Fcategories&post=215"},{"taxonomy":"post_tag","embeddable":true,"href":"https:\/\/privacy.cyber-rights.org.tr\/index.php?rest_route=%2Fwp%2Fv2%2Ftags&post=215"}],"curies":[{"name":"wp","href":"https:\/\/api.w.org\/{rel}","templated":true}]}}