{"id":217,"date":"2008-10-31T19:06:55","date_gmt":"2008-10-31T16:06:55","guid":{"rendered":"http:\/\/privacy.cyber-rights.org.tr\/?p=217"},"modified":"2008-10-31T19:06:58","modified_gmt":"2008-10-31T16:06:58","slug":"collectifvanorg-turquie-bianet-menace-de-censure","status":"publish","type":"post","link":"https:\/\/privacy.cyber-rights.org.tr\/?p=217","title":{"rendered":"CollectifVAN.org: Turquie: Bianet menac\u00e9 de censure"},"content":{"rendered":"<p>Bu da Frans\u0131zca anl\u0131yanlar i\u00e7in&#8230;.<\/p>\n<p><a href=\"http:\/\/collectifvan.org\/article.php?r=0&#038;id=23206\">CollectifVAN.org<\/a>: &#8220;Turquie: Bianet menac\u00e9 de censure<\/p>\n<p>Publi\u00e9 le : 31-10-2008<\/p>\n<p>Info Collectif VAN &#8211; www.collectifvan.org &#8211; Le Collectif VAN vous invite \u00e0 lire ce Communiqu\u00e9 de Presse paru sur le site de Reporters sans fronti\u00e8res du 31 octobre 2008.<\/p>\n<p>Turquie: le site Internet d\u2019informations Bianet menac\u00e9 de censure<\/p>\n<p>Le 28 octobre 2008, les avocats du leader religieux cr\u00e9ationniste Adnan Oktar, ont demand\u00e9 au site d\u2019informations Bianet.org de retirer un article sur la censure en ligne, co-sign\u00e9 par Yaman Akdeniz et Kerem Altiparmak, deux juristes sp\u00e9cialis\u00e9s sur la question du droit de l\u2019Internet.<\/p>\n<p>\u2018Adnan Oktar est maintenant le d\u00e9tenteur du record de poursuites judiciaires \u00e0 l\u2019encontre de sites Internet mentionnant son nom. Il en a d\u00e9j\u00e0 intent\u00e9 62. Nous soutenons Bianet dans sa d\u00e9marche pour lutter contre cette censure absurde\u2019, a d\u00e9clar\u00e9 Reporters sans fronti\u00e8res. Le 20 octobre, Bianet.org a publi\u00e9 un article intitul\u00e9 \u2018Adnan Hodja contre l\u2019Internet : toutes les interdictions contraires au droit\u2019, dans lequel les deux auteurs critiquent les proc\u00e9dures judiciaires dont sont victimes certains sites Internet et d\u00e9noncent l\u2019arbitraire avec lequel les sites sont ferm\u00e9s, notamment ceux incrimin\u00e9s par Adnan Oktar.<\/p>\n<p>Yaman Akdeniz est professeur de droit de l\u2019Internet \u00e0 l\u2019universit\u00e9 de Leeds (Grande-bretagne). Kerem Altiparmak est professeur de droit \u00e0 la facult\u00e9 de sciences politiques d\u2019Ankara.<\/p>\n","protected":false},"excerpt":{"rendered":"<p>Bu da Frans\u0131zca anl\u0131yanlar i\u00e7in&#8230;. CollectifVAN.org: &#8220;Turquie: Bianet menac\u00e9 de censure Publi\u00e9 le : 31-10-2008 Info Collectif VAN &#8211; www.collectifvan.org &#8211; Le Collectif VAN vous invite \u00e0 lire ce Communiqu\u00e9 de Presse paru sur le site de Reporters sans fronti\u00e8res du 31 octobre 2008. Turquie: le site Internet d\u2019informations Bianet menac\u00e9 de censure Le 28 octobre 2008, les avocats du&#8230;<\/p>\n","protected":false},"author":1,"featured_media":0,"comment_status":"open","ping_status":"closed","sticky":false,"template":"","format":"standard","meta":{"jetpack_post_was_ever_published":false,"_jetpack_newsletter_access":"","_jetpack_dont_email_post_to_subs":false,"_jetpack_newsletter_tier_id":0,"_jetpack_memberships_contains_paywalled_content":false,"_jetpack_memberships_contains_paid_content":false,"footnotes":"","jetpack_publicize_message":"","jetpack_publicize_feature_enabled":true,"jetpack_social_post_already_shared":false,"jetpack_social_options":{"image_generator_settings":{"template":"highway","default_image_id":0,"font":"","enabled":false},"version":2}},"categories":[34,23,6,5,21,3],"tags":[],"class_list":["post-217","post","type-post","status-publish","format-standard","hentry","category-adnan-hoca","category-blocking-and-filtering","category-censorship","category-dusunce-ozgurlugu","category-erisim-engelleme","category-sansur"],"jetpack_publicize_connections":[],"jetpack_featured_media_url":"","jetpack_sharing_enabled":true,"jetpack_shortlink":"https:\/\/wp.me\/p7wjA8-3v","jetpack-related-posts":[],"_links":{"self":[{"href":"https:\/\/privacy.cyber-rights.org.tr\/index.php?rest_route=\/wp\/v2\/posts\/217","targetHints":{"allow":["GET"]}}],"collection":[{"href":"https:\/\/privacy.cyber-rights.org.tr\/index.php?rest_route=\/wp\/v2\/posts"}],"about":[{"href":"https:\/\/privacy.cyber-rights.org.tr\/index.php?rest_route=\/wp\/v2\/types\/post"}],"author":[{"embeddable":true,"href":"https:\/\/privacy.cyber-rights.org.tr\/index.php?rest_route=\/wp\/v2\/users\/1"}],"replies":[{"embeddable":true,"href":"https:\/\/privacy.cyber-rights.org.tr\/index.php?rest_route=%2Fwp%2Fv2%2Fcomments&post=217"}],"version-history":[{"count":0,"href":"https:\/\/privacy.cyber-rights.org.tr\/index.php?rest_route=\/wp\/v2\/posts\/217\/revisions"}],"wp:attachment":[{"href":"https:\/\/privacy.cyber-rights.org.tr\/index.php?rest_route=%2Fwp%2Fv2%2Fmedia&parent=217"}],"wp:term":[{"taxonomy":"category","embeddable":true,"href":"https:\/\/privacy.cyber-rights.org.tr\/index.php?rest_route=%2Fwp%2Fv2%2Fcategories&post=217"},{"taxonomy":"post_tag","embeddable":true,"href":"https:\/\/privacy.cyber-rights.org.tr\/index.php?rest_route=%2Fwp%2Fv2%2Ftags&post=217"}],"curies":[{"name":"wp","href":"https:\/\/api.w.org\/{rel}","templated":true}]}}