{"id":22,"date":"2008-06-05T00:36:34","date_gmt":"2008-06-04T21:36:34","guid":{"rendered":"http:\/\/privacy.cyber-rights.org.tr\/?p=22"},"modified":"2008-06-05T00:36:36","modified_gmt":"2008-06-04T21:36:36","slug":"medyakronik-youtube%e2%80%99a-erisim-yakinda-saglanabilir","status":"publish","type":"post","link":"https:\/\/privacy.cyber-rights.org.tr\/?p=22","title":{"rendered":"MedyaKronik: YouTube\u2019a eri\u015fim yak\u0131nda sa\u011flanabilir"},"content":{"rendered":"<p><a href=\"http:\/\/www.medyakronik.com\/haber\/738\/\">MedyaKronik | YouTube\u2019a eri\u015fim yak\u0131nda sa\u011flanabilir<\/a>: &#8220;4\/06\/08 &#8211; 20:11<\/p>\n<p>AA<\/p>\n<p>Atat\u00fcrk\u2019e hakaret i\u00e7eren videolar yay\u0131nland\u0131\u011f\u0131 i\u00e7in, \u00e7e\u015fitli mahkemelerce eri\u015fim yasa\u011f\u0131 konulan video payla\u015f\u0131m sitesi youtube yetkilileri bir a\u00e7\u0131klama yaparak, T\u00fcrkiye\u2019deki kullan\u0131c\u0131lar\u0131n eri\u015fimini sa\u011flayabilmek i\u00e7in \u00e7al\u0131\u015fmalar yapt\u0131klar\u0131n\u0131 duyurdu. Kapatma kararlar\u0131na neden olan videolar\u0131n incelendi\u011fi belirtilen a\u00e7\u0131klamada, \u2018T\u00fcrkiye\u2019de en k\u0131sa s\u00fcrede eri\u015fimin tekrar sa\u011flanmas\u0131n\u0131 bekliyoruz. YouTube olarak T\u00fcrk kanunlar\u0131na ayk\u0131r\u0131 i\u00e7eri\u011fe ili\u015fkin sorunlar\u0131 gidermek i\u00e7in i\u015fbirli\u011fine haz\u0131r\u0131z\u2019 denildi.<\/p>\n<p>\u2018Gerekti\u011finde video kald\u0131r\u0131labilir\u2019<\/p>\n<p>YouTube\u2019dan yap\u0131lan yaz\u0131l\u0131 a\u00e7\u0131klamada, T\u00fcrk kullan\u0131c\u0131lar\u0131n\u0131n sitenin kendilerine sundu\u011fu servislere yo\u011fun ilgi g\u00f6sterdi\u011fi ve siteyi severek kulland\u0131klar\u0131 belirtilerek, YouTube olarak T\u00fcrkiye\u2019de ya\u015fayan farkl\u0131 kesimden bir\u00e7ok ki\u015fiye online d\u00fcnyada e\u011flenceli ve bilgilendirici video tecr\u00fcbesi ya\u015fatmaktan son derece mutlu olundu\u011fu ifade edildi. A\u00e7\u0131klamada, \u2018T\u00fcrkiye\u2019deki kullan\u0131c\u0131lar\u0131n YouTube\u2019a eri\u015fimini sa\u011flayabilmek i\u00e7in \u00e7al\u0131\u015fmalar devam ediyor\u2019 denildi. Son kapatma karar\u0131na neden olan videolar\u0131n inceledi\u011fini ve YouTube kullan\u0131m ko\u015fullar\u0131 do\u011frultusunda gerekli aksiyonlar\u0131n al\u0131nd\u0131\u011f\u0131n\u0131, YouTube\u2019a T\u00fcrkiye\u2019den k\u0131sa bir s\u00fcre i\u00e7erisinde eri\u015fimin tekrar sa\u011flanmas\u0131n\u0131n beklendi\u011fini belirtilen a\u00e7\u0131klamada, internetin herkese kendini ifade etme ve sesini duyurma olana\u011f\u0131 tan\u0131d\u0131\u011f\u0131 vurguland\u0131. Bireylerin web ortam\u0131nda kendilerini ifade etme bi\u00e7imlerinin baz\u0131 \u00fclkelerin k\u00fclt\u00fcrel ve politik konulardaki hassasiyetlerine dokundu\u011funa dikkat \u00e7ekilen a\u00e7\u0131klamada, \u2018YouTube\u2019da yer alan \u0130ngilizce, T\u00fcrk\u00e7e ya da herhangi bir dilde y\u00fcklenmi\u015f i\u00e7eri\u011fin b\u00fcy\u00fck bir \u00e7o\u011funlu\u011fu YouTube\u2019un kullan\u0131m ko\u015fullar\u0131na uygundur. Ancak bazen kullan\u0131m ko\u015fullar\u0131na ayk\u0131r\u0131 i\u00e7eri\u011fe sahip videolar da YouTube\u2019da yer alabilmektedir. Bu nedenle YouTube olarak kullan\u0131c\u0131lar\u0131m\u0131za kolayl\u0131kla, kullan\u0131m \u015fartlar\u0131m\u0131za uygun olmad\u0131klar\u0131n\u0131 d\u00fc\u015f\u00fcnd\u00fckleri videolar konusunda uyar\u0131 mesaj\u0131 g\u00f6ndermeleri imkan\u0131n\u0131 sa\u011flamakta ve sonras\u0131nda gerekti\u011finde videoyu yay\u0131ndan kald\u0131rmaktay\u0131z\u2019 denildi.<\/p>\n<p>Uyar\u0131 mesaj\u0131 g\u00f6nderilebilecek<\/p>\n<p>Yetkililer, T\u00fcrkiye\u2019den kullan\u0131c\u0131lar\u0131n YouTube\u2019a eri\u015febilmeleri, uygunsuz i\u00e7eri\u011fe sahip olduklar\u0131n\u0131 d\u00fc\u015f\u00fcnd\u00fckleri videolar konusunda uyar\u0131 mesajlar\u0131 g\u00f6ndererek, bu i\u00e7eri\u011fin h\u0131zl\u0131 bir \u015fekilde \u00e7\u0131kar\u0131lmas\u0131 konusunda yard\u0131mc\u0131 olmalar\u0131n\u0131n site a\u00e7\u0131s\u0131ndan b\u00fcy\u00fck \u00f6nem ta\u015f\u0131d\u0131\u011f\u0131n\u0131 da belirtti. Ufak bir grubun yaratt\u0131\u011f\u0131 uygunsuz i\u00e7eri\u011fin, \u00e7o\u011funlu\u011fu olu\u015fturan bir grubun YouTube kullan\u0131m\u0131n\u0131 olumsuz etkiledi\u011fini belirten yetkililer, \u2018Son bir y\u0131ld\u0131r, uygunsuz i\u00e7eri\u011fe sahip olan az say\u0131da video ile ilgili problemleri \u00e7\u00f6z\u00fcme ula\u015ft\u0131rmak, uyar\u0131 mesajlar\u0131 g\u00f6nderilen videolar\u0131n \u00e7\u0131kar\u0131lmas\u0131 i\u00e7in T\u00fcrk yetkililerle yak\u0131n bir \u015fekilde \u00e7al\u0131\u015fmaktay\u0131z. T\u00fcrk yetkililer ile bu sorunlar\u0131n giderilmesi konusunda g\u00f6r\u00fc\u015fmelerimizi d\u00fczenli olarak devam ettirmekteyiz. YouTube\u2019a T\u00fcrkiye\u2019den k\u0131sa bir s\u00fcre i\u00e7erisinde eri\u015fimin tekrar sa\u011flanmas\u0131n\u0131 bekliyoruz. YouTube olarak T\u00fcrk kanunlar\u0131na ayk\u0131r\u0131 olabilecek i\u00e7eri\u011fe ili\u015fkin sorunlar\u0131 gidermek amac\u0131 ile yetkililerle i\u015fbirli\u011fine her zaman haz\u0131r\u0131z\u2019 denildi.<\/p>\n<p>Uyar\u0131 nas\u0131l yap\u0131lacak?<\/p>\n<p>A\u00e7\u0131klamada ayr\u0131ca, YouTube\u2019da video ile ilgili uyar\u0131 mesaj\u0131 nas\u0131l g\u00f6nderilece\u011fine ili\u015fkin olarak, \u2018\u0130\u00e7erik kurallar\u0131na ayk\u0131r\u0131 videolar videonun alt\u0131ndaki \u2018flag\u2019 butonu t\u0131klanarak, kullan\u0131c\u0131 taraf\u0131ndan i\u015faretlenmektedir. \u2018Flag\u2019 b\u00f6l\u00fcm\u00fc t\u0131kland\u0131ktan sonra, se\u00e7enek penceresinden videonun hangi nedenlerden uygunsuz bulundu\u011fu sunulan se\u00e7eneklerden belirtilmelidir. (\u00d6rne\u011fin videonun i\u00e7eri\u011finde bir ki\u015fiye hakaretler var ise \u2018hate speech\u2019 se\u00e7ene\u011fi t\u0131klanmal\u0131d\u0131r) Bu uyar\u0131y\u0131 takiben gerekli incelemeler yap\u0131ld\u0131ktan sonra uygunsuz i\u00e7erikteki videolar yay\u0131ndan kald\u0131r\u0131lmaktad\u0131r\u2019 denildi.&#8221;<\/p>\n<p>(Via <a href=\"\"><\/a>.)<\/p>\n","protected":false},"excerpt":{"rendered":"<p>MedyaKronik | YouTube\u2019a eri\u015fim yak\u0131nda sa\u011flanabilir: &#8220;4\/06\/08 &#8211; 20:11 AA Atat\u00fcrk\u2019e hakaret i\u00e7eren videolar yay\u0131nland\u0131\u011f\u0131 i\u00e7in, \u00e7e\u015fitli mahkemelerce eri\u015fim yasa\u011f\u0131 konulan video payla\u015f\u0131m sitesi youtube yetkilileri bir a\u00e7\u0131klama yaparak, T\u00fcrkiye\u2019deki kullan\u0131c\u0131lar\u0131n eri\u015fimini sa\u011flayabilmek i\u00e7in \u00e7al\u0131\u015fmalar yapt\u0131klar\u0131n\u0131 duyurdu. Kapatma kararlar\u0131na neden olan videolar\u0131n incelendi\u011fi belirtilen a\u00e7\u0131klamada, \u2018T\u00fcrkiye\u2019de en k\u0131sa s\u00fcrede eri\u015fimin tekrar sa\u011flanmas\u0131n\u0131 bekliyoruz. YouTube olarak T\u00fcrk kanunlar\u0131na ayk\u0131r\u0131 i\u00e7eri\u011fe ili\u015fkin&#8230;<\/p>\n","protected":false},"author":1,"featured_media":0,"comment_status":"open","ping_status":"closed","sticky":false,"template":"","format":"standard","meta":{"jetpack_post_was_ever_published":false,"_jetpack_newsletter_access":"","_jetpack_dont_email_post_to_subs":false,"_jetpack_newsletter_tier_id":0,"_jetpack_memberships_contains_paywalled_content":false,"_jetpack_memberships_contains_paid_content":false,"footnotes":"","jetpack_publicize_message":"","jetpack_publicize_feature_enabled":true,"jetpack_social_post_already_shared":false,"jetpack_social_options":{"image_generator_settings":{"template":"highway","default_image_id":0,"font":"","enabled":false},"version":2}},"categories":[6,5,3,4],"tags":[],"class_list":["post-22","post","type-post","status-publish","format-standard","hentry","category-censorship","category-dusunce-ozgurlugu","category-sansur","category-youtube"],"jetpack_publicize_connections":[],"jetpack_featured_media_url":"","jetpack_sharing_enabled":true,"jetpack_shortlink":"https:\/\/wp.me\/p7wjA8-m","jetpack-related-posts":[],"_links":{"self":[{"href":"https:\/\/privacy.cyber-rights.org.tr\/index.php?rest_route=\/wp\/v2\/posts\/22","targetHints":{"allow":["GET"]}}],"collection":[{"href":"https:\/\/privacy.cyber-rights.org.tr\/index.php?rest_route=\/wp\/v2\/posts"}],"about":[{"href":"https:\/\/privacy.cyber-rights.org.tr\/index.php?rest_route=\/wp\/v2\/types\/post"}],"author":[{"embeddable":true,"href":"https:\/\/privacy.cyber-rights.org.tr\/index.php?rest_route=\/wp\/v2\/users\/1"}],"replies":[{"embeddable":true,"href":"https:\/\/privacy.cyber-rights.org.tr\/index.php?rest_route=%2Fwp%2Fv2%2Fcomments&post=22"}],"version-history":[{"count":0,"href":"https:\/\/privacy.cyber-rights.org.tr\/index.php?rest_route=\/wp\/v2\/posts\/22\/revisions"}],"wp:attachment":[{"href":"https:\/\/privacy.cyber-rights.org.tr\/index.php?rest_route=%2Fwp%2Fv2%2Fmedia&parent=22"}],"wp:term":[{"taxonomy":"category","embeddable":true,"href":"https:\/\/privacy.cyber-rights.org.tr\/index.php?rest_route=%2Fwp%2Fv2%2Fcategories&post=22"},{"taxonomy":"post_tag","embeddable":true,"href":"https:\/\/privacy.cyber-rights.org.tr\/index.php?rest_route=%2Fwp%2Fv2%2Ftags&post=22"}],"curies":[{"name":"wp","href":"https:\/\/api.w.org\/{rel}","templated":true}]}}