{"id":221,"date":"2008-11-02T13:24:07","date_gmt":"2008-11-02T10:24:07","guid":{"rendered":"http:\/\/privacy.cyber-rights.org.tr\/?p=221"},"modified":"2008-11-02T13:30:20","modified_gmt":"2008-11-02T10:30:20","slug":"vatan-youtube-meselesi","status":"publish","type":"post","link":"https:\/\/privacy.cyber-rights.org.tr\/?p=221","title":{"rendered":"Vatan: YouTube meselesi"},"content":{"rendered":"<p><a href=\"http:\/\/haber.gazetevatan.com\/haberdetay.asp?tarih=31.10.2008&amp;Newsid=206310&amp;Categoryid=4&amp;wid=5\">Vatan: &#8220;YouTube meselesi&#8221;<\/a><\/p>\n<p>10\/31\/2008, Z\u00fclf\u00fc L\u0130VANEL\u0130<\/p>\n<p>\u00c7oktan beri s\u00f6ylemek istedi\u011fim bir s\u00f6z var. Hayatta g\u00f6rd\u00fc\u011f\u00fcm her \u015feyin \u00f6zeti diyebilece\u011fim bir s\u00f6z:<\/p>\n<p>ESAS \u00c7EL\u0130\u015eK\u0130, GER\u00c7EKLE YALAN ARASINDA DE\u011e\u0130L, GER\u00c7EKLE DAHA DER\u0130N GER\u00c7EK ARASINDADIR.<\/p>\n<p>***<\/p>\n<p>G\u00f6rd\u00fc\u011f\u00fcm kadar\u0131yla insanlar, kavray\u0131\u015f kapasitelerine g\u00f6re herhangi bir katmandaki ger\u00e7e\u011fe sar\u0131l\u0131p, onu canla ba\u015fla savunuyorlar. Ama bilmiyorlar ki o katmandan daha derinlerde ba\u015fka ger\u00e7eklikler var. Bu ilkeyi bir\u00e7ok ki\u015fiye ve tart\u0131\u015fmaya uygulay\u0131n, bana hak vereceksiniz.<br \/>\n***<\/p>\n<p>\u00c7ok k\u00fc\u00e7\u00fck bir \u00f6rnek vereyim:<\/p>\n<p>T\u00fcrkiye\u2019nin YouTube\u2019u yasaklamas\u0131 hakl\u0131 olarak ele\u015ftiriliyor. D\u00fc\u015f\u00fcnce \u00f6zg\u00fcrl\u00fc\u011f\u00fcne bir darbe olarak alg\u0131lan\u0131yor.<\/p>\n<p>Hayat\u0131 boyunca sans\u00fcrlenmi\u015f ve sans\u00fcrle m\u00fccadele etmi\u015f bir insan olarak, benim bu g\u00f6r\u00fc\u015fe hak vermemem m\u00fcmk\u00fcn m\u00fc?<\/p>\n<p>Elbette de\u011fil.<\/p>\n<p>YouTube gibi b\u00fct\u00fcn internet siteleri \u00fczerindeki sans\u00fcr kald\u0131r\u0131lmal\u0131d\u0131r.<\/p>\n<p>Bu bir ger\u00e7ek.<br \/>\n***<\/p>\n<p><!--more--><\/p>\n<p>YouTube, \u015fa\u015f\u0131rt\u0131c\u0131 bir bi\u00e7imde d\u00fcnyadaki hi\u00e7bir yarat\u0131ya, hi\u00e7bir telif hakk\u0131na ve hi\u00e7bir fikri m\u00fclkiyete sayg\u0131 duymayan bir \u015firket.<\/p>\n<p>Eline gelen her konseri, her g\u00f6r\u00fcnt\u00fcy\u00fc, her televizyon program\u0131n\u0131 ve her \u015fark\u0131y\u0131 yay\u0131nl\u0131yor.<\/p>\n<p>Bir yerde yay\u0131nlanan klibiniz ertesi g\u00fcn YouTube\u2019da.<\/p>\n<p>Bir \u00fcniversitede konu\u015fma m\u0131 yapt\u0131n\u0131z, daha o ak\u015fam YouTube\u2019da kendinizi izleyebilirsiniz.<\/p>\n<p>Siz o g\u00f6r\u00fcnt\u00fcn\u00fcn yay\u0131n\u0131na izin verdiniz mi vermediniz mi diye ald\u0131ran yok.<\/p>\n<p>Ne besteleriniz korunuyor, ne fikri haklar\u0131n\u0131z.<\/p>\n<p>Bu, korsanl\u0131k de\u011fil mi?<\/p>\n<p>CD ve DVD\u2019leri korsan olarak \u00e7o\u011falt\u0131p sokakta satan adam\u0131n yakas\u0131na yap\u0131\u015f\u0131l\u0131yor da ayn\u0131 \u00fcr\u00fcn\u00fc b\u00fct\u00fcn d\u00fcnyada yay\u0131nlanan YouTube ya da di\u011fer payla\u015f\u0131m sitelerine ni\u00e7in bir \u015fey denmiyor.<\/p>\n<p>YouTube bug\u00fcne kadar hi\u00e7bir yarat\u0131c\u0131dan izin alm\u0131\u015f m\u0131?<\/p>\n<p>Hay\u0131r.<\/p>\n<p>Telif hakk\u0131 \u00f6demi\u015f mi?<\/p>\n<p>Yine hay\u0131r!<\/p>\n<p>O zaman, korsan, hem de d\u00fcped\u00fcz korsan.<\/p>\n<p>Ve ne yaz\u0131k ki Avrupa Birli\u011fi y\u00f6neticileri, bu hak ihlaline, bu korsanl\u0131\u011fa ye\u015fil \u0131\u015f\u0131k yak\u0131yor.<\/p>\n<p>Oysa siz kendi bestenizi yay\u0131nlamak isteseniz, binbir g\u00fc\u00e7l\u00fckle u\u011fra\u015fmak, MESAM, K\u00fclt\u00fcr Bakanl\u0131\u011f\u0131 gibi kurulu\u015flardan izin almak zorundas\u0131n\u0131z.<\/p>\n<p>Yoksa kendi eserinizi bile yay\u0131nlayamazs\u0131n\u0131z.<\/p>\n<p>\u0130\u015fte bu da derin ger\u00e7ek.<br \/>\n***<\/p>\n<p>\u0130lgili kurumlar biraz daha \u00f6zenli davransa, T\u00fcrkiye\u2019yi site yasaklayan bir devlet konumuna d\u00fc\u015f\u00fcrmek yerine, yukar\u0131daki gerek\u00e7elerle YouTube\u2019a kar\u015f\u0131 m\u00fccadele edebilir, hatta dava a\u00e7abilirdi.<\/p>\n<p>Ama yapmad\u0131lar, yasaklardan medet umdular.<\/p>\n<p>Oysa g\u00fcn\u00fcm\u00fcz teknolojisinde hi\u00e7bir \u015feyi yasaklamak m\u00fcmk\u00fcn de\u011fil.<\/p>\n<p>Ama uluslararas\u0131 hukuk m\u00fccadelesi yapmak m\u00fcmk\u00fcn.<\/p>\n<p>Z\u00fclf\u00fc L\u0130VANEL\u0130 &#8211; VATAN<\/p>\n","protected":false},"excerpt":{"rendered":"<p>Vatan: &#8220;YouTube meselesi&#8221; 10\/31\/2008, Z\u00fclf\u00fc L\u0130VANEL\u0130 \u00c7oktan beri s\u00f6ylemek istedi\u011fim bir s\u00f6z var. Hayatta g\u00f6rd\u00fc\u011f\u00fcm her \u015feyin \u00f6zeti diyebilece\u011fim bir s\u00f6z: ESAS \u00c7EL\u0130\u015eK\u0130, GER\u00c7EKLE YALAN ARASINDA DE\u011e\u0130L, GER\u00c7EKLE DAHA DER\u0130N GER\u00c7EK ARASINDADIR. *** G\u00f6rd\u00fc\u011f\u00fcm kadar\u0131yla insanlar, kavray\u0131\u015f kapasitelerine g\u00f6re herhangi bir katmandaki ger\u00e7e\u011fe sar\u0131l\u0131p, onu canla ba\u015fla savunuyorlar. Ama bilmiyorlar ki o katmandan daha derinlerde ba\u015fka ger\u00e7eklikler var. Bu ilkeyi&#8230;<\/p>\n","protected":false},"author":1,"featured_media":0,"comment_status":"open","ping_status":"closed","sticky":false,"template":"","format":"standard","meta":{"jetpack_post_was_ever_published":false,"_jetpack_newsletter_access":"","_jetpack_dont_email_post_to_subs":false,"_jetpack_newsletter_tier_id":0,"_jetpack_memberships_contains_paywalled_content":false,"_jetpack_memberships_contains_paid_content":false,"footnotes":"","jetpack_publicize_message":"","jetpack_publicize_feature_enabled":true,"jetpack_social_post_already_shared":false,"jetpack_social_options":{"image_generator_settings":{"template":"highway","default_image_id":0,"font":"","enabled":false},"version":2}},"categories":[36,3,4],"tags":[],"class_list":["post-221","post","type-post","status-publish","format-standard","hentry","category-fikri-haklar","category-sansur","category-youtube"],"jetpack_publicize_connections":[],"jetpack_featured_media_url":"","jetpack_sharing_enabled":true,"jetpack_shortlink":"https:\/\/wp.me\/p7wjA8-3z","jetpack-related-posts":[],"_links":{"self":[{"href":"https:\/\/privacy.cyber-rights.org.tr\/index.php?rest_route=\/wp\/v2\/posts\/221","targetHints":{"allow":["GET"]}}],"collection":[{"href":"https:\/\/privacy.cyber-rights.org.tr\/index.php?rest_route=\/wp\/v2\/posts"}],"about":[{"href":"https:\/\/privacy.cyber-rights.org.tr\/index.php?rest_route=\/wp\/v2\/types\/post"}],"author":[{"embeddable":true,"href":"https:\/\/privacy.cyber-rights.org.tr\/index.php?rest_route=\/wp\/v2\/users\/1"}],"replies":[{"embeddable":true,"href":"https:\/\/privacy.cyber-rights.org.tr\/index.php?rest_route=%2Fwp%2Fv2%2Fcomments&post=221"}],"version-history":[{"count":0,"href":"https:\/\/privacy.cyber-rights.org.tr\/index.php?rest_route=\/wp\/v2\/posts\/221\/revisions"}],"wp:attachment":[{"href":"https:\/\/privacy.cyber-rights.org.tr\/index.php?rest_route=%2Fwp%2Fv2%2Fmedia&parent=221"}],"wp:term":[{"taxonomy":"category","embeddable":true,"href":"https:\/\/privacy.cyber-rights.org.tr\/index.php?rest_route=%2Fwp%2Fv2%2Fcategories&post=221"},{"taxonomy":"post_tag","embeddable":true,"href":"https:\/\/privacy.cyber-rights.org.tr\/index.php?rest_route=%2Fwp%2Fv2%2Ftags&post=221"}],"curies":[{"name":"wp","href":"https:\/\/api.w.org\/{rel}","templated":true}]}}