{"id":222,"date":"2008-11-03T19:31:30","date_gmt":"2008-11-03T16:31:30","guid":{"rendered":"http:\/\/privacy.cyber-rights.org.tr\/?p=222"},"modified":"2008-11-03T19:32:47","modified_gmt":"2008-11-03T16:32:47","slug":"beyoglunda-bir-yer-gundelik-yasam-milliyet-blog","status":"publish","type":"post","link":"https:\/\/privacy.cyber-rights.org.tr\/?p=222","title":{"rendered":"Ezgi Umut&#8217;tan medyaya Bianet sans\u00fcr\u00fcne sessiz kalmas\u0131 konusunda ele\u015ftiri"},"content":{"rendered":"<p>Say\u0131n Ezgi Umut Milliyet&#8217;teki blog yaz\u0131s\u0131nda (Beyo\u011flu&#8217;nda Bir Yer \/ G\u00fcndelik Ya\u015fam \/ Milliyet Blog) bizim medyan\u0131n Bianet&#8217;e yap\u0131lan sans\u00fcr giri\u015fimine sessiz kalmas\u0131n\u0131 ele\u015ftirmi\u015f. Medyadan ses \u00e7\u0131kmas\u0131 i\u00e7in sitelerin toptan kapat\u0131lmas\u0131 m\u0131 gerekiyor yoksa Adnan Hoca&#8217;n\u0131n avukatlar\u0131n\u0131n tutumunu ele\u015ftirirsek acaba bizim sitemizi de kaparlar m\u0131 korkusu var?<\/p>\n<p><a href=\"http:\/\/blog.milliyet.com.tr\/Blog.aspx?BlogNo=142017\">Beyo\u011flu&#8217;nda Bir Yer \/ G\u00fcndelik Ya\u015fam \/ Milliyet Blog<\/a><\/p>\n<p>&#8220;\u0130\u015fte blog\u00e7u olman\u0131n g\u00fczel yan\u0131. Ger\u00e7ekten i\u00e7inizden ge\u00e7enleri yazabildi\u011finiz \u00f6zg\u00fcr bir ortam sunuyor bloglar. Bir gazete yazar\u0131 b\u00f6ylesi \u015feyleri gazetede anlatamaz o da ancak bloglar\u0131nda yazabilir de\u011fil mi? Neyse ki gazete yazarlar\u0131 da bizim s\u00f6zc\u00fcklerimizle blogger&#8217;in kapat\u0131lmas\u0131n\u0131 protesto etmeye ba\u015flam\u0131\u015flar sat\u0131r aralar\u0131nda olsa bile. Bu elbette sevindirici &#8230; <strong>Bianette<\/strong> \u00e7\u0131kan bir haber ise d\u00fc\u015f\u00fcnd\u00fcr\u00fcc\u00fc. Eri\u015fim yasaklar\u0131n\u0131n boyutlar\u0131 a\u00e7\u0131s\u0131ndan da d\u00fc\u015f\u00fcnd\u00fcr\u00fcc\u00fc, geldi\u011fi konum itibari ile de d\u00fc\u015f\u00fcnd\u00fcr\u00fcc\u00fc. Haber S\u0131n\u0131rs\u0131z Gazeteciler ile ilgili. &#8220;Adnan Oktar&#8217;\u0131n bianet&#8217;te \u00e7\u0131kan <strong>Yaman Akdeniz ve Kerem Alt\u0131parmak&#8217;a <\/strong>ait bir yaz\u0131y\u0131 yay\u0131ndan kald\u0131rtmaya \u00e7al\u0131\u015fmas\u0131na tepki g\u00f6steren RSF, &#8220;<strong>Abs\u00fcrd sans\u00fcre kar\u015f\u0131 g\u00f6sterdi\u011fi yakla\u015f\u0131m\u0131nda bianet&#8217;i destekliyoruz<\/strong>&#8221; dedi.&#8221; *** <strong>Bunu S\u0131rs\u0131z Gazetecilerin s\u00f6yleyip, bizim bas\u0131n\u0131m\u0131z\u0131n sessiz kalmas\u0131 da<br \/>\nabs\u00fcrd&#8217;\u00fcn abs\u00fcrd\u00fc olmuyor mu<\/strong>?&#8221;<\/p>\n","protected":false},"excerpt":{"rendered":"<p>Say\u0131n Ezgi Umut Milliyet&#8217;teki blog yaz\u0131s\u0131nda (Beyo\u011flu&#8217;nda Bir Yer \/ G\u00fcndelik Ya\u015fam \/ Milliyet Blog) bizim medyan\u0131n Bianet&#8217;e yap\u0131lan sans\u00fcr giri\u015fimine sessiz kalmas\u0131n\u0131 ele\u015ftirmi\u015f. Medyadan ses \u00e7\u0131kmas\u0131 i\u00e7in sitelerin toptan kapat\u0131lmas\u0131 m\u0131 gerekiyor yoksa Adnan Hoca&#8217;n\u0131n avukatlar\u0131n\u0131n tutumunu ele\u015ftirirsek acaba bizim sitemizi de kaparlar m\u0131 korkusu var? Beyo\u011flu&#8217;nda Bir Yer \/ G\u00fcndelik Ya\u015fam \/ Milliyet Blog &#8220;\u0130\u015fte blog\u00e7u olman\u0131n g\u00fczel&#8230;<\/p>\n","protected":false},"author":1,"featured_media":0,"comment_status":"open","ping_status":"closed","sticky":false,"template":"","format":"standard","meta":{"jetpack_post_was_ever_published":false,"_jetpack_newsletter_access":"","_jetpack_dont_email_post_to_subs":false,"_jetpack_newsletter_tier_id":0,"_jetpack_memberships_contains_paywalled_content":false,"_jetpack_memberships_contains_paid_content":false,"footnotes":"","jetpack_publicize_message":"","jetpack_publicize_feature_enabled":true,"jetpack_social_post_already_shared":false,"jetpack_social_options":{"image_generator_settings":{"template":"highway","default_image_id":0,"font":"","enabled":false},"version":2}},"categories":[34,5,21,3],"tags":[],"class_list":["post-222","post","type-post","status-publish","format-standard","hentry","category-adnan-hoca","category-dusunce-ozgurlugu","category-erisim-engelleme","category-sansur"],"jetpack_publicize_connections":[],"jetpack_featured_media_url":"","jetpack_sharing_enabled":true,"jetpack_shortlink":"https:\/\/wp.me\/p7wjA8-3A","jetpack-related-posts":[],"_links":{"self":[{"href":"https:\/\/privacy.cyber-rights.org.tr\/index.php?rest_route=\/wp\/v2\/posts\/222","targetHints":{"allow":["GET"]}}],"collection":[{"href":"https:\/\/privacy.cyber-rights.org.tr\/index.php?rest_route=\/wp\/v2\/posts"}],"about":[{"href":"https:\/\/privacy.cyber-rights.org.tr\/index.php?rest_route=\/wp\/v2\/types\/post"}],"author":[{"embeddable":true,"href":"https:\/\/privacy.cyber-rights.org.tr\/index.php?rest_route=\/wp\/v2\/users\/1"}],"replies":[{"embeddable":true,"href":"https:\/\/privacy.cyber-rights.org.tr\/index.php?rest_route=%2Fwp%2Fv2%2Fcomments&post=222"}],"version-history":[{"count":0,"href":"https:\/\/privacy.cyber-rights.org.tr\/index.php?rest_route=\/wp\/v2\/posts\/222\/revisions"}],"wp:attachment":[{"href":"https:\/\/privacy.cyber-rights.org.tr\/index.php?rest_route=%2Fwp%2Fv2%2Fmedia&parent=222"}],"wp:term":[{"taxonomy":"category","embeddable":true,"href":"https:\/\/privacy.cyber-rights.org.tr\/index.php?rest_route=%2Fwp%2Fv2%2Fcategories&post=222"},{"taxonomy":"post_tag","embeddable":true,"href":"https:\/\/privacy.cyber-rights.org.tr\/index.php?rest_route=%2Fwp%2Fv2%2Ftags&post=222"}],"curies":[{"name":"wp","href":"https:\/\/api.w.org\/{rel}","templated":true}]}}