{"id":224,"date":"2008-11-04T21:28:15","date_gmt":"2008-11-04T18:28:15","guid":{"rendered":"http:\/\/privacy.cyber-rights.org.tr\/?p=224"},"modified":"2008-11-04T21:28:19","modified_gmt":"2008-11-04T18:28:19","slug":"cnnturk-erisim-engellemelerine-tepkiler-suruyor","status":"publish","type":"post","link":"https:\/\/privacy.cyber-rights.org.tr\/?p=224","title":{"rendered":"CNNT\u00fcrk: Eri\u015fim engellemelerine tepkiler s\u00fcr\u00fcyor"},"content":{"rendered":"<p><a href=\"http:\/\/cnnturk.com\/HaberDetay\/bilim_teknoloji\/157\/teknoloji\/272\/erisim_engellemelerine_tepkiler_suruyor\/498852\/0\">CNNT\u00fcrk: Eri\u015fim engellemelerine tepkiler s\u00fcr\u00fcyor<\/a><\/p>\n<p>T\u00fcrkiye Bili\u015fim Vakf\u0131 (TBV) Ba\u015fkan\u0131 Faruk Eczac\u0131ba\u015f\u0131, eri\u015fimin engellenmesi karar\u0131n\u0131n, temel hak ve \u00f6zg\u00fcrl\u00fckleri s\u0131n\u0131rland\u0131rd\u0131\u011f\u0131n\u0131, bu kararlara dayanak yap\u0131lan yasal mevzuat\u0131n d\u00fczenlenmesi ve yorumlanmas\u0131nda \u00f6l\u00e7\u00fctler ve s\u0131n\u0131rlar bulundu\u011funu belirtti.<\/p>\n<p>Faruk Eczac\u0131ba\u015f\u0131, yapt\u0131\u011f\u0131 yaz\u0131l\u0131 a\u00e7\u0131klamada, TBV&#8217;nin, T\u00fcrkiye&#8217;deki internet kullan\u0131c\u0131lar\u0131n\u0131n ba\u015fta Anayasa ile teminat alt\u0131na al\u0131nan evrensel insan haklar\u0131 ilkelerinden d\u00fc\u015f\u00fcnce ve kanaat h\u00fcrriyetleri ile d\u00fc\u015f\u00fcnceyi a\u00e7\u0131klama ve yayma h\u00fcrriyetlerinin, eri\u015fimin engellenmesi kararlar\u0131 ile &#8216;\u00f6l\u00e7\u00fcs\u00fczce&#8217; k\u0131s\u0131tland\u0131\u011f\u0131 bir ortam\u0131n yarat\u0131lmas\u0131n\u0131n \u00fcz\u00fcnt\u00fcs\u00fcn\u00fc duydu\u011funu ifade etti.<\/p>\n<p>TBV&#8217;nin, \u00e7a\u011fda\u015f normlar ile demokratik hukuk devletinin t\u00fcm kurumlar\u0131yla i\u015fletilmesi i\u00e7in verilen yarg\u0131 kararlar\u0131na sayg\u0131s\u0131n\u0131n sonsuz oldu\u011funu belirten Eczac\u0131ba\u015f\u0131, \u015funlar\u0131 kaydetti:<\/p>\n<p>&#8216;Ancak, eri\u015fimin engellenmesi karar\u0131, temel hak ve \u00f6zg\u00fcrl\u00fckleri s\u0131n\u0131rland\u0131ran bir karard\u0131r. Bu kararlara dayanak yap\u0131lan yasal mevzuat\u0131n d\u00fczenlenmesi ve yorumlanmas\u0131nda \u00f6l\u00e7\u00fctler ve s\u0131n\u0131rlar vard\u0131r. Anayasam\u0131z\u0131n 26\/2&#8217;nci maddesi; d\u00fc\u015f\u00fcnce ve haberleri yaymak i\u00e7in kullan\u0131lan ara\u00e7lar\u0131n (\u00f6rne\u011fin internetin) kullan\u0131lmas\u0131na ili\u015fkin d\u00fczenleme yapmay\u0131 hak ve \u00f6zg\u00fcrl\u00fckleri s\u0131n\u0131rlama olarak g\u00f6rmemekte, bu ara\u00e7lar\u0131n yay\u0131m engelleme y\u00f6n\u00fcnden k\u0131s\u0131tlayan d\u00fczenlemeleri ise hak ve \u00f6zg\u00fcrl\u00fckleri s\u0131n\u0131rland\u0131ran bir durum olarak tan\u0131mlamaktad\u0131r.<\/p>\n<p>Eri\u015fimin engellenmesi, temel hak ve \u00f6zg\u00fcrl\u00fcklerin s\u0131n\u0131rland\u0131r\u0131lmas\u0131d\u0131r. Bu s\u0131n\u0131rlama Anayasan\u0131n 13. maddesine uygun olarak ger\u00e7ekle\u015ftirilmeli; s\u0131n\u0131rlamaya dayanak yap\u0131lan kanun maddesi &#8216;Temel hak ve h\u00fcrriyetler, \u00f6zlerine dokunulmaks\u0131z\u0131n yaln\u0131zca Anayasan\u0131n ilgili maddelerinde belirtilen sebeplere ba\u011fl\u0131 olarak ve ancak kanunla s\u0131n\u0131rlanabilir. Bu s\u0131n\u0131rlamalar, Anayasan\u0131n s\u00f6z\u00fcne ve ruhuna, demokratik toplum d\u00fczeninin ve laik Cumhuriyetin gereklerine ve \u00f6l\u00e7\u00fcl\u00fcl\u00fck ilkesine ayk\u0131r\u0131 olamaz&#8217; \u015feklinde ifade edilen anayasa h\u00fckm\u00fcne ve Anayasa Mahkemesinin s\u00f6z konusu karar\u0131na uygun olarak yorumlanmal\u0131d\u0131r.&#8217;<\/p>\n<p>Hak ve \u00f6zg\u00fcrl\u00fcklerin ancak, demokratik toplum d\u00fczeninin gereklerine uygun olarak s\u0131n\u0131rland\u0131r\u0131labildi\u011fini kaydeden Eczac\u0131ba\u015f\u0131, &#8216;Demokratik hukuk devletinde, g\u00fcd\u00fclen ama\u00e7 ne olursa olsun, s\u0131n\u0131rlamalar \u00f6zg\u00fcrl\u00fc\u011f\u00fcn kullan\u0131lmas\u0131n\u0131 \u00f6l\u00e7\u00fcs\u00fcz bi\u00e7imde ortadan kald\u0131racak d\u00fczeyde olamaz&#8217; ifadesini kulland\u0131.<\/p>\n","protected":false},"excerpt":{"rendered":"<p>CNNT\u00fcrk: Eri\u015fim engellemelerine tepkiler s\u00fcr\u00fcyor T\u00fcrkiye Bili\u015fim Vakf\u0131 (TBV) Ba\u015fkan\u0131 Faruk Eczac\u0131ba\u015f\u0131, eri\u015fimin engellenmesi karar\u0131n\u0131n, temel hak ve \u00f6zg\u00fcrl\u00fckleri s\u0131n\u0131rland\u0131rd\u0131\u011f\u0131n\u0131, bu kararlara dayanak yap\u0131lan yasal mevzuat\u0131n d\u00fczenlenmesi ve yorumlanmas\u0131nda \u00f6l\u00e7\u00fctler ve s\u0131n\u0131rlar bulundu\u011funu belirtti. Faruk Eczac\u0131ba\u015f\u0131, yapt\u0131\u011f\u0131 yaz\u0131l\u0131 a\u00e7\u0131klamada, TBV&#8217;nin, T\u00fcrkiye&#8217;deki internet kullan\u0131c\u0131lar\u0131n\u0131n ba\u015fta Anayasa ile teminat alt\u0131na al\u0131nan evrensel insan haklar\u0131 ilkelerinden d\u00fc\u015f\u00fcnce ve kanaat h\u00fcrriyetleri ile d\u00fc\u015f\u00fcnceyi a\u00e7\u0131klama&#8230;<\/p>\n","protected":false},"author":1,"featured_media":0,"comment_status":"open","ping_status":"closed","sticky":false,"template":"","format":"standard","meta":{"jetpack_post_was_ever_published":false,"_jetpack_newsletter_access":"","_jetpack_dont_email_post_to_subs":false,"_jetpack_newsletter_tier_id":0,"_jetpack_memberships_contains_paywalled_content":false,"_jetpack_memberships_contains_paid_content":false,"footnotes":"","jetpack_publicize_message":"","jetpack_publicize_feature_enabled":true,"jetpack_social_post_already_shared":false,"jetpack_social_options":{"image_generator_settings":{"template":"highway","default_image_id":0,"font":"","enabled":false},"version":2}},"categories":[22,5,21,3,42],"tags":[],"class_list":["post-224","post","type-post","status-publish","format-standard","hentry","category-5651-nolu-kanun","category-dusunce-ozgurlugu","category-erisim-engelleme","category-sansur","category-sivil-toplum"],"jetpack_publicize_connections":[],"jetpack_featured_media_url":"","jetpack_sharing_enabled":true,"jetpack_shortlink":"https:\/\/wp.me\/p7wjA8-3C","jetpack-related-posts":[],"_links":{"self":[{"href":"https:\/\/privacy.cyber-rights.org.tr\/index.php?rest_route=\/wp\/v2\/posts\/224","targetHints":{"allow":["GET"]}}],"collection":[{"href":"https:\/\/privacy.cyber-rights.org.tr\/index.php?rest_route=\/wp\/v2\/posts"}],"about":[{"href":"https:\/\/privacy.cyber-rights.org.tr\/index.php?rest_route=\/wp\/v2\/types\/post"}],"author":[{"embeddable":true,"href":"https:\/\/privacy.cyber-rights.org.tr\/index.php?rest_route=\/wp\/v2\/users\/1"}],"replies":[{"embeddable":true,"href":"https:\/\/privacy.cyber-rights.org.tr\/index.php?rest_route=%2Fwp%2Fv2%2Fcomments&post=224"}],"version-history":[{"count":0,"href":"https:\/\/privacy.cyber-rights.org.tr\/index.php?rest_route=\/wp\/v2\/posts\/224\/revisions"}],"wp:attachment":[{"href":"https:\/\/privacy.cyber-rights.org.tr\/index.php?rest_route=%2Fwp%2Fv2%2Fmedia&parent=224"}],"wp:term":[{"taxonomy":"category","embeddable":true,"href":"https:\/\/privacy.cyber-rights.org.tr\/index.php?rest_route=%2Fwp%2Fv2%2Fcategories&post=224"},{"taxonomy":"post_tag","embeddable":true,"href":"https:\/\/privacy.cyber-rights.org.tr\/index.php?rest_route=%2Fwp%2Fv2%2Ftags&post=224"}],"curies":[{"name":"wp","href":"https:\/\/api.w.org\/{rel}","templated":true}]}}