{"id":232,"date":"2008-11-08T01:53:06","date_gmt":"2008-11-07T22:53:06","guid":{"rendered":"http:\/\/privacy.cyber-rights.org.tr\/?p=232"},"modified":"2008-11-08T01:53:08","modified_gmt":"2008-11-07T22:53:08","slug":"bianet-ufuk-uras-bakan-yildirima-internet-sansurunu-sordu","status":"publish","type":"post","link":"https:\/\/privacy.cyber-rights.org.tr\/?p=232","title":{"rendered":"Bianet: Ufuk Uras Bakan Y\u0131ld\u0131r\u0131m&#8217;a \u0130nternet Sans\u00fcr\u00fc&#8217;n\u00fc Sordu"},"content":{"rendered":"<p><a href=\"http:\/\/ww.bianet.org\/bianet\/kategori\/bianet\/110729\/ufuk-uras-bakan-yildirima-internet-sansurunu-sordu?from=rss\">Bianet: Ufuk Uras Bakan Y\u0131ld\u0131r\u0131m&#8217;a \u0130nternet Sans\u00fcr\u00fc&#8217;n\u00fc Sordu<\/a><\/p>\n<p>\u00d6DP lideri ve \u0130stanbul Milletvekili Ufuk Uras, Binali Y\u0131ld\u0131r\u0131m&#8217;a \u0130nternet sitelerine son d\u00f6nemde getirilen yasaklar\u0131 sordu. Uras, &#8216;Adnan Oktar&#8217;\u0131n giri\u015fimleriyle ilgili ka\u00e7 mahkeme eri\u015fim yasa\u011f\u0131 karar\u0131 alm\u0131\u015ft\u0131r?&#8217; diye sordu.<\/p>\n<p>B\u0130A Haber Merkezi &#8211; Ankara,<br \/>\n7 Kas\u0131m 2008, Cuma<\/p>\n<p>\u00d6zg\u00fcrl\u00fck ve Dayan\u0131\u015fma Partisi (\u00d6DP) Genel Ba\u015fkan\u0131 ve \u0130stanbul milletvekili Ufuk Uras, son d\u00f6nemde yayg\u0131nla\u015fan \u0130nternet yasaklar\u0131n\u0131 T\u00fcrkiye B\u00fcy\u00fck Millet Meclisi (TBMM) g\u00fcndemine ta\u015f\u0131d\u0131.<\/p>\n<p>Uras, Ula\u015ft\u0131rma Bakan\u0131 Binali Y\u0131ld\u0131r\u0131m&#8217;\u0131n yan\u0131tlamas\u0131 istemiyle TBMM Ba\u015fkanl\u0131\u011f\u0131na sundu\u011fu soru \u00f6nergesinde, youtube.com, kliptube.com, dailymotion.com, geocities.com ve Google Groups gibi pek \u00e7ok \u0130nternet hizmet sitesinin yay\u0131n\u0131n\u0131n, \u00e7e\u015fitli s\u00fcrelerle kesintiye u\u011frad\u0131\u011f\u0131n\u0131, bir b\u00f6l\u00fcm\u00fcn\u00fcn ise halen T\u00fcrkiye&#8217;den eri\u015filmez durumda bulundu\u011funu kaydetti.<\/p>\n<p>Bu eri\u015fim yasaklar\u0131n\u0131n bir b\u00f6l\u00fcm\u00fcnde Adnan Oktar&#8217;\u0131n ad\u0131n\u0131n ge\u00e7ti\u011fini ileri s\u00fcren Uras, son alt\u0131 ayda Adnan Oktar&#8217;\u0131n, &#8216;ki\u015filik haklar\u0131na sald\u0131r\u0131&#8217; ve &#8216;hakaret&#8217; gibi gerek\u00e7elerle \u0130nternet sitelerine y\u00f6nelik ka\u00e7 tedbir karar\u0131 ald\u0131rd\u0131\u011f\u0131n\u0131 sordu.<br \/>\nUfuk Uras&#8217;\u0131n Bakan Y\u0131ld\u0131r\u0131m&#8217;a sorular\u0131<\/p>\n<p>&#8216;Adnan Oktar&#8217;\u0131n giri\u015fimleriyle ilgili ka\u00e7 mahkeme eri\u015fim yasa\u011f\u0131 karar\u0131 alm\u0131\u015ft\u0131r?<\/p>\n<p>Ka\u00e7 giri\u015fimde Gebze ve Silivri Asliye Hukuk Mahkemeleri adres olarak se\u00e7ilmi\u015ftir?<\/p>\n<p>Neden bu mahkemeler \u00d6zellikle se\u00e7ilmi\u015ftir?<\/p>\n<p>H\u00fck\u00fcmetiniz, 5651 Say\u0131l\u0131 \u0130nternet Ortam\u0131nda Yap\u0131lan Yay\u0131nlar\u0131n D\u00fczenlenmesi ve bu Yay\u0131nlar Yoluyla \u0130\u015flenen Su\u00e7larla M\u00fccadele Edilmesi Hakk\u0131nda Kanunu ne zaman de\u011fi\u015ftirmeyi d\u00fc\u015f\u00fcn\u00fcyor?<\/p>\n<p>Bakanl\u0131\u011f\u0131n\u0131z, sistematik eri\u015fim yasa\u011f\u0131 kararlar\u0131n\u0131 alan mahkemelerin bu tutumlar\u0131n\u0131n Avrupa \u0130nsan Haklar\u0131 S\u00f6zle\u015fmesine uyumu konusunda ne d\u00fc\u015f\u00fcn\u00fcyor?&#8217; (E\u00d6) <\/p>\n","protected":false},"excerpt":{"rendered":"<p>Bianet: Ufuk Uras Bakan Y\u0131ld\u0131r\u0131m&#8217;a \u0130nternet Sans\u00fcr\u00fc&#8217;n\u00fc Sordu \u00d6DP lideri ve \u0130stanbul Milletvekili Ufuk Uras, Binali Y\u0131ld\u0131r\u0131m&#8217;a \u0130nternet sitelerine son d\u00f6nemde getirilen yasaklar\u0131 sordu. Uras, &#8216;Adnan Oktar&#8217;\u0131n giri\u015fimleriyle ilgili ka\u00e7 mahkeme eri\u015fim yasa\u011f\u0131 karar\u0131 alm\u0131\u015ft\u0131r?&#8217; diye sordu. B\u0130A Haber Merkezi &#8211; Ankara, 7 Kas\u0131m 2008, Cuma \u00d6zg\u00fcrl\u00fck ve Dayan\u0131\u015fma Partisi (\u00d6DP) Genel Ba\u015fkan\u0131 ve \u0130stanbul milletvekili Ufuk Uras, son d\u00f6nemde&#8230;<\/p>\n","protected":false},"author":1,"featured_media":0,"comment_status":"open","ping_status":"closed","sticky":false,"template":"","format":"standard","meta":{"jetpack_post_was_ever_published":false,"_jetpack_newsletter_access":"","_jetpack_dont_email_post_to_subs":false,"_jetpack_newsletter_tier_id":0,"_jetpack_memberships_contains_paywalled_content":false,"_jetpack_memberships_contains_paid_content":false,"footnotes":"","jetpack_publicize_message":"","jetpack_publicize_feature_enabled":true,"jetpack_social_post_already_shared":false,"jetpack_social_options":{"image_generator_settings":{"template":"highway","default_image_id":0,"font":"","enabled":false},"version":2}},"categories":[34,21,28,3,45],"tags":[],"class_list":["post-232","post","type-post","status-publish","format-standard","hentry","category-adnan-hoca","category-erisim-engelleme","category-hakaret","category-sansur","category-tbmm"],"jetpack_publicize_connections":[],"jetpack_featured_media_url":"","jetpack_sharing_enabled":true,"jetpack_shortlink":"https:\/\/wp.me\/p7wjA8-3K","jetpack-related-posts":[],"_links":{"self":[{"href":"https:\/\/privacy.cyber-rights.org.tr\/index.php?rest_route=\/wp\/v2\/posts\/232","targetHints":{"allow":["GET"]}}],"collection":[{"href":"https:\/\/privacy.cyber-rights.org.tr\/index.php?rest_route=\/wp\/v2\/posts"}],"about":[{"href":"https:\/\/privacy.cyber-rights.org.tr\/index.php?rest_route=\/wp\/v2\/types\/post"}],"author":[{"embeddable":true,"href":"https:\/\/privacy.cyber-rights.org.tr\/index.php?rest_route=\/wp\/v2\/users\/1"}],"replies":[{"embeddable":true,"href":"https:\/\/privacy.cyber-rights.org.tr\/index.php?rest_route=%2Fwp%2Fv2%2Fcomments&post=232"}],"version-history":[{"count":0,"href":"https:\/\/privacy.cyber-rights.org.tr\/index.php?rest_route=\/wp\/v2\/posts\/232\/revisions"}],"wp:attachment":[{"href":"https:\/\/privacy.cyber-rights.org.tr\/index.php?rest_route=%2Fwp%2Fv2%2Fmedia&parent=232"}],"wp:term":[{"taxonomy":"category","embeddable":true,"href":"https:\/\/privacy.cyber-rights.org.tr\/index.php?rest_route=%2Fwp%2Fv2%2Fcategories&post=232"},{"taxonomy":"post_tag","embeddable":true,"href":"https:\/\/privacy.cyber-rights.org.tr\/index.php?rest_route=%2Fwp%2Fv2%2Ftags&post=232"}],"curies":[{"name":"wp","href":"https:\/\/api.w.org\/{rel}","templated":true}]}}