{"id":242,"date":"2008-11-14T01:29:50","date_gmt":"2008-11-13T22:29:50","guid":{"rendered":"http:\/\/privacy.cyber-rights.org.tr\/?p=242"},"modified":"2008-11-14T01:29:52","modified_gmt":"2008-11-13T22:29:52","slug":"taraf-gazetesi-e-postalar-da-takipteymis","status":"publish","type":"post","link":"https:\/\/privacy.cyber-rights.org.tr\/?p=242","title":{"rendered":"Taraf Gazetesi: E-postalar da takipteymi\u015f"},"content":{"rendered":"<p><a href=\"http:\/\/www.taraf.com.tr\/haber\/21247.htm\">Taraf Gazetesi: E-postalar da takipteymi\u015f<\/a><\/p>\n<p>Taraf\/AYLAN UNCU\/ANKARA &#8211; Istanbul &#8211; 12.11.2008<\/p>\n<p>Telekulak Ara\u015ft\u0131rma Komisyonu\u2019nun d\u00fcnk\u00fc g\u00fcndemi e-postalard\u0131. T\u0130B Ba\u015fkan\u0131 \u015eim\u015fek istihbarat kurumlar\u0131n\u0131n iste\u011fine g\u00f6re \u2018e-postalar\u0131 paketleyip g\u00f6nderdiklerini\u2019 s\u00f6yledi<\/p>\n<p>Telekom\u00fcnikasyon \u0130leti\u015fim Ba\u015fkan\u0131 (T\u0130B) Fethi \u015eim\u015fek\u2019in sorularla s\u0131k\u0131\u015ft\u0131r\u0131ld\u0131\u011f\u0131 TBMM Telekulak Ara\u015ft\u0131rma Komisyon\u2019nda milletvekilleri d\u00fcn e-postalar\u0131n da takip edip edilmedi\u011fini sordu. Emniyet Genel M\u00fcd\u00fcrl\u00fc\u011f\u00fc \u0130stihbarat Daire Ba\u015fkan\u0131 Ramazan Aky\u00fcrek\u2019in de dinlenmesinin beklendi\u011fi komisyon \u00e7al\u0131\u015fmalar\u0131na \u2018gensoru\u2019 aras\u0131 verince Aky\u00fcrek\u2019\u00fcn dinlenmesi haftaya b\u0131rak\u0131ld\u0131.<br \/>\nGe\u00e7en hafta T\u0130B Fethi \u015eim\u015fek\u2019i sorular\u0131yla terleten TBMM Telekulak Ara\u015ft\u0131rma Komisyonu bu hafta da e-postalar\u0131 tart\u0131\u015ft\u0131. Milletvekillerinin sorular\u0131n\u0131 yan\u0131tlayan \u015eim\u015fek, e-postalar\u0131n da dinleme kapsam\u0131nda oldu\u011funu belirtti.<br \/>\nCHP\u2019li Tacidar Seyhan, \u015eim\u015fek\u2019e, \u2018Hotmail, vesaire, mail okuma i\u015flemi sizde var m\u0131?\u2019 sorusunu y\u00f6neltince, \u2018Dinleme anlam\u0131nda o da. G\u00f6nderilen mesajla. Birisi sesli, birisi \u015feyli. Ayn\u0131 \u015fekilde h\u00e2kim karar\u0131 gerekiyor\u2019 dedi. \u015eim\u015fek, internet dinlemesini de yine M\u0130T,<br \/>\nEmniyet ve Jandarma istihbarat kurumlar\u0131n\u0131n istedi\u011fini belirterek, \u2018Biz sadece tan\u0131ml\u0131yoruz, yani, Internet adresini tan\u0131mlay\u0131p paketleyip g\u00f6nderiyoruz\u2019 dedi. \u015eim\u015fek, e-postalar\u0131n i\u00e7eri\u011fini bilmediklerini belirterek, \u2018Bizde tarama yok. Kelime bazl\u0131, ki\u015fi bazl\u0131 tarama yok\u2019 dedi. \u015eim\u015fek, T\u00fcrkiye genelinde ka\u00e7 mail adresinin dinlendi\u011fine ili\u015fkin bir say\u0131 vermedi.  Bunun \u00fczerine Seyhan, \u2018Ben bir iddiada bulunuyorum, benim mailim ve b\u00fct\u00fcn milletvekillerinin maili bizden \u00f6nce okunuyor\u2019 dedi. Bu s\u00f6z\u00fc destekleyen MHP\u2019li Osman Durmu\u015f da, \u2018Er mektubu, g\u00f6r\u00fclm\u00fc\u015ft\u00fcr\u2019 dedi.<\/p>\n","protected":false},"excerpt":{"rendered":"<p>Taraf Gazetesi: E-postalar da takipteymi\u015f Taraf\/AYLAN UNCU\/ANKARA &#8211; Istanbul &#8211; 12.11.2008 Telekulak Ara\u015ft\u0131rma Komisyonu\u2019nun d\u00fcnk\u00fc g\u00fcndemi e-postalard\u0131. T\u0130B Ba\u015fkan\u0131 \u015eim\u015fek istihbarat kurumlar\u0131n\u0131n iste\u011fine g\u00f6re \u2018e-postalar\u0131 paketleyip g\u00f6nderdiklerini\u2019 s\u00f6yledi Telekom\u00fcnikasyon \u0130leti\u015fim Ba\u015fkan\u0131 (T\u0130B) Fethi \u015eim\u015fek\u2019in sorularla s\u0131k\u0131\u015ft\u0131r\u0131ld\u0131\u011f\u0131 TBMM Telekulak Ara\u015ft\u0131rma Komisyon\u2019nda milletvekilleri d\u00fcn e-postalar\u0131n da takip edip edilmedi\u011fini sordu. Emniyet Genel M\u00fcd\u00fcrl\u00fc\u011f\u00fc \u0130stihbarat Daire Ba\u015fkan\u0131 Ramazan Aky\u00fcrek\u2019in de dinlenmesinin beklendi\u011fi komisyon&#8230;<\/p>\n","protected":false},"author":1,"featured_media":0,"comment_status":"open","ping_status":"closed","sticky":false,"template":"","format":"standard","meta":{"jetpack_post_was_ever_published":false,"_jetpack_newsletter_access":"","_jetpack_dont_email_post_to_subs":false,"_jetpack_newsletter_tier_id":0,"_jetpack_memberships_contains_paywalled_content":false,"_jetpack_memberships_contains_paid_content":false,"footnotes":"","jetpack_publicize_message":"","jetpack_publicize_feature_enabled":true,"jetpack_social_post_already_shared":false,"jetpack_social_options":{"image_generator_settings":{"template":"highway","default_image_id":0,"font":"","enabled":false},"version":2}},"categories":[15,19,10,14,17],"tags":[],"class_list":["post-242","post","type-post","status-publish","format-standard","hentry","category-gizli-dinleme","category-izleme","category-mahremiyet","category-telekulak","category-tib"],"jetpack_publicize_connections":[],"jetpack_featured_media_url":"","jetpack_sharing_enabled":true,"jetpack_shortlink":"https:\/\/wp.me\/p7wjA8-3U","jetpack-related-posts":[],"_links":{"self":[{"href":"https:\/\/privacy.cyber-rights.org.tr\/index.php?rest_route=\/wp\/v2\/posts\/242","targetHints":{"allow":["GET"]}}],"collection":[{"href":"https:\/\/privacy.cyber-rights.org.tr\/index.php?rest_route=\/wp\/v2\/posts"}],"about":[{"href":"https:\/\/privacy.cyber-rights.org.tr\/index.php?rest_route=\/wp\/v2\/types\/post"}],"author":[{"embeddable":true,"href":"https:\/\/privacy.cyber-rights.org.tr\/index.php?rest_route=\/wp\/v2\/users\/1"}],"replies":[{"embeddable":true,"href":"https:\/\/privacy.cyber-rights.org.tr\/index.php?rest_route=%2Fwp%2Fv2%2Fcomments&post=242"}],"version-history":[{"count":0,"href":"https:\/\/privacy.cyber-rights.org.tr\/index.php?rest_route=\/wp\/v2\/posts\/242\/revisions"}],"wp:attachment":[{"href":"https:\/\/privacy.cyber-rights.org.tr\/index.php?rest_route=%2Fwp%2Fv2%2Fmedia&parent=242"}],"wp:term":[{"taxonomy":"category","embeddable":true,"href":"https:\/\/privacy.cyber-rights.org.tr\/index.php?rest_route=%2Fwp%2Fv2%2Fcategories&post=242"},{"taxonomy":"post_tag","embeddable":true,"href":"https:\/\/privacy.cyber-rights.org.tr\/index.php?rest_route=%2Fwp%2Fv2%2Ftags&post=242"}],"curies":[{"name":"wp","href":"https:\/\/api.w.org\/{rel}","templated":true}]}}