{"id":247,"date":"2008-11-20T12:48:23","date_gmt":"2008-11-20T09:48:23","guid":{"rendered":"http:\/\/privacy.cyber-rights.org.tr\/?p=247"},"modified":"2008-11-20T12:48:27","modified_gmt":"2008-11-20T09:48:27","slug":"radikal-mahkeme-karariyla-dinleme-suc-degil","status":"publish","type":"post","link":"https:\/\/privacy.cyber-rights.org.tr\/?p=247","title":{"rendered":"Radikal: Mahkeme karar\u0131yla dinleme su\u00e7 de\u011fil"},"content":{"rendered":"<p><a href=\"http:\/\/www.radikal.com.tr\/Default.aspx?aType=Detay&#038;ArticleID=909079&#038;Date=20.11.2008&#038;CategoryID=77\">Radikal: Mahkeme karar\u0131yla dinleme su\u00e7 de\u011fil<\/a><\/p>\n<p>19\/11\/2008<\/p>\n<p>Ankara Cumhuriyet Ba\u015fsavc\u0131l\u0131\u011f\u0131, mahkeme karar\u0131na dayanan dinlemelerle ilgili ilgin\u00e7 bir karar ald\u0131<\/p>\n<p>ANKARA &#8211; Yarg\u0131\u00e7lar ve Savc\u0131lar Birli\u011fi (YARSAV) Ba\u015fkan\u0131 \u00d6mer Faruk Emina\u011fao\u011flu, kendi ve dernek telefonlar\u0131 ile bilgisayar yaz\u0131\u015fmalar\u0131n\u0131 mahkeme karar\u0131yla dinleyip izledikleri iddias\u0131yla M\u0130T, Emniyet ve Telekom\u00fcnikasyon \u0130leti\u015fim Ba\u015fkanl\u0131\u011f\u0131 g\u00f6revlileri hakk\u0131nda su\u00e7 duyurusunda bulunmu\u015ftu. Ba\u015fvuru \u00fczerine a\u00e7t\u0131\u011f\u0131 soru\u015fturmay\u0131 tamamlayan Ba\u015fsavc\u0131l\u0131k, talepleri \u00fczerine de olsa, \u015fik\u00e1yet edilen kurum yetkilileri mahkeme kararlar\u0131n\u0131 uygulad\u0131klar\u0131n\u0131 ve mahkeme kararlar\u0131n\u0131 uygulaman\u0131n su\u00e7 olarak nitelenemeyece\u011fi de\u011ferlendirmesinde bulundu ve kamu g\u00f6revlileri hakk\u0131nda \u2019kovu\u015fturmaya yer olmad\u0131\u011f\u0131na\u2019 karar verdi. Emina\u011fao\u011flu karara itiraz edece\u011fini a\u00e7\u0131klad\u0131.(aa)<\/p>\n","protected":false},"excerpt":{"rendered":"<p>Radikal: Mahkeme karar\u0131yla dinleme su\u00e7 de\u011fil 19\/11\/2008 Ankara Cumhuriyet Ba\u015fsavc\u0131l\u0131\u011f\u0131, mahkeme karar\u0131na dayanan dinlemelerle ilgili ilgin\u00e7 bir karar ald\u0131 ANKARA &#8211; Yarg\u0131\u00e7lar ve Savc\u0131lar Birli\u011fi (YARSAV) Ba\u015fkan\u0131 \u00d6mer Faruk Emina\u011fao\u011flu, kendi ve dernek telefonlar\u0131 ile bilgisayar yaz\u0131\u015fmalar\u0131n\u0131 mahkeme karar\u0131yla dinleyip izledikleri iddias\u0131yla M\u0130T, Emniyet ve Telekom\u00fcnikasyon \u0130leti\u015fim Ba\u015fkanl\u0131\u011f\u0131 g\u00f6revlileri hakk\u0131nda su\u00e7 duyurusunda bulunmu\u015ftu. Ba\u015fvuru \u00fczerine a\u00e7t\u0131\u011f\u0131 soru\u015fturmay\u0131 tamamlayan Ba\u015fsavc\u0131l\u0131k, talepleri&#8230;<\/p>\n","protected":false},"author":1,"featured_media":0,"comment_status":"open","ping_status":"closed","sticky":false,"template":"","format":"standard","meta":{"jetpack_post_was_ever_published":false,"_jetpack_newsletter_access":"","_jetpack_dont_email_post_to_subs":false,"_jetpack_newsletter_tier_id":0,"_jetpack_memberships_contains_paywalled_content":false,"_jetpack_memberships_contains_paid_content":false,"footnotes":"","jetpack_publicize_message":"","jetpack_publicize_feature_enabled":true,"jetpack_social_post_already_shared":false,"jetpack_social_options":{"image_generator_settings":{"template":"highway","default_image_id":0,"font":"","enabled":false},"version":2}},"categories":[15,19,14],"tags":[],"class_list":["post-247","post","type-post","status-publish","format-standard","hentry","category-gizli-dinleme","category-izleme","category-telekulak"],"jetpack_publicize_connections":[],"jetpack_featured_media_url":"","jetpack_sharing_enabled":true,"jetpack_shortlink":"https:\/\/wp.me\/p7wjA8-3Z","jetpack-related-posts":[],"_links":{"self":[{"href":"https:\/\/privacy.cyber-rights.org.tr\/index.php?rest_route=\/wp\/v2\/posts\/247","targetHints":{"allow":["GET"]}}],"collection":[{"href":"https:\/\/privacy.cyber-rights.org.tr\/index.php?rest_route=\/wp\/v2\/posts"}],"about":[{"href":"https:\/\/privacy.cyber-rights.org.tr\/index.php?rest_route=\/wp\/v2\/types\/post"}],"author":[{"embeddable":true,"href":"https:\/\/privacy.cyber-rights.org.tr\/index.php?rest_route=\/wp\/v2\/users\/1"}],"replies":[{"embeddable":true,"href":"https:\/\/privacy.cyber-rights.org.tr\/index.php?rest_route=%2Fwp%2Fv2%2Fcomments&post=247"}],"version-history":[{"count":0,"href":"https:\/\/privacy.cyber-rights.org.tr\/index.php?rest_route=\/wp\/v2\/posts\/247\/revisions"}],"wp:attachment":[{"href":"https:\/\/privacy.cyber-rights.org.tr\/index.php?rest_route=%2Fwp%2Fv2%2Fmedia&parent=247"}],"wp:term":[{"taxonomy":"category","embeddable":true,"href":"https:\/\/privacy.cyber-rights.org.tr\/index.php?rest_route=%2Fwp%2Fv2%2Fcategories&post=247"},{"taxonomy":"post_tag","embeddable":true,"href":"https:\/\/privacy.cyber-rights.org.tr\/index.php?rest_route=%2Fwp%2Fv2%2Ftags&post=247"}],"curies":[{"name":"wp","href":"https:\/\/api.w.org\/{rel}","templated":true}]}}