{"id":248,"date":"2008-11-21T12:33:39","date_gmt":"2008-11-21T09:33:39","guid":{"rendered":"http:\/\/privacy.cyber-rights.org.tr\/?p=248"},"modified":"2008-11-21T12:33:40","modified_gmt":"2008-11-21T09:33:40","slug":"basbakan-ben-youtubea-giriyorum-hurriyet","status":"publish","type":"post","link":"https:\/\/privacy.cyber-rights.org.tr\/?p=248","title":{"rendered":"Ba\u015fbakan: Ben Youtube&#8217;a giriyorum &#8211; H\u00fcrriyet"},"content":{"rendered":"<p>Ne diyeyim ki \u015fimdi?<\/p>\n<p><a href=\"http:\/\/www.hurriyet.com.tr\/teknoloji\/10411487.asp?gid=229\">Ba\u015fbakan: Ben Youtube&#8217;a giriyorum &#8211; H\u00fcrriyet<\/a>: &#8220;Ba\u015fbakan: Ben Youtube&#8217;a giriyorum<\/p>\n<p>hurriyet.com.tr\u00f6 Ba\u015fbakan: Ben Youtube&#8217;a giriyorum<br \/>\nBa\u015fbakan Erdo\u011fan&#8217;\u0131n YouTube ile ilgili s\u00f6zleri, internet politikam\u0131z\u0131n ne halde oldu\u011funu g\u00f6sterdi.<\/p>\n<p>Sayfalar\u0131m\u0131za s\u0131k s\u0131k ta\u015f\u0131d\u0131\u011f\u0131m\u0131z YouTube yasa\u011f\u0131 hakk\u0131nda, belki de bug\u00fcne kadarki en \u015fa\u015f\u0131rt\u0131c\u0131 geli\u015fmelerden biri d\u00fcn ya\u015fand\u0131. Ba\u015fbakan Recep Tayip Erdo\u011fan&#8217;\u0131n, resmi ziyaret i\u00e7in Hindistan&#8217;a giderken u\u00e7akta gazetecilerin sorular\u0131n\u0131 cevapland\u0131rd\u0131\u011f\u0131ndan bahsediliyor. Ancak haberin i\u00e7erisinde bir k\u0131s\u0131m var ki, yorum yapmaya bile gerek b\u0131rakmayacak kadar anlaml\u0131&#8230;<\/p>\n<p>T\u00fcrkiye&#8217;nin g\u00fcndemini de\u011ferlendiren Ba\u015fbakan Erdo\u011fan, sorulan siyasi bir soruya YouTube&#8217;da izledi\u011fini s\u00f6yledi\u011fi baz\u0131 videolara vurgu yaparak cevap veriyor. Bir gazetecinin bunun \u00fczerine &#8216;YouTube&#8217;a girilmiyor&#8217; demesinin ard\u0131ndan ba\u015fbakan \u015fu ilgin\u00e7 s\u00f6zleri s\u00f6yl\u00fcyor: &#8216;<strong>Ben giriyorum, siz de girin<\/strong>.&#8217;<\/p>\n<p>\u0130\u015fte bu s\u00f6zler, T\u00fcrkiye&#8217;nin internet politikas\u0131n\u0131n nerelerde oldu\u011funu net bir bi\u00e7imde g\u00f6zler \u00f6n\u00fcne seriyor. Ba\u015fbakan Erdo\u011fan bile eri\u015fim yasakl\u0131 bir siteye girdi\u011fini s\u00f6ylerken, hatta &#8216;siz de girin&#8217; diyerek herkese tavsiyede bulunurken, yetkililer site yasaklamaya devam etsinler&#8230; Nas\u0131lsa herkes bu sitelere giriyor; \u00f6yle de\u011fil mi?<\/p>\n","protected":false},"excerpt":{"rendered":"<p>Ne diyeyim ki \u015fimdi? Ba\u015fbakan: Ben Youtube&#8217;a giriyorum &#8211; H\u00fcrriyet: &#8220;Ba\u015fbakan: Ben Youtube&#8217;a giriyorum hurriyet.com.tr\u00f6 Ba\u015fbakan: Ben Youtube&#8217;a giriyorum Ba\u015fbakan Erdo\u011fan&#8217;\u0131n YouTube ile ilgili s\u00f6zleri, internet politikam\u0131z\u0131n ne halde oldu\u011funu g\u00f6sterdi. Sayfalar\u0131m\u0131za s\u0131k s\u0131k ta\u015f\u0131d\u0131\u011f\u0131m\u0131z YouTube yasa\u011f\u0131 hakk\u0131nda, belki de bug\u00fcne kadarki en \u015fa\u015f\u0131rt\u0131c\u0131 geli\u015fmelerden biri d\u00fcn ya\u015fand\u0131. Ba\u015fbakan Recep Tayip Erdo\u011fan&#8217;\u0131n, resmi ziyaret i\u00e7in Hindistan&#8217;a giderken u\u00e7akta gazetecilerin sorular\u0131n\u0131&#8230;<\/p>\n","protected":false},"author":1,"featured_media":0,"comment_status":"open","ping_status":"closed","sticky":false,"template":"","format":"standard","meta":{"jetpack_post_was_ever_published":false,"_jetpack_newsletter_access":"","_jetpack_dont_email_post_to_subs":false,"_jetpack_newsletter_tier_id":0,"_jetpack_memberships_contains_paywalled_content":false,"_jetpack_memberships_contains_paid_content":false,"footnotes":"","jetpack_publicize_message":"","jetpack_publicize_feature_enabled":true,"jetpack_social_post_already_shared":false,"jetpack_social_options":{"image_generator_settings":{"template":"highway","default_image_id":0,"font":"","enabled":false},"version":2}},"categories":[1],"tags":[],"class_list":["post-248","post","type-post","status-publish","format-standard","hentry","category-uncategorized"],"jetpack_publicize_connections":[],"jetpack_featured_media_url":"","jetpack_sharing_enabled":true,"jetpack_shortlink":"https:\/\/wp.me\/p7wjA8-40","jetpack-related-posts":[],"_links":{"self":[{"href":"https:\/\/privacy.cyber-rights.org.tr\/index.php?rest_route=\/wp\/v2\/posts\/248","targetHints":{"allow":["GET"]}}],"collection":[{"href":"https:\/\/privacy.cyber-rights.org.tr\/index.php?rest_route=\/wp\/v2\/posts"}],"about":[{"href":"https:\/\/privacy.cyber-rights.org.tr\/index.php?rest_route=\/wp\/v2\/types\/post"}],"author":[{"embeddable":true,"href":"https:\/\/privacy.cyber-rights.org.tr\/index.php?rest_route=\/wp\/v2\/users\/1"}],"replies":[{"embeddable":true,"href":"https:\/\/privacy.cyber-rights.org.tr\/index.php?rest_route=%2Fwp%2Fv2%2Fcomments&post=248"}],"version-history":[{"count":0,"href":"https:\/\/privacy.cyber-rights.org.tr\/index.php?rest_route=\/wp\/v2\/posts\/248\/revisions"}],"wp:attachment":[{"href":"https:\/\/privacy.cyber-rights.org.tr\/index.php?rest_route=%2Fwp%2Fv2%2Fmedia&parent=248"}],"wp:term":[{"taxonomy":"category","embeddable":true,"href":"https:\/\/privacy.cyber-rights.org.tr\/index.php?rest_route=%2Fwp%2Fv2%2Fcategories&post=248"},{"taxonomy":"post_tag","embeddable":true,"href":"https:\/\/privacy.cyber-rights.org.tr\/index.php?rest_route=%2Fwp%2Fv2%2Ftags&post=248"}],"curies":[{"name":"wp","href":"https:\/\/api.w.org\/{rel}","templated":true}]}}