{"id":249,"date":"2008-11-22T21:11:13","date_gmt":"2008-11-22T18:11:13","guid":{"rendered":"http:\/\/privacy.cyber-rights.org.tr\/?p=249"},"modified":"2008-11-22T21:11:16","modified_gmt":"2008-11-22T18:11:16","slug":"youtube-yasagina-yeni-imaj-hurriyet","status":"publish","type":"post","link":"https:\/\/privacy.cyber-rights.org.tr\/?p=249","title":{"rendered":"Youtube yasa\u011f\u0131na yeni imaj &#8211; H\u00fcrriyet"},"content":{"rendered":"<p><a href=\"http:\/\/www.hurriyet.com.tr\/teknoloji\/10420216.asp?gid=234\">Youtube yasa\u011f\u0131na yeni imaj &#8211; H\u00fcrriyet<\/a><\/p>\n<p>22.11.2008<\/p>\n<p>5 May\u0131s\u2019tan bu yana kapal\u0131 olan Youtube\u2019un g\u00f6r\u00fcnt\u00fcs\u00fcn\u00fc zaten unuttuk. Ama Telekom\u00fcnikasyon Kurumu Youtube\u2019un yasak sayfas\u0131n\u0131n g\u00f6r\u00fcnt\u00fcs\u00fcnden s\u0131k\u0131lm\u0131\u015f olacak ki yeni bir tasar\u0131mla kar\u015f\u0131m\u0131za \u00e7\u0131kt\u0131.<\/p>\n<p>5 May\u0131s\u2019tan bu yana Ankara 1. Sulh Ceza Mahkemesi\u2019nin ald\u0131\u011f\u0131 yasak karar\u0131ndan bu yana Youtube\u2019un ana sayfas\u0131n\u0131 g\u00f6remiyoruz. Bildi\u011finiz gibi Youtube\u2019a her girmeyi denedi\u011fimizde kar\u015f\u0131m\u0131za sevimsiz yaz\u0131larla yaz\u0131lm\u0131\u015f mahkeme kararlar\u0131 \u00e7\u0131k\u0131yor. Telekom\u00fcnikasyon Kurumu\u2019da bu g\u00f6r\u00fcnt\u00fcden s\u0131k\u0131lm\u0131\u015f olmal\u0131 ki ceza kararlar\u0131n\u0131 yaz\u0131ld\u0131\u011f\u0131 sayfalar\u0131 de\u011fi\u015ftirmeye karar vermi\u015f. <\/p>\n<p>Yeni tasar\u0131m eskisine g\u00f6re \u00e7ok daha renkli. Mor ve mavi renklerin hakim oldu\u011fu sayfa, bu sayede \u00e7ok daha ilgi \u00e7ekici olmu\u015f. Eminiz ki Youtube\u2019a girmek isteyen insanlar bu yasak sayfas\u0131nda \u00e7ok daha uzun s\u00fcre ge\u00e7ireceklerdir. Yaln\u0131z bu sayfan\u0131n okunurlu\u011fu Youtube\u2019a m\u0131 gidiyor, Telekom\u00fcnikasyon Kurumu\u2019na m\u0131 gidiyor bir bilgimiz yok. <\/p>\n<p>Yaln\u0131z yasaklamalar bu h\u0131zla giderse Telekom\u00fcnikasyon Kurumu en \u00e7ok okunan sayfalara sahip olacak. Bu nedenle bizce daha fazla \u00e7al\u0131\u015f\u0131p farkl\u0131 tasar\u0131mlar ortaya \u00e7\u0131karmalar\u0131 gerekli ki bizde bu yasak sayfalar\u0131na bak\u0131p \u2018 Acaba D\u00fcnya\u2019da neler oluyor\u2019 diye rahatl\u0131kla hayaller kurabilelim.<\/p>\n","protected":false},"excerpt":{"rendered":"<p>Youtube yasa\u011f\u0131na yeni imaj &#8211; H\u00fcrriyet 22.11.2008 5 May\u0131s\u2019tan bu yana kapal\u0131 olan Youtube\u2019un g\u00f6r\u00fcnt\u00fcs\u00fcn\u00fc zaten unuttuk. Ama Telekom\u00fcnikasyon Kurumu Youtube\u2019un yasak sayfas\u0131n\u0131n g\u00f6r\u00fcnt\u00fcs\u00fcnden s\u0131k\u0131lm\u0131\u015f olacak ki yeni bir tasar\u0131mla kar\u015f\u0131m\u0131za \u00e7\u0131kt\u0131. 5 May\u0131s\u2019tan bu yana Ankara 1. Sulh Ceza Mahkemesi\u2019nin ald\u0131\u011f\u0131 yasak karar\u0131ndan bu yana Youtube\u2019un ana sayfas\u0131n\u0131 g\u00f6remiyoruz. Bildi\u011finiz gibi Youtube\u2019a her girmeyi denedi\u011fimizde kar\u015f\u0131m\u0131za sevimsiz yaz\u0131larla yaz\u0131lm\u0131\u015f&#8230;<\/p>\n","protected":false},"author":1,"featured_media":0,"comment_status":"open","ping_status":"closed","sticky":false,"template":"","format":"standard","meta":{"jetpack_post_was_ever_published":false,"_jetpack_newsletter_access":"","_jetpack_dont_email_post_to_subs":false,"_jetpack_newsletter_tier_id":0,"_jetpack_memberships_contains_paywalled_content":false,"_jetpack_memberships_contains_paid_content":false,"footnotes":"","jetpack_publicize_message":"","jetpack_publicize_feature_enabled":true,"jetpack_social_post_already_shared":false,"jetpack_social_options":{"image_generator_settings":{"template":"highway","default_image_id":0,"font":"","enabled":false},"version":2}},"categories":[22,21,17,4],"tags":[],"class_list":["post-249","post","type-post","status-publish","format-standard","hentry","category-5651-nolu-kanun","category-erisim-engelleme","category-tib","category-youtube"],"jetpack_publicize_connections":[],"jetpack_featured_media_url":"","jetpack_sharing_enabled":true,"jetpack_shortlink":"https:\/\/wp.me\/p7wjA8-41","jetpack-related-posts":[],"_links":{"self":[{"href":"https:\/\/privacy.cyber-rights.org.tr\/index.php?rest_route=\/wp\/v2\/posts\/249","targetHints":{"allow":["GET"]}}],"collection":[{"href":"https:\/\/privacy.cyber-rights.org.tr\/index.php?rest_route=\/wp\/v2\/posts"}],"about":[{"href":"https:\/\/privacy.cyber-rights.org.tr\/index.php?rest_route=\/wp\/v2\/types\/post"}],"author":[{"embeddable":true,"href":"https:\/\/privacy.cyber-rights.org.tr\/index.php?rest_route=\/wp\/v2\/users\/1"}],"replies":[{"embeddable":true,"href":"https:\/\/privacy.cyber-rights.org.tr\/index.php?rest_route=%2Fwp%2Fv2%2Fcomments&post=249"}],"version-history":[{"count":0,"href":"https:\/\/privacy.cyber-rights.org.tr\/index.php?rest_route=\/wp\/v2\/posts\/249\/revisions"}],"wp:attachment":[{"href":"https:\/\/privacy.cyber-rights.org.tr\/index.php?rest_route=%2Fwp%2Fv2%2Fmedia&parent=249"}],"wp:term":[{"taxonomy":"category","embeddable":true,"href":"https:\/\/privacy.cyber-rights.org.tr\/index.php?rest_route=%2Fwp%2Fv2%2Fcategories&post=249"},{"taxonomy":"post_tag","embeddable":true,"href":"https:\/\/privacy.cyber-rights.org.tr\/index.php?rest_route=%2Fwp%2Fv2%2Ftags&post=249"}],"curies":[{"name":"wp","href":"https:\/\/api.w.org\/{rel}","templated":true}]}}