{"id":250,"date":"2008-11-22T21:13:06","date_gmt":"2008-11-22T18:13:06","guid":{"rendered":"http:\/\/privacy.cyber-rights.org.tr\/?p=250"},"modified":"2008-11-22T21:13:09","modified_gmt":"2008-11-22T18:13:09","slug":"turk-telekom%e2%80%99da-fisleme-iddiasi","status":"publish","type":"post","link":"https:\/\/privacy.cyber-rights.org.tr\/?p=250","title":{"rendered":"T\u00fcrk Telekom\u2019da fi\u015fleme iddias\u0131"},"content":{"rendered":"<p><a href=\"http:\/\/www.radikal.com.tr\/default.aspx?aType=HaberDetay&#038;ArticleID=909554\">T\u00fcrk Telekom\u2019da fi\u015fleme iddias\u0131<\/a>: &#8220;T\u00fcrk Telekom\u2019un \u00e7al\u0131\u015fanlar\u0131na; anne, baba, e\u015f ve karde\u015flerin bilgi ve  adreslerini isteyen \u2018G\u00fcvenlik Soru\u015fturma ve Ar\u015fiv Ara\u015ft\u0131rma Formu\u2019 doldurtmas\u0131 tepki \u00e7ekti. Haber-Sen olay i\u00e7in \u2018fi\u015fleme\u2019 dedi.&#8221;<\/p>\n<p>(Via <a href=\"http:\/\/www.radikal.com.tr\">Radikal-Rss(T\u00fcrkiye)<\/a>.)<\/p>\n","protected":false},"excerpt":{"rendered":"<p>T\u00fcrk Telekom\u2019da fi\u015fleme iddias\u0131: &#8220;T\u00fcrk Telekom\u2019un \u00e7al\u0131\u015fanlar\u0131na; anne, baba, e\u015f ve karde\u015flerin bilgi ve adreslerini isteyen \u2018G\u00fcvenlik Soru\u015fturma ve Ar\u015fiv Ara\u015ft\u0131rma Formu\u2019 doldurtmas\u0131 tepki \u00e7ekti. Haber-Sen olay i\u00e7in \u2018fi\u015fleme\u2019 dedi.&#8221; (Via Radikal-Rss(T\u00fcrkiye).)<\/p>\n","protected":false},"author":1,"featured_media":0,"comment_status":"open","ping_status":"closed","sticky":false,"template":"","format":"standard","meta":{"jetpack_post_was_ever_published":false,"_jetpack_newsletter_access":"","_jetpack_dont_email_post_to_subs":false,"_jetpack_newsletter_tier_id":0,"_jetpack_memberships_contains_paywalled_content":false,"_jetpack_memberships_contains_paid_content":false,"footnotes":"","jetpack_publicize_message":"","jetpack_publicize_feature_enabled":true,"jetpack_social_post_already_shared":false,"jetpack_social_options":{"image_generator_settings":{"template":"highway","default_image_id":0,"font":"","enabled":false},"version":2}},"categories":[19,20,10],"tags":[],"class_list":["post-250","post","type-post","status-publish","format-standard","hentry","category-izleme","category-kisisel-verilerin-korunmasi","category-mahremiyet"],"jetpack_publicize_connections":[],"jetpack_featured_media_url":"","jetpack_sharing_enabled":true,"jetpack_shortlink":"https:\/\/wp.me\/p7wjA8-42","jetpack-related-posts":[],"_links":{"self":[{"href":"https:\/\/privacy.cyber-rights.org.tr\/index.php?rest_route=\/wp\/v2\/posts\/250","targetHints":{"allow":["GET"]}}],"collection":[{"href":"https:\/\/privacy.cyber-rights.org.tr\/index.php?rest_route=\/wp\/v2\/posts"}],"about":[{"href":"https:\/\/privacy.cyber-rights.org.tr\/index.php?rest_route=\/wp\/v2\/types\/post"}],"author":[{"embeddable":true,"href":"https:\/\/privacy.cyber-rights.org.tr\/index.php?rest_route=\/wp\/v2\/users\/1"}],"replies":[{"embeddable":true,"href":"https:\/\/privacy.cyber-rights.org.tr\/index.php?rest_route=%2Fwp%2Fv2%2Fcomments&post=250"}],"version-history":[{"count":0,"href":"https:\/\/privacy.cyber-rights.org.tr\/index.php?rest_route=\/wp\/v2\/posts\/250\/revisions"}],"wp:attachment":[{"href":"https:\/\/privacy.cyber-rights.org.tr\/index.php?rest_route=%2Fwp%2Fv2%2Fmedia&parent=250"}],"wp:term":[{"taxonomy":"category","embeddable":true,"href":"https:\/\/privacy.cyber-rights.org.tr\/index.php?rest_route=%2Fwp%2Fv2%2Fcategories&post=250"},{"taxonomy":"post_tag","embeddable":true,"href":"https:\/\/privacy.cyber-rights.org.tr\/index.php?rest_route=%2Fwp%2Fv2%2Ftags&post=250"}],"curies":[{"name":"wp","href":"https:\/\/api.w.org\/{rel}","templated":true}]}}