{"id":260,"date":"2008-11-26T03:22:08","date_gmt":"2008-11-26T00:22:08","guid":{"rendered":"http:\/\/privacy.cyber-rights.org.tr\/?p=260"},"modified":"2008-11-26T03:22:10","modified_gmt":"2008-11-26T00:22:10","slug":"bilgi-teknolojileri-ve-iletisim-kurumu-itu-2008-konsey-toplantisina-katildi","status":"publish","type":"post","link":"https:\/\/privacy.cyber-rights.org.tr\/?p=260","title":{"rendered":"Bilgi Teknolojileri ve \u0130leti\u015fim Kurumu ITU 2008 Konsey Toplant\u0131s\u0131na Kat\u0131ld\u0131"},"content":{"rendered":"<p><a href=\"http:\/\/www.tk.gov.tr\/Etkinlikler\/Uluslararasi_Etkinlikler\/2008\/konferanslar\/itu.htm\">Bilgi Teknolojileri ve \u0130leti\u015fim Kurumu ITU 2008 Konsey Toplant\u0131s\u0131na Kat\u0131ld\u0131<\/a>: &#8220;Bilgi Teknolojileri ve \u0130leti\u015fim Kurumu ITU 2008 Konsey Toplant\u0131s\u0131na Kat\u0131ld\u0131 <\/p>\n<p>ITU Konsey toplant\u0131lar\u0131 12 &#8211; 21 Kas\u0131m 2008  tarihleri aras\u0131nda Cenevre\u2019de ger\u00e7ekle\u015ftirildi. Ula\u015ft\u0131rma Bakan\u0131 Binali Y\u0131ld\u0131r\u0131m ve Kurul II. Ba\u015fkan\u0131 Galip Zerey 13 Kas\u0131m 2008 tarihinde ITU Konsey Y\u00fcksek Seviyeli B\u00f6l\u00fcm\u2019e kat\u0131ld\u0131. 46 \u00fcye \u00fclkeden olu\u015fan Konsey\u2019in rol\u00fc, Birli\u011fin aktivite, politika ve stratejilerini, ICT sekt\u00f6r\u00fcndeki h\u0131zl\u0131 de\u011fi\u015fime g\u00f6re \u015fekillendirmek ve ITU\u2019nun strateji ve politikas\u0131 hakk\u0131nda bir rapor haz\u0131rlamakt\u0131r. <\/p>\n<p>Konsey\u2019in a\u00e7\u0131l\u0131\u015f\u0131n\u0131 takip eden ve ilk iki g\u00fcn\u00fc kapsayan Y\u00fcksek Seviyeli B\u00f6l\u00fcm\u2019de (YSB) stratejik \u00f6neme haiz ba\u015fl\u0131klar hakk\u0131nda kat\u0131l\u0131mc\u0131lar bilgi al\u0131\u015fveri\u015finde bulunabilme f\u0131rsat\u0131na sahip olmaktad\u0131r. Bu y\u0131l  ITU Konsey\u2019in Y\u00fcksek Seviyeli B\u00f6l\u00fcm\u00fc\u2019nde \u0130klim De\u011fi\u015fikli\u011fi ve Cyber-G\u00fcvenlik konular\u0131 tart\u0131\u015f\u0131ld\u0131. Y\u00fcksek Seviyeli B\u00f6l\u00fcm-2008\u2019e \u00fclkemiz ad\u0131na Ula\u015ft\u0131rma Bakan\u0131 Say\u0131n Binali Y\u0131ld\u0131r\u0131m kat\u0131larak; T\u00fcrkiye\u2019de internet g\u00fcvenli\u011fi konusunda yap\u0131lan \u00e7al\u0131\u015fmalar hakk\u0131nda bilgi verdi ve kat\u0131l\u0131mc\u0131lara uluslararas\u0131 i\u015fbirli\u011fi \u00f6nerilerinde bulundu. Bakan Y\u0131ld\u0131r\u0131m internette \u00fcretilen zararl\u0131 i\u00e7eri\u011fin istatistiklere girmeyecek kadar k\u00fc\u00e7\u00fck bir oran\u0131n\u0131n T\u00fcrkiye\u2019de \u00fcretildi\u011fini; T\u00fcrkiye\u2019de toplumu zararl\u0131 i\u00e7eriklerin etkisinden korumak ve internet yoluyla i\u015flenen su\u00e7larla m\u00fccadele ile ilgili yasal d\u00fczenlemenin yap\u0131lm\u0131\u015f oldu\u011funu ve \u00e7ok ba\u015far\u0131l\u0131 \u00e7al\u0131\u015fmalar ger\u00e7ekle\u015ftirildi\u011fini anlatt\u0131.<\/p>\n<p>Ula\u015ft\u0131rma Bakan\u0131 Binali Y\u0131ld\u0131r\u0131m; siber g\u00fcvenlik ve temiz internette uluslararas\u0131 i\u015fbirliklerinin \u00f6nemini vurgulad\u0131 ve T\u00fcrkiye\u2019nin bu konuda isteklili\u011fini ve kararl\u0131l\u0131\u011f\u0131n\u0131 belirtti.<\/p>\n<p><a href=\"http:\/\/www.tk.gov.tr\/Basin_Duyurular\/Foto\/Etkinlik\/2008\/toplantilar\/itu\/itu.htm\">G\u00f6r\u00fcnt\u00fc&#8230;<\/a><\/p>\n<p><a href=\"http:\/\/www.tk.gov.tr\/Etkinlikler\/Uluslararasi_Etkinlikler\/2008\/sunumlar\/byildirim_sunum_itu.pps\">Ula\u015ft\u0131rma Bakan\u0131 Binali Y\u0131ld\u0131r\u0131m&#8217;\u0131n Sunumu&#8230;<\/a><\/p>\n<p><a href=\"http:\/\/www.tk.gov.tr\/Etkinlikler\/Uluslararasi_Etkinlikler\/2008\/metinler\/byildirim_konusma_metni.htm\">Ula\u015ft\u0131rma Bakan\u0131 Binali Y\u0131ld\u0131r\u0131m&#8217;\u0131n Konu\u015fma Metni&#8230;<\/a><\/p>\n","protected":false},"excerpt":{"rendered":"<p>Bilgi Teknolojileri ve \u0130leti\u015fim Kurumu ITU 2008 Konsey Toplant\u0131s\u0131na Kat\u0131ld\u0131: &#8220;Bilgi Teknolojileri ve \u0130leti\u015fim Kurumu ITU 2008 Konsey Toplant\u0131s\u0131na Kat\u0131ld\u0131 ITU Konsey toplant\u0131lar\u0131 12 &#8211; 21 Kas\u0131m 2008 tarihleri aras\u0131nda Cenevre\u2019de ger\u00e7ekle\u015ftirildi. Ula\u015ft\u0131rma Bakan\u0131 Binali Y\u0131ld\u0131r\u0131m ve Kurul II. Ba\u015fkan\u0131 Galip Zerey 13 Kas\u0131m 2008 tarihinde ITU Konsey Y\u00fcksek Seviyeli B\u00f6l\u00fcm\u2019e kat\u0131ld\u0131. 46 \u00fcye \u00fclkeden olu\u015fan Konsey\u2019in rol\u00fc, Birli\u011fin aktivite,&#8230;<\/p>\n","protected":false},"author":1,"featured_media":0,"comment_status":"open","ping_status":"closed","sticky":false,"template":"","format":"standard","meta":{"jetpack_post_was_ever_published":false,"_jetpack_newsletter_access":"","_jetpack_dont_email_post_to_subs":false,"_jetpack_newsletter_tier_id":0,"_jetpack_memberships_contains_paywalled_content":false,"_jetpack_memberships_contains_paid_content":false,"footnotes":"","jetpack_publicize_message":"","jetpack_publicize_feature_enabled":true,"jetpack_social_post_already_shared":false,"jetpack_social_options":{"image_generator_settings":{"template":"highway","default_image_id":0,"font":"","enabled":false},"version":2}},"categories":[21,17,11],"tags":[],"class_list":["post-260","post","type-post","status-publish","format-standard","hentry","category-erisim-engelleme","category-tib","category-turkey"],"jetpack_publicize_connections":[],"jetpack_featured_media_url":"","jetpack_sharing_enabled":true,"jetpack_shortlink":"https:\/\/wp.me\/p7wjA8-4c","jetpack-related-posts":[],"_links":{"self":[{"href":"https:\/\/privacy.cyber-rights.org.tr\/index.php?rest_route=\/wp\/v2\/posts\/260","targetHints":{"allow":["GET"]}}],"collection":[{"href":"https:\/\/privacy.cyber-rights.org.tr\/index.php?rest_route=\/wp\/v2\/posts"}],"about":[{"href":"https:\/\/privacy.cyber-rights.org.tr\/index.php?rest_route=\/wp\/v2\/types\/post"}],"author":[{"embeddable":true,"href":"https:\/\/privacy.cyber-rights.org.tr\/index.php?rest_route=\/wp\/v2\/users\/1"}],"replies":[{"embeddable":true,"href":"https:\/\/privacy.cyber-rights.org.tr\/index.php?rest_route=%2Fwp%2Fv2%2Fcomments&post=260"}],"version-history":[{"count":0,"href":"https:\/\/privacy.cyber-rights.org.tr\/index.php?rest_route=\/wp\/v2\/posts\/260\/revisions"}],"wp:attachment":[{"href":"https:\/\/privacy.cyber-rights.org.tr\/index.php?rest_route=%2Fwp%2Fv2%2Fmedia&parent=260"}],"wp:term":[{"taxonomy":"category","embeddable":true,"href":"https:\/\/privacy.cyber-rights.org.tr\/index.php?rest_route=%2Fwp%2Fv2%2Fcategories&post=260"},{"taxonomy":"post_tag","embeddable":true,"href":"https:\/\/privacy.cyber-rights.org.tr\/index.php?rest_route=%2Fwp%2Fv2%2Ftags&post=260"}],"curies":[{"name":"wp","href":"https:\/\/api.w.org\/{rel}","templated":true}]}}