{"id":264,"date":"2008-11-26T23:25:08","date_gmt":"2008-11-26T20:25:08","guid":{"rendered":"http:\/\/privacy.cyber-rights.org.tr\/?p=264"},"modified":"2008-11-26T23:25:13","modified_gmt":"2008-11-26T20:25:13","slug":"lagendijk-erdogana-youtubeu-sordu","status":"publish","type":"post","link":"https:\/\/privacy.cyber-rights.org.tr\/?p=264","title":{"rendered":"Lagendijk Erdo\u011fan&#8217;a youtube&#8217;u sordu"},"content":{"rendered":"<p><a href=\"http:\/\/haber.gazetevatan.com\/haberdetay.asp?detay=Lagendijkten_Erdogana_youtube_sorusu_210584_1&#038;tarih=25.11.2008&#038;Newsid=210584&#038;Categoryid=1\">Lagendijk Erdo\u011fan&#8217;a youtube&#8217;u sordu<\/a><\/p>\n<p>ANKA, 25.11.2008<\/p>\n<p>T\u00fcrkiye-AB Karma Parlamentosu Komisyonu E\u015fba\u015fkan\u0131 Lagendijk, Ba\u015fbakan Recep Tayyip Erdo\u011fan ile yapt\u0131\u011f\u0131 g\u00f6r\u00fc\u015fmede 301. maddedeki de\u011fi\u015fikli\u011fe ra\u011fmen 47 davan\u0131n a\u00e7\u0131lmas\u0131n\u0131 dikkat \u00e7ekerek, \u2018Bunu Avrupa\u2019ya anlatmak zor olacak\u2019 dedi\u011fini aktard\u0131. Lagendijk, g\u00f6r\u00fc\u015fme s\u0131ras\u0131nda \u2018youtube yasa\u011f\u0131\u2019n\u0131 da g\u00fcndeme getirdi\u011fini belirtti.<\/p>\n","protected":false},"excerpt":{"rendered":"<p>Lagendijk Erdo\u011fan&#8217;a youtube&#8217;u sordu ANKA, 25.11.2008 T\u00fcrkiye-AB Karma Parlamentosu Komisyonu E\u015fba\u015fkan\u0131 Lagendijk, Ba\u015fbakan Recep Tayyip Erdo\u011fan ile yapt\u0131\u011f\u0131 g\u00f6r\u00fc\u015fmede 301. maddedeki de\u011fi\u015fikli\u011fe ra\u011fmen 47 davan\u0131n a\u00e7\u0131lmas\u0131n\u0131 dikkat \u00e7ekerek, \u2018Bunu Avrupa\u2019ya anlatmak zor olacak\u2019 dedi\u011fini aktard\u0131. Lagendijk, g\u00f6r\u00fc\u015fme s\u0131ras\u0131nda \u2018youtube yasa\u011f\u0131\u2019n\u0131 da g\u00fcndeme getirdi\u011fini belirtti.<\/p>\n","protected":false},"author":1,"featured_media":0,"comment_status":"open","ping_status":"closed","sticky":false,"template":"","format":"standard","meta":{"jetpack_post_was_ever_published":false,"_jetpack_newsletter_access":"","_jetpack_dont_email_post_to_subs":false,"_jetpack_newsletter_tier_id":0,"_jetpack_memberships_contains_paywalled_content":false,"_jetpack_memberships_contains_paid_content":false,"footnotes":"","jetpack_publicize_message":"","jetpack_publicize_feature_enabled":true,"jetpack_social_post_already_shared":false,"jetpack_social_options":{"image_generator_settings":{"template":"highway","default_image_id":0,"font":"","enabled":false},"version":2}},"categories":[3,4],"tags":[],"class_list":["post-264","post","type-post","status-publish","format-standard","hentry","category-sansur","category-youtube"],"jetpack_publicize_connections":[],"jetpack_featured_media_url":"","jetpack_sharing_enabled":true,"jetpack_shortlink":"https:\/\/wp.me\/p7wjA8-4g","jetpack-related-posts":[],"_links":{"self":[{"href":"https:\/\/privacy.cyber-rights.org.tr\/index.php?rest_route=\/wp\/v2\/posts\/264","targetHints":{"allow":["GET"]}}],"collection":[{"href":"https:\/\/privacy.cyber-rights.org.tr\/index.php?rest_route=\/wp\/v2\/posts"}],"about":[{"href":"https:\/\/privacy.cyber-rights.org.tr\/index.php?rest_route=\/wp\/v2\/types\/post"}],"author":[{"embeddable":true,"href":"https:\/\/privacy.cyber-rights.org.tr\/index.php?rest_route=\/wp\/v2\/users\/1"}],"replies":[{"embeddable":true,"href":"https:\/\/privacy.cyber-rights.org.tr\/index.php?rest_route=%2Fwp%2Fv2%2Fcomments&post=264"}],"version-history":[{"count":0,"href":"https:\/\/privacy.cyber-rights.org.tr\/index.php?rest_route=\/wp\/v2\/posts\/264\/revisions"}],"wp:attachment":[{"href":"https:\/\/privacy.cyber-rights.org.tr\/index.php?rest_route=%2Fwp%2Fv2%2Fmedia&parent=264"}],"wp:term":[{"taxonomy":"category","embeddable":true,"href":"https:\/\/privacy.cyber-rights.org.tr\/index.php?rest_route=%2Fwp%2Fv2%2Fcategories&post=264"},{"taxonomy":"post_tag","embeddable":true,"href":"https:\/\/privacy.cyber-rights.org.tr\/index.php?rest_route=%2Fwp%2Fv2%2Ftags&post=264"}],"curies":[{"name":"wp","href":"https:\/\/api.w.org\/{rel}","templated":true}]}}