{"id":278,"date":"2008-12-03T02:30:29","date_gmt":"2008-12-02T23:30:29","guid":{"rendered":"http:\/\/privacy.cyber-rights.org.tr\/?p=278"},"modified":"2008-12-03T02:30:31","modified_gmt":"2008-12-02T23:30:31","slug":"telekulak-korkusu-bosa-degil","status":"publish","type":"post","link":"https:\/\/privacy.cyber-rights.org.tr\/?p=278","title":{"rendered":"Telekulak korkusu bo\u015fa de\u011fil"},"content":{"rendered":"<p><a href=\"http:\/\/www.radikal.com.tr\/default.aspx?aType=HaberDetay&#038;ArticleID=911070\">Telekulak korkusu bo\u015fa de\u011fil<\/a>: &#8220;Eski emniyet m\u00fcd\u00fcr\u00fc, MHP\u2019li \u00d6zdemir: O d\u00f6nemde, baz\u0131 emniyet mensuplar\u0131, sevmediklerini de dinlerdi&#8230;&#8221;<\/p>\n<p>(Via <a href=\"http:\/\/www.radikal.com.tr\">Radikal-Rss(T\u00fcrkiye)<\/a>.)<\/p>\n","protected":false},"excerpt":{"rendered":"<p>Telekulak korkusu bo\u015fa de\u011fil: &#8220;Eski emniyet m\u00fcd\u00fcr\u00fc, MHP\u2019li \u00d6zdemir: O d\u00f6nemde, baz\u0131 emniyet mensuplar\u0131, sevmediklerini de dinlerdi&#8230;&#8221; (Via Radikal-Rss(T\u00fcrkiye).)<\/p>\n","protected":false},"author":1,"featured_media":0,"comment_status":"open","ping_status":"closed","sticky":false,"template":"","format":"standard","meta":{"jetpack_post_was_ever_published":false,"_jetpack_newsletter_access":"","_jetpack_dont_email_post_to_subs":false,"_jetpack_newsletter_tier_id":0,"_jetpack_memberships_contains_paywalled_content":false,"_jetpack_memberships_contains_paid_content":false,"footnotes":"","jetpack_publicize_message":"","jetpack_publicize_feature_enabled":true,"jetpack_social_post_already_shared":false,"jetpack_social_options":{"image_generator_settings":{"template":"highway","default_image_id":0,"font":"","enabled":false},"version":2}},"categories":[15,19,14],"tags":[],"class_list":["post-278","post","type-post","status-publish","format-standard","hentry","category-gizli-dinleme","category-izleme","category-telekulak"],"jetpack_publicize_connections":[],"jetpack_featured_media_url":"","jetpack_sharing_enabled":true,"jetpack_shortlink":"https:\/\/wp.me\/p7wjA8-4u","jetpack-related-posts":[],"_links":{"self":[{"href":"https:\/\/privacy.cyber-rights.org.tr\/index.php?rest_route=\/wp\/v2\/posts\/278","targetHints":{"allow":["GET"]}}],"collection":[{"href":"https:\/\/privacy.cyber-rights.org.tr\/index.php?rest_route=\/wp\/v2\/posts"}],"about":[{"href":"https:\/\/privacy.cyber-rights.org.tr\/index.php?rest_route=\/wp\/v2\/types\/post"}],"author":[{"embeddable":true,"href":"https:\/\/privacy.cyber-rights.org.tr\/index.php?rest_route=\/wp\/v2\/users\/1"}],"replies":[{"embeddable":true,"href":"https:\/\/privacy.cyber-rights.org.tr\/index.php?rest_route=%2Fwp%2Fv2%2Fcomments&post=278"}],"version-history":[{"count":0,"href":"https:\/\/privacy.cyber-rights.org.tr\/index.php?rest_route=\/wp\/v2\/posts\/278\/revisions"}],"wp:attachment":[{"href":"https:\/\/privacy.cyber-rights.org.tr\/index.php?rest_route=%2Fwp%2Fv2%2Fmedia&parent=278"}],"wp:term":[{"taxonomy":"category","embeddable":true,"href":"https:\/\/privacy.cyber-rights.org.tr\/index.php?rest_route=%2Fwp%2Fv2%2Fcategories&post=278"},{"taxonomy":"post_tag","embeddable":true,"href":"https:\/\/privacy.cyber-rights.org.tr\/index.php?rest_route=%2Fwp%2Fv2%2Ftags&post=278"}],"curies":[{"name":"wp","href":"https:\/\/api.w.org\/{rel}","templated":true}]}}