{"id":285,"date":"2008-12-06T03:08:09","date_gmt":"2008-12-06T00:08:09","guid":{"rendered":"http:\/\/privacy.cyber-rights.org.tr\/?p=285"},"modified":"2008-12-06T03:14:09","modified_gmt":"2008-12-06T00:14:09","slug":"milliyet-internet-youtube-yasagi-amacini-asti","status":"publish","type":"post","link":"https:\/\/privacy.cyber-rights.org.tr\/?p=285","title":{"rendered":"Milliyet \u0130nternet: Youtube yasa\u011f\u0131 amac\u0131n\u0131 a\u015ft\u0131!"},"content":{"rendered":"<p><a href=\"http:\/\/teknoloji.milliyet.com.tr\/Teknoloji\/HaberDetay.aspx?aType=HaberDetay&#038;Kategori=internet&#038;KategoriID=127&#038;ArticleID=1024453&#038;Date=05.12.2008&#038;b=Youtube%20yasagi%20amacini%20asti&#038;ver=76\">Youtube yasa\u011f\u0131 amac\u0131n\u0131 a\u015ft\u0131! \/ \u0130nternet \/ Milliyet \u0130nternet<\/a><\/p>\n<p>4.12.2008<\/p>\n<p>Ula\u015ft\u0131rma Bakan\u0131 Binali Y\u0131ld\u0131r\u0131m, Youtube\u2019a eri\u015fim yasa\u011f\u0131yla ilgili olarak, &#8216;Youtube meselesi maalesef amac\u0131n\u0131 a\u015fan bir noktaya getirildi. Bundan biz de rahats\u0131z\u0131z&#8217; dedi.<\/p>\n<p>Bakan Y\u0131ld\u0131r\u0131m, Bak\u00fc\u2019ye hareketinden \u00f6nce Atat\u00fcrk Havaliman\u0131\u2019nda gazetecilerin konuya ili\u015fkin sorular\u0131 \u00fczerine, bu konuda T\u00fcrk kamuoyunda bir kafa kar\u0131\u015f\u0131kl\u0131\u011f\u0131 ya\u015fand\u0131\u011f\u0131n\u0131 s\u00f6yledi.<\/p>\n<p>T\u00fcrkiye olarak, internet hizmetleri veren kurulu\u015flara ve internetin T\u00fcrkiye\u2019de yayg\u0131nla\u015ft\u0131r\u0131lmas\u0131na kar\u015f\u0131 olunmas\u0131 gibi yanl\u0131\u015f bir anlay\u0131\u015f bulundu\u011funu kaydeden Y\u0131ld\u0131r\u0131m, &#8216;Durum b\u00f6yle de\u011fil&#8217; diye konu\u015ftu.<\/p>\n<p>\u0130nternetin temiz, toplumu bilgilendirici, topluma zararl\u0131 \u00fcr\u00fcnleri i\u00e7ermeden verilmesini \u00e7ok \u00f6nemli g\u00f6rd\u00fcklerini ifade eden Y\u0131ld\u0131r\u0131m, bu konuda t\u00fcm d\u00fcnyada bir hassasiyetin ba\u015flad\u0131\u011f\u0131n\u0131 s\u00f6yledi. &#8216;Youtube meselesi maalesef amac\u0131n\u0131 a\u015fan bir noktaya getirildi&#8217; diyen Y\u0131ld\u0131r\u0131m, \u015f\u00f6yle konu\u015ftu.<\/p>\n<p>&#8216;Ge\u00e7en g\u00fcn firma temsilcilerini ve T\u00fcrkiye\u2019deki hukuk\u00e7ular\u0131n\u0131 \u00e7a\u011f\u0131rd\u0131k. Kendilerine konuyu anlatt\u0131k. Yasalar\u0131n mutlaka herkes i\u00e7in e\u015fit \u015fekilde uygulanmas\u0131 gerekti\u011fini, kimseye bir istisna yapamayaca\u011f\u0131m\u0131z\u0131, bu yasalar\u0131 tenkit etme yerine kendilerini buna uydurmalar\u0131n\u0131n daha do\u011fru olaca\u011f\u0131n\u0131 s\u00f6yledik. Onlar da bu konuyu kabul ettiler. \u0130nternet G\u00fcvenli\u011fi Ba\u015fkanl\u0131\u011f\u0131 ile ortak bir \u00e7al\u0131\u015fma yapmak suretiyle bu konuyu \u00e7\u00f6zecekler.<\/p>\n<p>Ortada yasalar\u0131n yorumlanmas\u0131ndan kaynaklanan yanl\u0131\u015fl\u0131klar da var. Bir i\u00e7erik su\u00e7 te\u015fkil ediyorsa, \u00f6rne\u011fin Atat\u00fcrk\u2019\u00fcn ki\u015fili\u011fine hakaret veya \u00e7ocuk pornografisi, bunlar\u0131 \u00e7\u0131karmak isterken b\u00fct\u00fcn siteye bir kapat\u0131lma karar\u0131 veriliyor. Buna itiraz ediyorlar hakl\u0131 olarak, ama takdir edersiniz ki bizim yarg\u0131\u00e7lar\u0131m\u0131z\u0131n, mahkemelerimizin hen\u00fcz bili\u015fimle ilgili bir uzmanl\u0131\u011f\u0131 yok. Zaman i\u00e7erisinde geli\u015fecek ve b\u00f6ylece su\u00e7un kapsam\u0131yla orant\u0131l\u0131 cezalar da verilecek.&#8217;<\/p>\n<p>AB \u0130lerleme Raporu\u2019nda, bu konuda T\u00fcrkiye\u2019nin &#8216;Yasak\u00e7\u0131&#8217; ilan edilmedi\u011fini ifade eden Bakan Y\u0131ld\u0131r\u0131m, &#8216;Ben raporu okudum. Diyor ki; \u2019internet su\u00e7lar\u0131na kar\u015f\u0131 verilen cezalar orant\u0131s\u0131z\u2019. Orant\u0131s\u0131zdan kast\u0131, bir i\u00e7eri\u011fin \u00e7\u0131kar\u0131lmas\u0131 gerekirken sitenin tamam\u0131n\u0131n kapat\u0131lmas\u0131 karar\u0131 veriliyor&#8217; dedi.<\/p>\n<p>Ula\u015ft\u0131rma Bakan\u0131 Y\u0131ld\u0131r\u0131m, bu sorunlar\u0131n tecr\u00fcbe kazan\u0131ld\u0131k\u00e7a \u00e7\u00f6z\u00fclece\u011fini ve daha uygun orant\u0131l\u0131 cezalar\u0131n verilece\u011fini s\u00f6yledi. Bunun i\u00e7in e\u011fitimin \u00f6nemli oldu\u011funa i\u015faret eden Y\u0131ld\u0131r\u0131m, Telekom\u00fcnikasyon Kurulu Ba\u015fkanl\u0131\u011f\u0131 ve \u0130nternet Kurulu ile birlikte e\u011fitim ve bilin\u00e7lendirme program\u0131 haz\u0131rl\u0131\u011f\u0131 i\u00e7inde olduklar\u0131n\u0131 aktard\u0131.<\/p>\n<p>Mahkeme karar\u0131yla yasaklanan sitelere, ayarlar\u0131n\u0131n oynanmas\u0131yla girilebildi\u011finin hat\u0131rlat\u0131lmas\u0131 \u00fczerine de Bakan Y\u0131ld\u0131r\u0131m, &#8216;Teknoloji ile ba\u015fa \u00e7\u0131kamazs\u0131n\u0131z. Bili\u015fim teknolojilerinde bir \u00f6nlem al\u0131rsan\u0131z, onu bir ba\u015fka \u00f6nlemle etkisiz hale getirirler&#8217; diye konu\u015ftu.<\/p>\n<p>Bakan Y\u0131ld\u0131r\u0131m, Youtube y\u00f6neticilerine, bir sorun oldu\u011funda adli makamlar\u0131n bir muhatap bulabilmesi i\u00e7in T\u00fcrkiye\u2019de bir temsilcilik a\u00e7malar\u0131n\u0131 s\u00f6ylediklerini ifade ederek, &#8216;Bu konuda herhangi bir tavizimiz olamaz&#8217; dedi.<\/p>\n","protected":false},"excerpt":{"rendered":"<p>Youtube yasa\u011f\u0131 amac\u0131n\u0131 a\u015ft\u0131! \/ \u0130nternet \/ Milliyet \u0130nternet 4.12.2008 Ula\u015ft\u0131rma Bakan\u0131 Binali Y\u0131ld\u0131r\u0131m, Youtube\u2019a eri\u015fim yasa\u011f\u0131yla ilgili olarak, &#8216;Youtube meselesi maalesef amac\u0131n\u0131 a\u015fan bir noktaya getirildi. Bundan biz de rahats\u0131z\u0131z&#8217; dedi. Bakan Y\u0131ld\u0131r\u0131m, Bak\u00fc\u2019ye hareketinden \u00f6nce Atat\u00fcrk Havaliman\u0131\u2019nda gazetecilerin konuya ili\u015fkin sorular\u0131 \u00fczerine, bu konuda T\u00fcrk kamuoyunda bir kafa kar\u0131\u015f\u0131kl\u0131\u011f\u0131 ya\u015fand\u0131\u011f\u0131n\u0131 s\u00f6yledi. T\u00fcrkiye olarak, internet hizmetleri veren kurulu\u015flara ve&#8230;<\/p>\n","protected":false},"author":1,"featured_media":0,"comment_status":"open","ping_status":"closed","sticky":false,"template":"","format":"standard","meta":{"jetpack_post_was_ever_published":false,"_jetpack_newsletter_access":"","_jetpack_dont_email_post_to_subs":false,"_jetpack_newsletter_tier_id":0,"_jetpack_memberships_contains_paywalled_content":false,"_jetpack_memberships_contains_paid_content":false,"footnotes":"","jetpack_publicize_message":"","jetpack_publicize_feature_enabled":true,"jetpack_social_post_already_shared":false,"jetpack_social_options":{"image_generator_settings":{"template":"highway","default_image_id":0,"font":"","enabled":false},"version":2}},"categories":[22,21,3,4],"tags":[],"class_list":["post-285","post","type-post","status-publish","format-standard","hentry","category-5651-nolu-kanun","category-erisim-engelleme","category-sansur","category-youtube"],"jetpack_publicize_connections":[],"jetpack_featured_media_url":"","jetpack_sharing_enabled":true,"jetpack_shortlink":"https:\/\/wp.me\/p7wjA8-4B","jetpack-related-posts":[],"_links":{"self":[{"href":"https:\/\/privacy.cyber-rights.org.tr\/index.php?rest_route=\/wp\/v2\/posts\/285","targetHints":{"allow":["GET"]}}],"collection":[{"href":"https:\/\/privacy.cyber-rights.org.tr\/index.php?rest_route=\/wp\/v2\/posts"}],"about":[{"href":"https:\/\/privacy.cyber-rights.org.tr\/index.php?rest_route=\/wp\/v2\/types\/post"}],"author":[{"embeddable":true,"href":"https:\/\/privacy.cyber-rights.org.tr\/index.php?rest_route=\/wp\/v2\/users\/1"}],"replies":[{"embeddable":true,"href":"https:\/\/privacy.cyber-rights.org.tr\/index.php?rest_route=%2Fwp%2Fv2%2Fcomments&post=285"}],"version-history":[{"count":0,"href":"https:\/\/privacy.cyber-rights.org.tr\/index.php?rest_route=\/wp\/v2\/posts\/285\/revisions"}],"wp:attachment":[{"href":"https:\/\/privacy.cyber-rights.org.tr\/index.php?rest_route=%2Fwp%2Fv2%2Fmedia&parent=285"}],"wp:term":[{"taxonomy":"category","embeddable":true,"href":"https:\/\/privacy.cyber-rights.org.tr\/index.php?rest_route=%2Fwp%2Fv2%2Fcategories&post=285"},{"taxonomy":"post_tag","embeddable":true,"href":"https:\/\/privacy.cyber-rights.org.tr\/index.php?rest_route=%2Fwp%2Fv2%2Ftags&post=285"}],"curies":[{"name":"wp","href":"https:\/\/api.w.org\/{rel}","templated":true}]}}