{"id":286,"date":"2008-12-06T03:13:10","date_gmt":"2008-12-06T00:13:10","guid":{"rendered":"http:\/\/privacy.cyber-rights.org.tr\/?p=286"},"modified":"2008-12-06T03:13:12","modified_gmt":"2008-12-06T00:13:12","slug":"hurriyet-kim-bu-ataturk-dusmanlari","status":"publish","type":"post","link":"https:\/\/privacy.cyber-rights.org.tr\/?p=286","title":{"rendered":"H\u00fcrriyet: &#8220;Kim bu Atat\u00fcrk d\u00fc\u015fmanlar\u0131&#8221;"},"content":{"rendered":"<p><a href=\"http:\/\/www.hurriyet.com.tr\/gundem\/10517309.asp?gid=229\">&#8220;Kim bu Atat\u00fcrk d\u00fc\u015fmanlar\u0131&#8221; &#8211; H\u00fcrriyet<\/a><\/p>\n<p>5 Aral\u0131k 2008<\/p>\n<p>Ankara Cumhuriyet Savc\u0131s\u0131 K\u00fcr\u015fat Kayral, Adalet Bakanl\u0131\u011f\u0131 arac\u0131l\u0131\u011f\u0131yla ABD Adalet Bakanl\u0131\u011f\u0131&#8217;na g\u00f6nderdi\u011fi yaz\u0131da, YouTube&#8217;de yer alan Atat\u00fcrk, bayrak ve T\u00fcrkiye aleyhinde yer alan t\u00fcm yay\u0131nlar\u0131 \u00e7\u0131kard\u0131, g\u00f6nderenlerin kimli\u011fini sordu.<\/p>\n<p>Sayg\u0131 \u00d6ZT\u00dcRK YAZIYOR<br \/>\nAnkara Cumhuriyet Savc\u0131s\u0131 K\u00fcr\u015fat Kayral, ortak payla\u015f\u0131m sitesi YouTube&#8217;de Atat\u00fcrk&#8217;e a\u011f\u0131r hakaretler i\u00e7eren, T\u00fcrk bayra\u011f\u0131 \u00fczerine bir zencinin \u00e7i\u015f yapmas\u0131n\u0131 g\u00f6steren videolar ba\u015fta olmak \u00fczere T\u00fcrkiye\u2019nin de\u011ferlerini ayaklar alt\u0131na alan videolar\u0131n kimler taraf\u0131ndan g\u00f6nderildi\u011finin T\u00fcrkiye&#8217;ye bildirilmesini talep etti.<\/p>\n<p>Uzmanlarla birlikte internetteki Atat\u00fcrk ve T\u00fcrk bayra\u011f\u0131n\u0131 a\u015fa\u011f\u0131layan videolar\u0131 tek tek belirleyen Cumhuriyet Savc\u0131s\u0131 Kayral, bu g\u00f6r\u00fcnt\u00fcleri payla\u015f\u0131m sitesinin T\u00fcrkiye&#8217;deki yetkililerine de izletti, bu d\u00fc\u015fmanl\u0131\u011f\u0131 yapanlar\u0131n kimliklerinin belirlenmesi konusunda yard\u0131mc\u0131 olmalar\u0131n\u0131 istedi.<\/p>\n<p>ATAT\u00dcRK&#8217;E A\u011eIR HAKARET<br \/>\nABD makamlar\u0131ndan, Atat\u00fcrk ve T\u00fcrk bayra\u011f\u0131na hakaret i\u00e7eren videolar\u0131 g\u00f6nderenlerin isimlerinin bildirilmesini isteyen Cumhuriyet Savc\u0131s\u0131, Adalet Bakanl\u0131\u011f\u0131 yetkililerine &#8216;Bu videolar\u0131 belirlerken izlediklerim kar\u015f\u0131s\u0131nda \u015foke oldum, y\u00fcz\u00fcm k\u0131zard\u0131. T\u00fcrkiye Cumhuriyeti vatanda\u015f\u0131n\u0131n, Atat\u00fcrk&#8217;e, bayra\u011f\u0131m\u0131za bu kadar a\u011f\u0131r hakaretlerde bulunabilece\u011fini d\u00fc\u015f\u00fcnemiyorum&#8217; dedi.<\/p>\n<p>Atat\u00fcrk&#8217;\u00fc montajlarla dans\u00f6z k\u0131yafetiyle g\u00f6sterilmesinin yan\u0131 s\u0131ra, bir zencinin T\u00fcrk bayra\u011f\u0131n\u0131 yere serip \u00fczerine \u00e7i\u015fini yapmas\u0131ndan, T\u00fcrkiye haritas\u0131n\u0131n \u00e7i\u011fnenmesi, Atat\u00fcrk ve Cumhuriyet\u2019e a\u011f\u0131r hakaretler de yer al\u0131yor. <\/p>\n<p>YABANCILAR \u0130\u00c7\u0130N DE SORU\u015eTURMA A\u00c7ILACAK<br \/>\nSavc\u0131 K\u00fcr\u015fat Kayral&#8217;\u0131n, Adalet Bakanl\u0131\u011f\u0131&#8217;na, bakanl\u0131\u011f\u0131n da D\u0131\u015fi\u015fleri Bakanl\u0131\u011f\u0131 arac\u0131l\u0131\u011f\u0131yla ABD Adalet Bakanl\u0131\u011f\u0131&#8217;ndan, Atat\u00fcrk, T\u00fcrk bayra\u011f\u0131 ve T\u00fcrkiye aleyhine videolar\u0131 payla\u015f\u0131m sitesine kimlerin g\u00f6nderdi\u011fine ili\u015fkin bilgilerin en k\u0131sa s\u00fcrede bildirilmesi istenecek. Amerika&#8217;n\u0131n, payla\u015f\u0131m sitesine T\u00fcrkiye aleyhinde videolar\u0131 g\u00f6nderenlerin isimlerini bildirmeleri halinde, Cumhuriyet Savc\u0131l\u0131\u011f\u0131 hem T\u00fcrkiye Cumhuriyeti vatanda\u015flar\u0131, hem de yabanc\u0131 uyruklular hakk\u0131nda soru\u015fturma ba\u015flatacak.<\/p>\n<p>Hakk\u0131nda soru\u015fturma a\u00e7\u0131lan ki\u015filerin T\u00fcrkiye&#8217;ye gelmeleri halinde de giri\u015f kap\u0131s\u0131nda g\u00f6zalt\u0131na al\u0131nacak.<\/p>\n<p>(Via <a href=\"\"><\/a>.)<\/p>\n","protected":false},"excerpt":{"rendered":"<p>&#8220;Kim bu Atat\u00fcrk d\u00fc\u015fmanlar\u0131&#8221; &#8211; H\u00fcrriyet 5 Aral\u0131k 2008 Ankara Cumhuriyet Savc\u0131s\u0131 K\u00fcr\u015fat Kayral, Adalet Bakanl\u0131\u011f\u0131 arac\u0131l\u0131\u011f\u0131yla ABD Adalet Bakanl\u0131\u011f\u0131&#8217;na g\u00f6nderdi\u011fi yaz\u0131da, YouTube&#8217;de yer alan Atat\u00fcrk, bayrak ve T\u00fcrkiye aleyhinde yer alan t\u00fcm yay\u0131nlar\u0131 \u00e7\u0131kard\u0131, g\u00f6nderenlerin kimli\u011fini sordu. Sayg\u0131 \u00d6ZT\u00dcRK YAZIYOR Ankara Cumhuriyet Savc\u0131s\u0131 K\u00fcr\u015fat Kayral, ortak payla\u015f\u0131m sitesi YouTube&#8217;de Atat\u00fcrk&#8217;e a\u011f\u0131r hakaretler i\u00e7eren, T\u00fcrk bayra\u011f\u0131 \u00fczerine bir zencinin \u00e7i\u015f&#8230;<\/p>\n","protected":false},"author":1,"featured_media":0,"comment_status":"open","ping_status":"closed","sticky":false,"template":"","format":"standard","meta":{"jetpack_post_was_ever_published":false,"_jetpack_newsletter_access":"","_jetpack_dont_email_post_to_subs":false,"_jetpack_newsletter_tier_id":0,"_jetpack_memberships_contains_paywalled_content":false,"_jetpack_memberships_contains_paid_content":false,"footnotes":"","jetpack_publicize_message":"","jetpack_publicize_feature_enabled":true,"jetpack_social_post_already_shared":false,"jetpack_social_options":{"image_generator_settings":{"template":"highway","default_image_id":0,"font":"","enabled":false},"version":2}},"categories":[22,21,28,4],"tags":[],"class_list":["post-286","post","type-post","status-publish","format-standard","hentry","category-5651-nolu-kanun","category-erisim-engelleme","category-hakaret","category-youtube"],"jetpack_publicize_connections":[],"jetpack_featured_media_url":"","jetpack_sharing_enabled":true,"jetpack_shortlink":"https:\/\/wp.me\/p7wjA8-4C","jetpack-related-posts":[],"_links":{"self":[{"href":"https:\/\/privacy.cyber-rights.org.tr\/index.php?rest_route=\/wp\/v2\/posts\/286","targetHints":{"allow":["GET"]}}],"collection":[{"href":"https:\/\/privacy.cyber-rights.org.tr\/index.php?rest_route=\/wp\/v2\/posts"}],"about":[{"href":"https:\/\/privacy.cyber-rights.org.tr\/index.php?rest_route=\/wp\/v2\/types\/post"}],"author":[{"embeddable":true,"href":"https:\/\/privacy.cyber-rights.org.tr\/index.php?rest_route=\/wp\/v2\/users\/1"}],"replies":[{"embeddable":true,"href":"https:\/\/privacy.cyber-rights.org.tr\/index.php?rest_route=%2Fwp%2Fv2%2Fcomments&post=286"}],"version-history":[{"count":0,"href":"https:\/\/privacy.cyber-rights.org.tr\/index.php?rest_route=\/wp\/v2\/posts\/286\/revisions"}],"wp:attachment":[{"href":"https:\/\/privacy.cyber-rights.org.tr\/index.php?rest_route=%2Fwp%2Fv2%2Fmedia&parent=286"}],"wp:term":[{"taxonomy":"category","embeddable":true,"href":"https:\/\/privacy.cyber-rights.org.tr\/index.php?rest_route=%2Fwp%2Fv2%2Fcategories&post=286"},{"taxonomy":"post_tag","embeddable":true,"href":"https:\/\/privacy.cyber-rights.org.tr\/index.php?rest_route=%2Fwp%2Fv2%2Ftags&post=286"}],"curies":[{"name":"wp","href":"https:\/\/api.w.org\/{rel}","templated":true}]}}