{"id":294,"date":"2008-12-25T16:03:56","date_gmt":"2008-12-25T13:03:56","guid":{"rendered":"http:\/\/privacy.cyber-rights.org.tr\/?p=294"},"modified":"2008-12-25T16:03:59","modified_gmt":"2008-12-25T13:03:59","slug":"devlet-interneti-hak-ve-ozgurlukler-icin-tehdit-olarak-goruyor","status":"publish","type":"post","link":"https:\/\/privacy.cyber-rights.org.tr\/?p=294","title":{"rendered":"&#8220;Devlet \u0130nterneti Hak ve \u00d6zg\u00fcrl\u00fckler \u0130\u00e7in Tehdit Olarak G\u00f6r\u00fcyor&#8221;"},"content":{"rendered":"<p><a href=\"http:\/\/ww.bianet.org\/bianet\/kategori\/bianet\/111554\/devlet-interneti-hak-ve-ozgurlukler-icin-tehdit-olarak-goruyor?from=rss\">&#8220;Devlet \u0130nterneti Hak ve \u00d6zg\u00fcrl\u00fckler \u0130\u00e7in Tehdit Olarak G\u00f6r\u00fcyor&#8221;<\/a> Alt\u0131parmak ve Akdeniz &#8216;Devletin \u0130nternetin ne oldu\u011funu anlamad\u0131\u011f\u0131n\u0131 d\u00fc\u015f\u00fcn\u00fcyoruz. Bu kitab\u0131 bunun i\u00e7in haz\u0131rlad\u0131k&#8217; diyor. Akademisyenlere g\u00f6re &#8216;5651 Say\u0131l\u0131 Yasa kald\u0131r\u0131lmal\u0131, konunun muhattaplar\u0131n\u0131n da kat\u0131ld\u0131\u011f\u0131 bir tart\u0131\u015fmayla yeniden d\u00fczenlenmeli.&#8217;<\/p>\n<p>B\u0130A Haber Merkezi &#8211; \u0130stanbul<br \/>\n24 Aral\u0131k 2008, \u00c7ar\u015famba<\/p>\n<p>Do\u00e7. Dr. Yaman Akdeniz ve Yrd. Do\u00e7. Dr. Kerem Alt\u0131parmak, \u0130HOP&#8217;un katk\u0131lar\u0131yla haz\u0131rlad\u0131klar\u0131 &#8220;\u0130nternet: Girilmesi Tehlikeli ve Yasakt\u0131r&#8221; isimli kitab\u0131 Taksim Metropark Otel&#8217;de d\u00fczenledikleri bir toplant\u0131yla bas\u0131na tan\u0131tt\u0131.<\/p>\n<p>    &#8220;5651 No&#8217;lu yasadaki ifadeler yoruma a\u00e7\u0131k. Kararlar ki\u015finin d\u00fcnya g\u00f6r\u00fc\u015f\u00fcne, hayat tarz\u0131na ve ahlaki de\u011ferlerine g\u00f6re veriliyor. Bu da \u00f6zg\u00fcrl\u00fc\u011f\u00fcn ve hep ihtiya\u00e7 duydu\u011fumuz demokrasinin engellenmesi anlam\u0131na geliyor.&#8221;<\/p>\n<p>&#8220;T\u00fcrkiye\u2019de \u0130nternet \u0130\u00e7erik D\u00fczenlemesi ve Sans\u00fcre \u0130li\u015fkin Ele\u015ftirel Bir De\u011ferlendirme&#8221; alt ba\u015fl\u0131kl\u0131 kitab\u0131n tan\u0131t\u0131m\u0131nda konu\u015fan Alt\u0131parmak bu kitab\u0131 &#8220;T\u00fcrkiye&#8217;de genel olarak teknolojinin temel haklar ve \u00f6zg\u00fcrl\u00fckler a\u00e7\u0131s\u0131ndan bir tehdit olarak g\u00f6r\u00fclmesi nedeniyle haz\u0131rlad\u0131klar\u0131n\u0131&#8221; s\u00f6yledi.<\/p>\n<p>&#8220;\u0130hbara g\u00f6re sitelere eri\u015fimi engelleyen mahkemeler adil davranm\u0131yor&#8221; diyen Alt\u0131parmak \u015f\u00f6yle konu\u015ftu:<\/p>\n<p>    &#8220;\u0130nternet sitesine s\u00f6z hakk\u0131 veren, yaz\u0131y\u0131 yazan ki\u015fiyi dinleyen bir yarg\u0131lama s\u00fcreci yok. Tutanaklarda daval\u0131n\u0131n ad\u0131 dahi yer alm\u0131yor.&#8221;<\/p>\n<p>Akdeniz &#8220;bu yasaklamalar\u0131 me\u015fru g\u00f6stermek i\u00e7in \u00e7ocuklar bahane ediliyor&#8221; dedi.<\/p>\n<p>    &#8220;Eri\u015fime engellenen sitelerin b\u00fcy\u00fck \u00e7o\u011funlu\u011fu siyasi i\u00e7erikli siteler. Yasada bulunan &#8216;Atat\u00fcrk&#8217;e hakaret&#8217;, &#8216;m\u00fcstehcenlik&#8217;, &#8216;kumar&#8217;, &#8216;uyu\u015fturucuyu \u00f6zendirme&#8217;, gibi ifadelerle kapat\u0131lan yay\u0131nlar\u0131n \u00e7o\u011funlu\u011fu sosyalist, devrimci, K\u00fcrt m\u00fccadelesiyle ve ba\u015fka m\u00fccadelelerle ilgili siteler. Bu bize kapatma kararlar\u0131n\u0131n politik oldu\u011funu g\u00f6steriyor.&#8221;<\/p>\n<p>&#8220;T\u00fcrkiye&#8217;de de bu konu hakk\u0131nda konu\u015fuyor olmam\u0131z\u0131n tek nedeni YouTube, worodpress, gazetevatan.com gibi sitelerin kapat\u0131lm\u0131\u015f olmas\u0131&#8221; diyen Akdeniz &#8220;E\u011fer eri\u015fime engellenen sadece G\u00fcndem gazetesi, F\u0131rat Haber Ajans\u0131, E\u011fitim-Sen&#8217;in site olsayd\u0131 b\u00fcy\u00fck bir ihtimalle \u0130nternet yasaklar\u0131 hi\u00e7 g\u00fcndemimiz olmayacakt\u0131&#8221; \u015feklinde konu\u015ftu.<\/p>\n<p>Akdeniz, &#8220;sitelere eri\u015fimin kullan\u0131c\u0131lar\u0131n cevap hakk\u0131n\u0131n da elinden al\u0131nmas\u0131 anlam\u0131na geldi\u011fini&#8221; s\u00f6yledi, &#8220;devletin yasayla uygulad\u0131\u011f\u0131 tavr\u0131 mangal yapmaya gidip orman\u0131 yakmak olarak&#8221; tan\u0131mlad\u0131.<br \/>\nSans\u00fcrden daha tehlikelisi otosans\u00fcr<\/p>\n<p>Adnan Oktar&#8217;\u0131n bianet&#8217;te tehdidini hat\u0131rlatan Alt\u0131parmak &#8220;sans\u00fcrden daha tehlikelisinin oto sans\u00fcr oldu\u011funu&#8221; s\u00f6yledi.<\/p>\n<p>    &#8220;Haber yapan, yaz\u0131 yazan insanlar i\u00e7in kapat\u0131lmak bir tehdide d\u00f6n\u00fc\u015ft\u00fc. Bu da beraberinde kendini  sans\u00fcrlemeyi getiriyor. Demokrasi ve \u00f6zg\u00fcrl\u00fckler i\u00e7in yap\u0131lmas\u0131 gereken, t\u0131pk\u0131 bianet&#8217;in de yapt\u0131\u011f\u0131 gibi bu tehditler kar\u015f\u0131s\u0131nda geri ad\u0131m atmamak.&#8221;<\/p>\n<p>&#8220;Sans\u00fcr\u00fcn bir \u00e7\u00f6z\u00fcm olmad\u0131\u011f\u0131n\u0131, yasalar haz\u0131rlan\u0131rken \u00f6zg\u00fcrl\u00fc\u011f\u00fcn temel al\u0131nmas\u0131 gerekti\u011fini&#8221; kaydeden Akdeniz ve Alt\u0131parmak &#8220;5651 No&#8217;lu yasan\u0131n kald\u0131r\u0131lmal\u0131&#8221; dediler.<\/p>\n<p>Bas\u0131n a\u00e7\u0131klamas\u0131nda konu\u015fan \u0130HOP Koordinat\u00f6r\u00fc Feray Salman da &#8220;Kitaptaki &#8216;yasan\u0131n \u00fcstten birilerince de\u011fil, konunun muhataplar\u0131n\u0131n da kat\u0131l\u0131m\u0131yla yeniden d\u00fczenlenmesi \u00f6nerisini&#8217; destekliyoruz&#8221; \u015feklinde konu\u015ftu.<\/p>\n<p>\u00dcmit F\u0131rat&#8217;\u0131n da k\u0131sa bir konu\u015fma yapt\u0131\u011f\u0131 toplant\u0131ya Avrupa Birli\u011fi  Komisyonu T\u00fcrkiye Temsilcili\u011fi&#8217;nden Sema K\u0131l\u0131\u00e7er&#8217;in yan\u0131 s\u0131ra, bianet, Birg\u00fcn, Taraf, Star, New York Times, atv, internethaber.com&#8217;un da aralar\u0131nda bulundu\u011fu yay\u0131n organlar\u0131n\u0131n temsilcileri kat\u0131ld\u0131. (B\u00c7)<\/p>\n<p>* \u0130HOP: \u0130nsan Haklar\u0131 Ortak Platformu<\/p>\n<p>(Via <a href=\"http:\/\/www.bianet.org\">Son Bianet Haberleri<\/a>.)<\/p>\n","protected":false},"excerpt":{"rendered":"<p>&#8220;Devlet \u0130nterneti Hak ve \u00d6zg\u00fcrl\u00fckler \u0130\u00e7in Tehdit Olarak G\u00f6r\u00fcyor&#8221; Alt\u0131parmak ve Akdeniz &#8216;Devletin \u0130nternetin ne oldu\u011funu anlamad\u0131\u011f\u0131n\u0131 d\u00fc\u015f\u00fcn\u00fcyoruz. Bu kitab\u0131 bunun i\u00e7in haz\u0131rlad\u0131k&#8217; diyor. Akademisyenlere g\u00f6re &#8216;5651 Say\u0131l\u0131 Yasa kald\u0131r\u0131lmal\u0131, konunun muhattaplar\u0131n\u0131n da kat\u0131ld\u0131\u011f\u0131 bir tart\u0131\u015fmayla yeniden d\u00fczenlenmeli.&#8217; B\u0130A Haber Merkezi &#8211; \u0130stanbul 24 Aral\u0131k 2008, \u00c7ar\u015famba Do\u00e7. Dr. Yaman Akdeniz ve Yrd. Do\u00e7. Dr. Kerem Alt\u0131parmak, \u0130HOP&#8217;un katk\u0131lar\u0131yla haz\u0131rlad\u0131klar\u0131&#8230;<\/p>\n","protected":false},"author":1,"featured_media":0,"comment_status":"open","ping_status":"closed","sticky":false,"template":"","format":"standard","meta":{"jetpack_post_was_ever_published":false,"_jetpack_newsletter_access":"","_jetpack_dont_email_post_to_subs":false,"_jetpack_newsletter_tier_id":0,"_jetpack_memberships_contains_paywalled_content":false,"_jetpack_memberships_contains_paid_content":false,"footnotes":"","jetpack_publicize_message":"","jetpack_publicize_feature_enabled":true,"jetpack_social_post_already_shared":false,"jetpack_social_options":{"image_generator_settings":{"template":"highway","default_image_id":0,"font":"","enabled":false},"version":2}},"categories":[22,5,21,3,17],"tags":[],"class_list":["post-294","post","type-post","status-publish","format-standard","hentry","category-5651-nolu-kanun","category-dusunce-ozgurlugu","category-erisim-engelleme","category-sansur","category-tib"],"jetpack_publicize_connections":[],"jetpack_featured_media_url":"","jetpack_sharing_enabled":true,"jetpack_shortlink":"https:\/\/wp.me\/p7wjA8-4K","jetpack-related-posts":[],"_links":{"self":[{"href":"https:\/\/privacy.cyber-rights.org.tr\/index.php?rest_route=\/wp\/v2\/posts\/294","targetHints":{"allow":["GET"]}}],"collection":[{"href":"https:\/\/privacy.cyber-rights.org.tr\/index.php?rest_route=\/wp\/v2\/posts"}],"about":[{"href":"https:\/\/privacy.cyber-rights.org.tr\/index.php?rest_route=\/wp\/v2\/types\/post"}],"author":[{"embeddable":true,"href":"https:\/\/privacy.cyber-rights.org.tr\/index.php?rest_route=\/wp\/v2\/users\/1"}],"replies":[{"embeddable":true,"href":"https:\/\/privacy.cyber-rights.org.tr\/index.php?rest_route=%2Fwp%2Fv2%2Fcomments&post=294"}],"version-history":[{"count":0,"href":"https:\/\/privacy.cyber-rights.org.tr\/index.php?rest_route=\/wp\/v2\/posts\/294\/revisions"}],"wp:attachment":[{"href":"https:\/\/privacy.cyber-rights.org.tr\/index.php?rest_route=%2Fwp%2Fv2%2Fmedia&parent=294"}],"wp:term":[{"taxonomy":"category","embeddable":true,"href":"https:\/\/privacy.cyber-rights.org.tr\/index.php?rest_route=%2Fwp%2Fv2%2Fcategories&post=294"},{"taxonomy":"post_tag","embeddable":true,"href":"https:\/\/privacy.cyber-rights.org.tr\/index.php?rest_route=%2Fwp%2Fv2%2Ftags&post=294"}],"curies":[{"name":"wp","href":"https:\/\/api.w.org\/{rel}","templated":true}]}}