{"id":298,"date":"2008-12-26T11:34:20","date_gmt":"2008-12-26T08:34:20","guid":{"rendered":"http:\/\/privacy.cyber-rights.org.tr\/?p=298"},"modified":"2008-12-26T11:34:23","modified_gmt":"2008-12-26T08:34:23","slug":"european-union-voices-concern-over-inadequacy-of-privacy-bill","status":"publish","type":"post","link":"https:\/\/privacy.cyber-rights.org.tr\/?p=298","title":{"rendered":"European Union voices concern over inadequacy of privacy bill"},"content":{"rendered":"<p><a href=\"http:\/\/www.todayszaman.com\/tz-web\/detaylar.do?load=detay&#038;link=162348\">European Union voices concern over inadequacy of privacy bill<\/a>: &#8220;The European Union has criticized a bill on the protection of private data, a piece of legislation that has been given priority in the country\u2019s efforts for greater harmonization with EU legislation, saying that the scope of exceptions mentioned in the bill is so vast and ambiguous that that it will be insufficient to prevent abuse.&#8221;<\/p>\n<p>EU Counterterrorism Coordinator Gilles de Kerchove recently paid a visit to the parliamentary EU Harmonization Commission and stated that in order for Turkey to aid international counterterrorism efforts, it should pass the bill in the shortest time possible. He noted, however, that the bill has numerous ambiguous exceptions and that they have concerns that this may lead to racial discrimination.<\/p>\n<p>Concerning de Kerchove\u2019s demand for revision of the bill, Republican People\u2019s Party (CHP) Deputy Chairman Onur \u00d6ymen said, \u201cWe, too, seek to do this, but in Turkey, even wiretapping phone calls can stir debates.\u201d<\/p>\n<p>The bill prohibits the collecting of private data concerning race, political affiliation, religion, sect or other beliefs, membership in associations, foundations or trade unions, health and other private matters. However, it allows for the exchange of such private data among state organs if deemed necessary for intelligence activities conducted to ensure national security and national defense or for the prevention or prosecution of crime.<\/p>\n<p>There are concerns that intelligence organizations such as the National Intelligence Organization (M\u0130T) as well as the General Staff, the Gendarmerie General Command and the National Police Department may categorize people according to race, political affiliation, belief, religion or sect based on this exception.<\/p>\n<p>The Turkish government is willing to pay heed to the criticism voiced by the EU. Government officials note that a number of revisions may be introduced to the bill during negotiations in Parliament, but they have not specified the scope of these revisions.<\/p>\n<p>On the other hand, the members of the EU Harmonization Commission criticized the EU for being insincere about counterterrorism.<\/p>\n<p>Alleging that EU member countries have refrained from supporting Turkey\u2019s counterterrorism efforts, the commission said: \u201cMany terrorists were accepted as political refugees by European countries. EU member countries allow terrorists to make TV broadcasts. Moreover, [outlawed Kurdistan Workers\u2019 Party (PKK) leader] Abdullah \u00d6calan was caught with a Greek ID card. They should take concrete steps on these issues if they want our cooperation in counterterrorism.\u201d<\/p>\n<p>Ambassador Emie: There is a slowdown in the process<\/p>\n<p>Another visitor to the parliamentary EU Harmonization Commission was French Ambassador to Turkey Bernard Emie, who complained about the sluggishness of Turkey\u2019s reform process. \u201cAfter the preliminary preparations are completed, negotiations will start. But, things go slowly on the Turkish side. Bureaucracy, too, slows things down. For the start of negotiations, steps must be taken on six chapters in particular,\u201d he said. Commission Chairman Ya\u015far Yak\u0131\u015f and \u00d6ymen noted that when the currently open chapters are completed, there will remain nothing to negotiate about and asked whether the same method was followed in negotiations with other countries. \u201cThere are certain conditions. Turkey should do what is required from it. There is a slowdown,\u201d said the French ambassador.<\/p>\n<p>26 December 2008, Friday<br \/>\nERCAN YAVUZ  ANKARA<\/p>\n<p>(Via <a href=\"http:\/\/www.todayszaman.com\/tz-web\/\">Today\u2019s Zaman, your gateway to Turkish news :: News<\/a>.)<\/p>\n","protected":false},"excerpt":{"rendered":"<p>European Union voices concern over inadequacy of privacy bill: &#8220;The European Union has criticized a bill on the protection of private data, a piece of legislation that has been given priority in the country\u2019s efforts for greater harmonization with EU legislation, saying that the scope of exceptions mentioned in the bill is so vast and ambiguous that that it will&#8230;<\/p>\n","protected":false},"author":1,"featured_media":0,"comment_status":"open","ping_status":"closed","sticky":false,"template":"","format":"standard","meta":{"jetpack_post_was_ever_published":false,"_jetpack_newsletter_access":"","_jetpack_dont_email_post_to_subs":false,"_jetpack_newsletter_tier_id":0,"_jetpack_memberships_contains_paywalled_content":false,"_jetpack_memberships_contains_paid_content":false,"footnotes":"","jetpack_publicize_message":"","jetpack_publicize_feature_enabled":true,"jetpack_social_post_already_shared":false,"jetpack_social_options":{"image_generator_settings":{"template":"highway","default_image_id":0,"font":"","enabled":false},"version":2}},"categories":[16,20,10,9,11],"tags":[],"class_list":["post-298","post","type-post","status-publish","format-standard","hentry","category-data-protection","category-kisisel-verilerin-korunmasi","category-mahremiyet","category-privacy","category-turkey"],"jetpack_publicize_connections":[],"jetpack_featured_media_url":"","jetpack_sharing_enabled":true,"jetpack_shortlink":"https:\/\/wp.me\/p7wjA8-4O","jetpack-related-posts":[],"_links":{"self":[{"href":"https:\/\/privacy.cyber-rights.org.tr\/index.php?rest_route=\/wp\/v2\/posts\/298","targetHints":{"allow":["GET"]}}],"collection":[{"href":"https:\/\/privacy.cyber-rights.org.tr\/index.php?rest_route=\/wp\/v2\/posts"}],"about":[{"href":"https:\/\/privacy.cyber-rights.org.tr\/index.php?rest_route=\/wp\/v2\/types\/post"}],"author":[{"embeddable":true,"href":"https:\/\/privacy.cyber-rights.org.tr\/index.php?rest_route=\/wp\/v2\/users\/1"}],"replies":[{"embeddable":true,"href":"https:\/\/privacy.cyber-rights.org.tr\/index.php?rest_route=%2Fwp%2Fv2%2Fcomments&post=298"}],"version-history":[{"count":0,"href":"https:\/\/privacy.cyber-rights.org.tr\/index.php?rest_route=\/wp\/v2\/posts\/298\/revisions"}],"wp:attachment":[{"href":"https:\/\/privacy.cyber-rights.org.tr\/index.php?rest_route=%2Fwp%2Fv2%2Fmedia&parent=298"}],"wp:term":[{"taxonomy":"category","embeddable":true,"href":"https:\/\/privacy.cyber-rights.org.tr\/index.php?rest_route=%2Fwp%2Fv2%2Fcategories&post=298"},{"taxonomy":"post_tag","embeddable":true,"href":"https:\/\/privacy.cyber-rights.org.tr\/index.php?rest_route=%2Fwp%2Fv2%2Ftags&post=298"}],"curies":[{"name":"wp","href":"https:\/\/api.w.org\/{rel}","templated":true}]}}