{"id":300,"date":"2008-12-28T13:04:36","date_gmt":"2008-12-28T10:04:36","guid":{"rendered":"http:\/\/privacy.cyber-rights.org.tr\/?p=300"},"modified":"2008-12-28T13:06:32","modified_gmt":"2008-12-28T10:06:32","slug":"birgun-internet-siyasi-nedenlerle-engelleniyor%e2%80%99","status":"publish","type":"post","link":"https:\/\/privacy.cyber-rights.org.tr\/?p=300","title":{"rendered":"BirG\u00fcn: &#8216;\u0130NTERNET S\u0130YAS\u0130 NEDENLERLE ENGELLEN\u0130YOR\u2019"},"content":{"rendered":"<p><a href=\"http:\/\/www.birgun.net\/actuel_index.php?news_code=1230248534&#038;year=2008&#038;month=12&#038;day=26\">Halk\u0131n Gazetesi BirG\u00fcn: \u2018\u0130NTERNET S\u0130YAS\u0130 NEDENLERLE ENGELLEN\u0130YOR\u2019<\/a><\/p>\n<p>01:42 26 Aral\u0131k 2008<\/p>\n<p>Do\u00e7. Dr. Yaman Akdeniz ve Yrd. Do\u00e7. Dr. Kerem Alt\u0131parmak T\u00fcrkiye\u2019de \u00fcst \u00fcste gelen internet yasaklamalar\u0131n\u0131n \u00f6nemli bir k\u0131sm\u0131n\u0131n \u2018\u00e7ocuklar\u0131 koruma\u2019 gerek\u00e7esine dayand\u0131r\u0131lsa da asl\u0131nda tamamen \u2018siyasi\u2019 oldu\u011funu s\u00f6yledi&#8230; <\/p>\n<div style=\"text-align:center;\"><img data-recalc-dims=\"1\" loading=\"lazy\" decoding=\"async\" src=\"https:\/\/i0.wp.com\/cyberlaw.org.uk\/wp-content\/uploads\/2008\/12\/birgun-1230252141.jpg?resize=300%2C230\" alt=\"birgun_1230252141.jpg\" border=\"0\" width=\"300\" height=\"230\" \/><\/div>\n<p>UFUK KO\u015eAR<\/p>\n<p>Her iki yazar \u0130nan Haklar\u0131 Ortak Platformu\u2019nu  (\u0130HOP) katk\u0131lar\u0131yla haz\u0131rlad\u0131klar\u0131 &#8216;\u0130nternet: Girilmesi Tehlikeli ve Yasakt\u0131r&#8217; isimli kitab\u0131n tan\u0131t\u0131m\u0131 toplant\u0131s\u0131nda, \u2018Alevi, K\u00fcrt ve sol d\u00fc\u015fman\u0131 siteler serbest\u00e7e yay\u0131n yaparken bu kesimlerin siteleri sistemli bir bi\u00e7imde kapat\u0131lmaktad\u0131r\u2019 dedi. Akademisyenler, T\u00fcrkiye\u2019de internet yasaklamay\u0131 ya da kontrol\u00fcn\u00fc sa\u011flayan yasan\u0131n olduk\u00e7a sorunlu oldu\u011funu s\u00f6yledi. \u0130nternet sitesi kapatman\u0131n hukuka ayk\u0131r\u0131 oldu\u011funu belirten Akdeniz ve Alt\u0131parmak, bu alan\u0131n acilen d\u00fczenlenmesi gerekti\u011fini s\u00f6yledi.<\/p>\n<p>Alt\u0131parmak ve Akdeniz,  &#8216;Devletin \u0130nternetin ne oldu\u011funu \u00e7ok iyi anlad\u0131\u011f\u0131n\u0131 ve s\u0131rf bu y\u00fczden internet yasaklamalar\u0131na gitti\u011fini s\u00f6yledi.  Akademisyenler bu konuyla ilgili \u015fu g\u00f6r\u00fc\u015fleri dile getirdi: \u2018T\u00fcrkiye\u2019de \u00f6rg\u00fctlenme ve d\u00fc\u015f\u00fcnceyi ifade etme hala olduk\u00e7a sorunlu ve devlet buna kar\u015f\u0131. \u0130nsanlar internet \u00fczerinden \u00f6rg\u00fctleniyor ve fikirlerini yay\u0131yor. 5651 Say\u0131l\u0131 Yasa muhataplar\u0131na savunma hakk\u0131 bile tan\u0131nmadan uygulanan sorunlu bir yasa. Bu yasa kald\u0131r\u0131lmal\u0131, konunun muhataplar\u0131n\u0131n da kat\u0131ld\u0131\u011f\u0131 bir tart\u0131\u015fmayla bir yasa d\u00fczenlenmeli.&#8217; <\/p>\n<p>\u2018D\u0130\u011eER NEDENLER\u2019 \u00dcLKES\u0130<\/p>\n<p>\u0130ngiltere Leeds \u00dcniversitesi Hukuk Fak\u00fcltesi\u2019nde \u00f6\u011fretim g\u00f6revlisi Do\u00e7. Dr. Yaman Akdeniz, internet yasaklamalar\u0131n\u0131n m\u00fcstehcenlik ve \u00e7ocuklar\u0131 koruma gibi nedenlere dayand\u0131r\u0131lmas\u0131n\u0131 \u2018k\u0131l\u0131f\u2019 olarak de\u011ferlendirdi. Akdeniz \u015f\u00f6yle konu\u015ftu:<\/p>\n<p>&#8216;Bu yasaklamalar\u0131 me\u015fru g\u00f6stermek i\u00e7in \u00e7ocuklar bahane ediliyor. Eri\u015fimi engellenen sitelerin b\u00fcy\u00fck \u00e7o\u011funlu\u011fu siyasi i\u00e7erikli siteler. 5651 say\u0131l\u0131 yasada bulunan &#8216;Atat\u00fcrk&#8217;e hakaret&#8217;, &#8216;m\u00fcstehcenlik&#8217;, &#8216;kumar&#8217;, &#8216;uyu\u015fturucuyu \u00f6zendirme&#8217;, gibi ifadelerle kapat\u0131lan yay\u0131nlar\u0131n \u00e7o\u011funlu\u011fu sosyalist, devrimci, K\u00fcrt m\u00fccadelesiyle ve ba\u015fka m\u00fccadelelerle ilgili siteler. Bu bize kapatma kararlar\u0131n\u0131n politik oldu\u011funu g\u00f6steriyor. Yasa garip oldu\u011fu i\u00e7inbaz\u0131 kararlara da garip gerek\u00e7eler yaz\u0131l\u0131yor: Mesela bir\u00e7ok sitenin ni\u00e7in kapat\u0131ld\u0131\u011f\u0131 belli de\u011fil. Mahkeme karar\u0131nda \u2018di\u011fer nedenler\u2019le kapat\u0131lan siteler var. Bu di\u011fer nedenler ne? Kimse bilmiyor. T\u00fcrkiye\u2019de y\u00fczden fazla site di\u011fer nedenlerle kapat\u0131ld\u0131.\u2019<\/p>\n<p>Ankara \u00dcniversitesi Siyasal Bilgiler Fak\u00fcltesi \u00d6\u011fretim \u00dcyesi Yrd. Do\u00e7. Dr. Kerem Alt\u0131parmak, da yasan\u0131n di\u011fer sorunlu yanlar\u0131n\u0131 anlatt\u0131:<\/p>\n<p>&#8216;Kapat\u0131lmak istenen internet sitesine kapatma nedeni olan yaz\u0131y\u0131 yazan ki\u015fiyi dinleyen bir yarg\u0131lama s\u00fcreci yok. Tutanaklarda daval\u0131n\u0131n ad\u0131 dahi yer alm\u0131yor. Bir ki\u015finin yazd\u0131\u011f\u0131 ve su\u00e7 olu\u015fturdu\u011funa inan\u0131lan bir yaz\u0131 ya da bir g\u00f6r\u00fcnt\u00fc nedeniyle bir site kapat\u0131labiliyor. \u0130nternetle ilgili davalarda adil bir yarg\u0131lamadan bahsetmek m\u00fcmk\u00fcn de\u011fil. \u0130nternet ortam\u0131nda yay\u0131n yapan ve buradan para kazanan bir siteyi kapatan devletin bu s\u00fcre boyunca kurumun \u00e7al\u0131\u015fanlar\u0131n\u0131n zararlar\u0131n\u0131 nas\u0131l kar\u015f\u0131layaca\u011f\u0131 da bilinmiyor.\u2019 <\/p>\n<p>SANS\u00dcRDEN DAHA TEHL\u0130KEL\u0130S\u0130 OTOSANS\u00dcR<\/p>\n<p>T\u00fcrkiye&#8217;de bu konunun konu\u015fulmas\u0131n\u0131n tek nedeninin YouTube, worodpress, gazetevatan.com gibi internet sitelerinin kapat\u0131lmas\u0131 oldu\u011funu dile getiren Akdeniz, &#8216;E\u011fer eri\u015fime engellenen sadece G\u00fcndem gazetesi, F\u0131rat Haber Ajans\u0131, E\u011fitim-Sen&#8217;in sitesi olsayd\u0131 b\u00fcy\u00fck bir ihtimalle internet yasaklar\u0131 hi\u00e7 g\u00fcndemimiz olmayacakt\u0131&#8217; \u015feklinde konu\u015ftu.<\/p>\n<p>Adnan Oktar&#8217;\u0131n bianet&#8217;e tehdidini hat\u0131rlatan Alt\u0131parmak,bianet\u2019in tutumunu iyi bir \u00f6rnek olarak g\u00f6sterdi ve  &#8216;sans\u00fcrden daha tehlikelisinin oto sans\u00fcr oldu\u011funu&#8217; s\u00f6yledi.<\/p>\n<p>Alt\u0131parmak \u015funlar\u0131 s\u00f6yledi: &#8216;Haber yapan, yaz\u0131 yazan insanlar i\u00e7in kapat\u0131lmak bir tehdide d\u00f6n\u00fc\u015ft\u00fc. Bu da beraberinde kendini  sans\u00fcrlemeyi getiriyor. Demokrasi ve \u00f6zg\u00fcrl\u00fckler i\u00e7in yap\u0131lmas\u0131 gereken, t\u0131pk\u0131 bianet&#8217;in de yapt\u0131\u011f\u0131 gibi bu tehditler kar\u015f\u0131s\u0131nda geri ad\u0131m atmamak. Yasaklanan siteyi b\u00fcy\u00fck ve k\u00fc\u00e7\u00fck diye de\u011ferlendirmemek gerekiyor. Prensip olarak yasaklamaya kar\u015f\u0131 olmak gerekiyor.&#8217;<\/p>\n<p>Bas\u0131n toplant\u0131s\u0131nda konu\u015fan \u0130HOP Koordinat\u00f6r\u00fc Feray Salman da &#8216;Kitaptaki &#8216;yasan\u0131n \u00fcstten birilerince de\u011fil, konunun muhataplar\u0131n\u0131n da kat\u0131l\u0131m\u0131yla yeniden d\u00fczenlenmesi \u00f6nerisini&#8217; destekliyoruz&#8217; \u015feklinde konu\u015ftu.Salman, temel hak ve \u00f6zg\u00fcrl\u00fcklerin hi\u00e7 bir alanda s\u0131n\u0131nrland\u0131r\u0131lmamas\u0131 gerikti\u011fine dikkat \u00e7ekti.<\/p>\n<p>Yazar \u00dcmit F\u0131rat&#8217;\u0131n a\u00e7\u0131\u015f konu\u015fmas\u0131n\u0131 yapt\u0131\u011f\u0131 toplant\u0131ya bas\u0131ndan ve \u00e7e\u015fitli kurumlardan temsilciler kat\u0131ld\u0131. \u00dcmit F\u0131rat,  internetin g\u00fcnl\u00fck hayatta kullun\u0131m\u0131n\u0131n artmas\u0131yla demokrasinin geli\u015fmesi aras\u0131ndaki ili\u015fkiye vurgu yapt\u0131.<\/p>\n","protected":false},"excerpt":{"rendered":"<p>Halk\u0131n Gazetesi BirG\u00fcn: \u2018\u0130NTERNET S\u0130YAS\u0130 NEDENLERLE ENGELLEN\u0130YOR\u2019 01:42 26 Aral\u0131k 2008 Do\u00e7. Dr. Yaman Akdeniz ve Yrd. Do\u00e7. Dr. Kerem Alt\u0131parmak T\u00fcrkiye\u2019de \u00fcst \u00fcste gelen internet yasaklamalar\u0131n\u0131n \u00f6nemli bir k\u0131sm\u0131n\u0131n \u2018\u00e7ocuklar\u0131 koruma\u2019 gerek\u00e7esine dayand\u0131r\u0131lsa da asl\u0131nda tamamen \u2018siyasi\u2019 oldu\u011funu s\u00f6yledi&#8230; UFUK KO\u015eAR Her iki yazar \u0130nan Haklar\u0131 Ortak Platformu\u2019nu (\u0130HOP) katk\u0131lar\u0131yla haz\u0131rlad\u0131klar\u0131 &#8216;\u0130nternet: Girilmesi Tehlikeli ve Yasakt\u0131r&#8217; isimli kitab\u0131n tan\u0131t\u0131m\u0131&#8230;<\/p>\n","protected":false},"author":1,"featured_media":0,"comment_status":"open","ping_status":"closed","sticky":false,"template":"","format":"standard","meta":{"jetpack_post_was_ever_published":false,"_jetpack_newsletter_access":"","_jetpack_dont_email_post_to_subs":false,"_jetpack_newsletter_tier_id":0,"_jetpack_memberships_contains_paywalled_content":false,"_jetpack_memberships_contains_paid_content":false,"footnotes":"","jetpack_publicize_message":"","jetpack_publicize_feature_enabled":true,"jetpack_social_post_already_shared":false,"jetpack_social_options":{"image_generator_settings":{"template":"highway","default_image_id":0,"font":"","enabled":false},"version":2}},"categories":[1],"tags":[],"class_list":["post-300","post","type-post","status-publish","format-standard","hentry","category-uncategorized"],"jetpack_publicize_connections":[],"jetpack_featured_media_url":"","jetpack_sharing_enabled":true,"jetpack_shortlink":"https:\/\/wp.me\/p7wjA8-4Q","jetpack-related-posts":[],"_links":{"self":[{"href":"https:\/\/privacy.cyber-rights.org.tr\/index.php?rest_route=\/wp\/v2\/posts\/300","targetHints":{"allow":["GET"]}}],"collection":[{"href":"https:\/\/privacy.cyber-rights.org.tr\/index.php?rest_route=\/wp\/v2\/posts"}],"about":[{"href":"https:\/\/privacy.cyber-rights.org.tr\/index.php?rest_route=\/wp\/v2\/types\/post"}],"author":[{"embeddable":true,"href":"https:\/\/privacy.cyber-rights.org.tr\/index.php?rest_route=\/wp\/v2\/users\/1"}],"replies":[{"embeddable":true,"href":"https:\/\/privacy.cyber-rights.org.tr\/index.php?rest_route=%2Fwp%2Fv2%2Fcomments&post=300"}],"version-history":[{"count":0,"href":"https:\/\/privacy.cyber-rights.org.tr\/index.php?rest_route=\/wp\/v2\/posts\/300\/revisions"}],"wp:attachment":[{"href":"https:\/\/privacy.cyber-rights.org.tr\/index.php?rest_route=%2Fwp%2Fv2%2Fmedia&parent=300"}],"wp:term":[{"taxonomy":"category","embeddable":true,"href":"https:\/\/privacy.cyber-rights.org.tr\/index.php?rest_route=%2Fwp%2Fv2%2Fcategories&post=300"},{"taxonomy":"post_tag","embeddable":true,"href":"https:\/\/privacy.cyber-rights.org.tr\/index.php?rest_route=%2Fwp%2Fv2%2Ftags&post=300"}],"curies":[{"name":"wp","href":"https:\/\/api.w.org\/{rel}","templated":true}]}}