{"id":306,"date":"2008-12-31T20:13:38","date_gmt":"2008-12-31T17:13:38","guid":{"rendered":"http:\/\/privacy.cyber-rights.org.tr\/?p=306"},"modified":"2008-12-31T20:13:42","modified_gmt":"2008-12-31T17:13:42","slug":"dinleme-iznine-karsi-yeni-karar","status":"publish","type":"post","link":"https:\/\/privacy.cyber-rights.org.tr\/?p=306","title":{"rendered":"Dinleme iznine kar\u015f\u0131 yeni karar"},"content":{"rendered":"<p><a href=\"http:\/\/www.ntvmsnbc.com\/news\/470676.asp\">Dinleme iznine kar\u015f\u0131 yeni karar<\/a><\/p>\n<p>Yarg\u0131tay Birinci Ba\u015fkanlar Kurulu, jadarman\u0131n dinleme yetkisine itiraz ederken M\u0130T ve Emniyetin \u00fclke genelindedinleme yetkisine itiraz etmeyen Adalet Bakanl\u0131\u011f\u0131 b\u00fcrokratlar\u0131n\u0131n soru\u015fturulmas\u0131n\u0131 istedi.&#8221;<\/p>\n<p>G\u00d6KHAN GER\u00c7EK, NTV-MSNBC VE AJANSLAR<br \/>\nG\u00fcncelleme: 13:44 TS\u0130 30 Aral\u0131k 2008 Sal\u0131<\/p>\n<p>ANKARA &#8211; Adalet Bakan\u0131 Mehmet Ali \u015eahin ise, Adalet Bakanl\u0131\u011f\u0131 M\u00fcste\u015far\u0131 Ahmet Kahraman, M\u00fcste\u015far Yard\u0131mc\u0131s\u0131 Zeki Yi\u011fit ile Ceza \u0130\u015fleri Genel M\u00fcd\u00fcr\u00fc Galip Tuncay Tutar hakk\u0131nda, soru\u015fturma a\u00e7\u0131lmas\u0131 istemine ili\u015fkin \u201cYarg\u0131tay\u2019dan gelen dosyay\u0131 hen\u00fcz incelemi\u015f de\u011filim. \u0130ncelerim, yasalar bana hangi hak ve yetkiyi vermi\u015fse o s\u0131n\u0131rlar i\u00e7inde hareket ederim\u201d a\u00e7\u0131klamas\u0131n\u0131 yapt\u0131. Adalet Bakan\u0131 \u015eahin, izin verirse 3 b\u00fcrokrat hakk\u0131nda soru\u015fturma yap\u0131labilecek. \u0130zin verilmemesi durumunda, YARSAV\u2019\u0131n, izin verilmemesine ili\u015fkin i\u015fleminin iptali istemiyle Ankara \u0130dare Mahkemesi\u2019nde dava a\u00e7ma hakk\u0131 bulunuyor. YARSAV\u2019\u0131n bakanl\u0131\u011f\u0131n yaz\u0131l\u0131 emre gitmeme konusundaki karar\u0131n\u0131n iptali i\u00e7in \u0130dari Mahkeme\u2019ye ba\u015fvuraca\u011f\u0131 da \u00f6\u011frenildi.<br \/>\n<!--more--><br \/>\nYarg\u0131tay Birinci Ba\u015fkanlar Kurulu telekulak tart\u0131\u015fmalar\u0131na yeni boyut kazand\u0131racak karara imza att\u0131. Jandarma \u0130stihbarat, Emniyet \u0130stihbarat ve M\u0130T \u00fclke genelinde dinleme yapabiliyordu ancak Adalet Bakanl\u0131\u011f\u0131 jandarman\u0131n \u00fclke genelinde dinleme yapmas\u0131na itiraz etmi\u015f ve bunun \u00fczerine de Yarg\u0131tay jandarman\u0131n bu yetkisini elinden alm\u0131\u015ft\u0131. Jandarma bu s\u00fcre\u00e7ten sonra dinleme yapamamaya ba\u015flad\u0131.<br \/>\nYarg\u0131tay\u2019\u0131n karar\u0131nda \u2018\u00fclke genelinde dinleme yap\u0131lamayaca\u011f\u0131na\u2019 h\u00fckmedilmi\u015f ve \u015f\u00f6yle denilmi\u015fti: \u201cAmac\u0131 ne olursa olsun hi\u00e7bir kuruma demokratik bir hukuk devleti olan T\u00fcrkiye Cumhuriyeti\u2019nde ya\u015fayan insanlar \u015f\u00fcpheli g\u00f6r\u00fclerek \u00fclke geneline kapsayacak \u015fekilde yetki verilemeyece\u011fi a\u00e7\u0131kt\u0131r.\u201d<\/p>\n<p>Yarg\u0131\u00e7lar ve Savc\u0131lar Birli\u011fi, M\u0130T ve Emniyet\u2019in \u00fclke genelindeki dinleme yetkisine t\u0131pk\u0131 jandarma i\u00e7in yapt\u0131\u011f\u0131 gibi itiraz etmesi i\u00e7in Adalet Bakanl\u0131\u011f\u0131na ba\u015fvurmu\u015ftu.<\/p>\n<p>Ancak Bakanl\u0131k Yarsav\u2019\u0131n ba\u015fvurusunu reddetmi\u015fti. YARSAV bunun \u00fczerine g\u00f6revlerini k\u00f6t\u00fcye kulland\u0131klar\u0131 gerek\u00e7esiyle Adalet Bakanl\u0131\u011f\u0131 b\u00fcrokratlar\u0131 hakk\u0131nda Yarg\u0131tay 1. Ba\u015fkanlar Kuruluna su\u00e7 duyurusunda bulundu. Kurul, bakanl\u0131k m\u00fcste\u015far\u0131 Ahmet Kahraman, M\u00fcste\u015far Yard\u0131mc\u0131s\u0131 Zeki Yi\u011fit Ve Ceza \u0130\u015fleri Genel M\u00fcd\u00fcr\u00fc Galip Tuncay Tutar\u2019\u0131n adli ve idari y\u00f6nden soru\u015fturulmas\u0131 gerekti\u011fine karar verdi.<\/p>\n<p>\u015eimdi g\u00f6zler b\u00fcrokratlar hakk\u0131nda soru\u015fturma iznini karara ba\u011flayacak olan Adalet Bakan\u0131 \u015eahin\u2019de. \u015eahin, \u201cYasalar bana hangi hak ve yetkiyi vermi\u015fse o s\u0131n\u0131rlar i\u00e7inde hareket ederim\u201d de\u011ferlendirmesinde bulundu.<\/p>\n<p>Gazetecilerin sorularn\u0131 yan\u0131tlayan \u015eahin \u201cYarg\u0131tay karar\u0131na ra\u011fmen Emniyet, M\u0130T ve Jandarma\u2019ya dinleme yetkisi veren mahkeme kararlar\u0131n\u0131 nas\u0131l de\u011ferlendiriyorsunuz?\u201d sorusuna \u201c\u00dc\u00e7 kurumun yasalar\u0131n\u0131 incelerseniz bu sorunun cevab\u0131n\u0131 g\u00f6receksiniz\u201d yan\u0131t\u0131n\u0131 verdi.<\/p>\n<p>\u201cDinlemelerin \u00f6zel hayata m\u00fcdahale anlam\u0131na gelip gelmedi\u011fi\u201d y\u00f6n\u00fcndeki bir soru \u00fczerine \u015eahin, \u015funlar\u0131 s\u00f6yledi: \u201cT\u00fcrkiye bir hukuk devletidir. Emniyet, M\u0130T ve Jandarma\u2019n\u0131n istihbari anlamda ileti\u015fimleri takip etmekle ilgili yetkilerinin olup olmad\u0131\u011f\u0131 kendi yasalar\u0131nda bellidir. Bu konulardaki m\u00fcracaatlara da ba\u011f\u0131ms\u0131z yarg\u0131 organlar\u0131 karar vermektedir. Ankara\u2019da da A\u011f\u0131r Ceza Mahkemesi karar vermektedir. Her \u015fey yasal s\u0131n\u0131rlar i\u00e7eresinde cereyan eder. Bu konuda \u015fikayetleri olanlar varsa yetkili mercilere ba\u015fvuracaklard\u0131r. Bu m\u00fcracaatlar da yine yasal \u00e7er\u00e7evede de\u011ferlendirilir. Tela\u015f edecek herhangi bir husus s\u00f6z konusu de\u011fil.\u201d<\/p>\n<p>D\u0130NLEME TARTI\u015eMASINDA S\u00dcRE\u00c7<br \/>\nAnkara 11. A\u011f\u0131r Ceza Mahkemesi \u00fcyesinin, jandarman\u0131n t\u00fcm T\u00fcrkiye\u2019yi kendi sorumluluk sahas\u0131nda izlemesine y\u00f6nelik verdi\u011fi karar, Adalet Bakanl\u0131\u011f\u0131\u2019nca, \u201ckanun yarar\u0131na bozma\u201d istemiyle Yarg\u0131tay 9. Ceza Dairesi\u2019ne g\u00f6t\u00fcr\u00fclm\u00fc\u015f, Daire, \u201c\u00fclke genelinde izleme yap\u0131lamayaca\u011f\u0131\u201d gerek\u00e7esiyle karar\u0131 bozmu\u015ftu.<\/p>\n<p>Jandarma i\u00e7in verilen bu karardan sonra Yarg\u0131\u00e7lar ve Savc\u0131lar Birli\u011fi (YARSAV) Ba\u015fkan\u0131 \u00d6mer Faruk Emina\u011fao\u011flu, M\u0130T ve emniyetin \u00fclke genelini kapsayan izleme kararlar\u0131 hakk\u0131nda da Yarg\u0131tay\u2019da kanun yarar\u0131na bozma yoluna gidilmesi i\u00e7in Adalet Bakanl\u0131\u011f\u0131na ba\u015fvurdu.<\/p>\n<p>Adalet Bakanl\u0131\u011f\u0131\u2019n\u0131n bu yaz\u0131ya cevap vermemesi \u00fczerine YARSAV, \u201cbakanl\u0131\u011f\u0131n bu yola gitmeyerek, g\u00f6revde yetkiyi k\u00f6t\u00fcye kulland\u0131\u011f\u0131\u201d gerek\u00e7esiyle Adalet Bakanl\u0131\u011f\u0131 Ceza \u0130\u015fleri Genel M\u00fcd\u00fcr\u00fc, ilgili m\u00fcste\u015far ve m\u00fcste\u015far yard\u0131mc\u0131s\u0131 hakk\u0131nda Yarg\u0131tay Birinci Ba\u015fkanl\u0131k Kurulu\u2019na su\u00e7 duyurusunda bulunmu\u015ftu.<\/p>\n<p>Kurul, dosyay\u0131 \u00fc\u00e7 b\u00fcrokrat hakk\u0131nda i\u015flem yap\u0131labilmesi i\u00e7in Adalet Bakanl\u0131\u011f\u0131na g\u00f6nderdi. Adalet Bakan\u0131 \u015eahin, izin verirse 3 b\u00fcrokrat hakk\u0131nda soru\u015fturma yap\u0131labilecek.<\/p>\n<p>\u0130zin verilmemesi durumunda, YARSAV\u2019\u0131n, izin verilmemesine ili\u015fkin i\u015fleminin iptali istemiyle Ankara \u0130dare Mahkemesi\u2019nde dava a\u00e7ma hakk\u0131 bulunuyor.<\/p>\n","protected":false},"excerpt":{"rendered":"<p>Dinleme iznine kar\u015f\u0131 yeni karar Yarg\u0131tay Birinci Ba\u015fkanlar Kurulu, jadarman\u0131n dinleme yetkisine itiraz ederken M\u0130T ve Emniyetin \u00fclke genelindedinleme yetkisine itiraz etmeyen Adalet Bakanl\u0131\u011f\u0131 b\u00fcrokratlar\u0131n\u0131n soru\u015fturulmas\u0131n\u0131 istedi.&#8221; G\u00d6KHAN GER\u00c7EK, NTV-MSNBC VE AJANSLAR G\u00fcncelleme: 13:44 TS\u0130 30 Aral\u0131k 2008 Sal\u0131 ANKARA &#8211; Adalet Bakan\u0131 Mehmet Ali \u015eahin ise, Adalet Bakanl\u0131\u011f\u0131 M\u00fcste\u015far\u0131 Ahmet Kahraman, M\u00fcste\u015far Yard\u0131mc\u0131s\u0131 Zeki Yi\u011fit ile Ceza \u0130\u015fleri Genel&#8230;<\/p>\n","protected":false},"author":1,"featured_media":0,"comment_status":"open","ping_status":"closed","sticky":false,"template":"","format":"standard","meta":{"jetpack_post_was_ever_published":false,"_jetpack_newsletter_access":"","_jetpack_dont_email_post_to_subs":false,"_jetpack_newsletter_tier_id":0,"_jetpack_memberships_contains_paywalled_content":false,"_jetpack_memberships_contains_paid_content":false,"footnotes":"","jetpack_publicize_message":"","jetpack_publicize_feature_enabled":true,"jetpack_social_post_already_shared":false,"jetpack_social_options":{"image_generator_settings":{"template":"highway","default_image_id":0,"font":"","enabled":false},"version":2}},"categories":[15,19,14],"tags":[],"class_list":["post-306","post","type-post","status-publish","format-standard","hentry","category-gizli-dinleme","category-izleme","category-telekulak"],"jetpack_publicize_connections":[],"jetpack_featured_media_url":"","jetpack_sharing_enabled":true,"jetpack_shortlink":"https:\/\/wp.me\/p7wjA8-4W","jetpack-related-posts":[],"_links":{"self":[{"href":"https:\/\/privacy.cyber-rights.org.tr\/index.php?rest_route=\/wp\/v2\/posts\/306","targetHints":{"allow":["GET"]}}],"collection":[{"href":"https:\/\/privacy.cyber-rights.org.tr\/index.php?rest_route=\/wp\/v2\/posts"}],"about":[{"href":"https:\/\/privacy.cyber-rights.org.tr\/index.php?rest_route=\/wp\/v2\/types\/post"}],"author":[{"embeddable":true,"href":"https:\/\/privacy.cyber-rights.org.tr\/index.php?rest_route=\/wp\/v2\/users\/1"}],"replies":[{"embeddable":true,"href":"https:\/\/privacy.cyber-rights.org.tr\/index.php?rest_route=%2Fwp%2Fv2%2Fcomments&post=306"}],"version-history":[{"count":0,"href":"https:\/\/privacy.cyber-rights.org.tr\/index.php?rest_route=\/wp\/v2\/posts\/306\/revisions"}],"wp:attachment":[{"href":"https:\/\/privacy.cyber-rights.org.tr\/index.php?rest_route=%2Fwp%2Fv2%2Fmedia&parent=306"}],"wp:term":[{"taxonomy":"category","embeddable":true,"href":"https:\/\/privacy.cyber-rights.org.tr\/index.php?rest_route=%2Fwp%2Fv2%2Fcategories&post=306"},{"taxonomy":"post_tag","embeddable":true,"href":"https:\/\/privacy.cyber-rights.org.tr\/index.php?rest_route=%2Fwp%2Fv2%2Ftags&post=306"}],"curies":[{"name":"wp","href":"https:\/\/api.w.org\/{rel}","templated":true}]}}