{"id":307,"date":"2008-12-31T20:18:47","date_gmt":"2008-12-31T17:18:47","guid":{"rendered":"http:\/\/privacy.cyber-rights.org.tr\/?p=307"},"modified":"2008-12-31T20:18:50","modified_gmt":"2008-12-31T17:18:50","slug":"vatan-chp%e2%80%99de-%e2%80%98bocek%e2%80%99-soku","status":"publish","type":"post","link":"https:\/\/privacy.cyber-rights.org.tr\/?p=307","title":{"rendered":"Vatan: CHP\u2019de \u2018b\u00f6cek\u2019 \u015foku"},"content":{"rendered":"<p><a href=\"http:\/\/haber.gazetevatan.com\/haberdetay.asp?detay=CHPde_dinleme__iddiasi_215990_1&#038;tarih=31.12.2008&#038;Newsid=215990&#038;Categoryid=1\">CHP\u2019de \u2018b\u00f6cek\u2019 \u015foku<\/a><\/p>\n<p>Genel Sekreter Yard\u0131mc\u0131s\u0131&#8217;n\u0131n sekreterinin odas\u0131nda dinleme cihaz\u0131 bulundu<\/p>\n<p>Ali \u00d6ZTUN\u00c7\/VATAN-ANKARA<\/p>\n<p>CHP Genel Sekreteri \u00d6nder Sav\u2019\u0131n telefonunun dinlendi\u011fi iddialar\u0131 g\u00fcnlerce kamuoyunu me\u015fgul ederken CHP\u2019de bir dinleme skandal\u0131 daha patlak verdi. \u00d6nceki g\u00fcn rutin incelemelerini yapan CHP g\u00fcvenlik elemanlar\u0131, Sav\u2019\u0131n da odas\u0131n\u0131n bulundu\u011fu 10. kattaki Genel Sekreter Yard\u0131mc\u0131s\u0131 Algan Hacalo\u011flu\u2019nun sekreterinin masas\u0131nda tan\u0131mad\u0131klar\u0131 bir cihaza rastlad\u0131lar. \u0130\u00e7inde saat pilinin oldu\u011fu cihaz hemen uzmanlara incelettirildi. Uzmanlar\u0131n yapt\u0131\u011f\u0131 inceleme sonucunda k\u00fc\u00e7\u00fck par\u00e7an\u0131n \u2018b\u00f6cek\u2019 tabir edilen dinleme cihaz\u0131 oldu\u011fu ortaya \u00e7\u0131kt\u0131. G\u00fcvenlik personeli \u00f6zel bir cihazla parti y\u00f6neticileri ve Genel Ba\u015fkan Deniz Baykal\u2019\u0131n odas\u0131nda da inceleme yapt\u0131lar.<\/p>\n<p>\u2018Her zaman arat\u0131yoruz\u2019<\/p>\n<p>CHP MYK toplant\u0131s\u0131n\u0131n ard\u0131ndan dinleme cihaz\u0131n\u0131n bulundu\u011funu a\u00e7\u0131klayan MYK s\u00f6zc\u00fcs\u00fc Mustafa \u00d6zy\u00fcrek, partiye gelen \u00e7i\u00e7eklerin aras\u0131nda da benzer cihazlar\u0131n bulundu\u011funu s\u00f6yledi. \u00d6zy\u00fcrek \u015fu de\u011ferlendirmeleri yapt\u0131:<\/p>\n<p>\u2018Zaman zaman bize gelen \u00e7i\u00e7eklerin i\u00e7inde de dinleme cihazlar\u0131na rastl\u0131yoruz. Kald\u0131 ki cep telefonlar\u0131n\u0131n hepsi dinleniyor. CHP\u2019nin hi\u00e7 kimseden gizleyecek bir \u015feyi yok. \u0130zinsizce dinlenmek insan haklar\u0131 ve haberle\u015fme \u00f6zg\u00fcrl\u00fc\u011f\u00fcne ayk\u0131r\u0131d\u0131r. H\u00fck\u00fcmetin Emniyet ve M\u0130T\u2019e s\u0131n\u0131rs\u0131z dinleme imkan\u0131 sa\u011flad\u0131\u011f\u0131 biliniyor. H\u00fck\u00fcmet bu yasad\u0131\u015f\u0131 \u00f6nlemeleri kesinlikle \u00f6nleyebilir. Bu asgari bir insan hakk\u0131d\u0131r. Benim konu\u015fmam niye ba\u015fkas\u0131 taraf\u0131ndan izinsiz dinlensin? Uzun zamand\u0131r kamuoyunda konu\u015fuluyor, telekulak olay\u0131 \u00e7ok yayg\u0131n hale geldi. Genel Sekreterimizin dinlenmesi ve ku\u015fkular bizi zaman zaman b\u00f6cek arama noktas\u0131na getirdi. Bir MYK \u00fcyesinin sekreterinin odas\u0131nda bunu bulduk. Bu nedir diye uzmanlara incelettik. Bir dinleme aleti \u2019b\u00f6cektir\u2019dendi. Tekrar odalarda tarama yapt\u0131r\u0131yoruz.\u2019<\/p>\n","protected":false},"excerpt":{"rendered":"<p>CHP\u2019de \u2018b\u00f6cek\u2019 \u015foku Genel Sekreter Yard\u0131mc\u0131s\u0131&#8217;n\u0131n sekreterinin odas\u0131nda dinleme cihaz\u0131 bulundu Ali \u00d6ZTUN\u00c7\/VATAN-ANKARA CHP Genel Sekreteri \u00d6nder Sav\u2019\u0131n telefonunun dinlendi\u011fi iddialar\u0131 g\u00fcnlerce kamuoyunu me\u015fgul ederken CHP\u2019de bir dinleme skandal\u0131 daha patlak verdi. \u00d6nceki g\u00fcn rutin incelemelerini yapan CHP g\u00fcvenlik elemanlar\u0131, Sav\u2019\u0131n da odas\u0131n\u0131n bulundu\u011fu 10. kattaki Genel Sekreter Yard\u0131mc\u0131s\u0131 Algan Hacalo\u011flu\u2019nun sekreterinin masas\u0131nda tan\u0131mad\u0131klar\u0131 bir cihaza rastlad\u0131lar. \u0130\u00e7inde saat pilinin&#8230;<\/p>\n","protected":false},"author":1,"featured_media":0,"comment_status":"open","ping_status":"closed","sticky":false,"template":"","format":"standard","meta":{"jetpack_post_was_ever_published":false,"_jetpack_newsletter_access":"","_jetpack_dont_email_post_to_subs":false,"_jetpack_newsletter_tier_id":0,"_jetpack_memberships_contains_paywalled_content":false,"_jetpack_memberships_contains_paid_content":false,"footnotes":"","jetpack_publicize_message":"","jetpack_publicize_feature_enabled":true,"jetpack_social_post_already_shared":false,"jetpack_social_options":{"image_generator_settings":{"template":"highway","default_image_id":0,"font":"","enabled":false},"version":2}},"categories":[15,19,14],"tags":[],"class_list":["post-307","post","type-post","status-publish","format-standard","hentry","category-gizli-dinleme","category-izleme","category-telekulak"],"jetpack_publicize_connections":[],"jetpack_featured_media_url":"","jetpack_sharing_enabled":true,"jetpack_shortlink":"https:\/\/wp.me\/p7wjA8-4X","jetpack-related-posts":[],"_links":{"self":[{"href":"https:\/\/privacy.cyber-rights.org.tr\/index.php?rest_route=\/wp\/v2\/posts\/307","targetHints":{"allow":["GET"]}}],"collection":[{"href":"https:\/\/privacy.cyber-rights.org.tr\/index.php?rest_route=\/wp\/v2\/posts"}],"about":[{"href":"https:\/\/privacy.cyber-rights.org.tr\/index.php?rest_route=\/wp\/v2\/types\/post"}],"author":[{"embeddable":true,"href":"https:\/\/privacy.cyber-rights.org.tr\/index.php?rest_route=\/wp\/v2\/users\/1"}],"replies":[{"embeddable":true,"href":"https:\/\/privacy.cyber-rights.org.tr\/index.php?rest_route=%2Fwp%2Fv2%2Fcomments&post=307"}],"version-history":[{"count":0,"href":"https:\/\/privacy.cyber-rights.org.tr\/index.php?rest_route=\/wp\/v2\/posts\/307\/revisions"}],"wp:attachment":[{"href":"https:\/\/privacy.cyber-rights.org.tr\/index.php?rest_route=%2Fwp%2Fv2%2Fmedia&parent=307"}],"wp:term":[{"taxonomy":"category","embeddable":true,"href":"https:\/\/privacy.cyber-rights.org.tr\/index.php?rest_route=%2Fwp%2Fv2%2Fcategories&post=307"},{"taxonomy":"post_tag","embeddable":true,"href":"https:\/\/privacy.cyber-rights.org.tr\/index.php?rest_route=%2Fwp%2Fv2%2Ftags&post=307"}],"curies":[{"name":"wp","href":"https:\/\/api.w.org\/{rel}","templated":true}]}}