{"id":310,"date":"2009-01-02T14:02:42","date_gmt":"2009-01-02T11:02:42","guid":{"rendered":"http:\/\/privacy.cyber-rights.org.tr\/?p=310"},"modified":"2009-01-02T14:02:46","modified_gmt":"2009-01-02T11:02:46","slug":"sonsayfa-haberler-abdullah-gulden-internet-itirafi","status":"publish","type":"post","link":"https:\/\/privacy.cyber-rights.org.tr\/?p=310","title":{"rendered":"Sonsayfa Haberler &#8211; Abdullah G\u00fcl&#8217;den internet itiraf\u0131"},"content":{"rendered":"<p><a href=\"http:\/\/www.sonsayfa.com\/Haberler-yasak-degil-baska-cozum-gerek-93754.html\">Sonsayfa Haberler &#8211; Abdullah G\u00fcl&#8217;den internet itiraf\u0131<\/a>: &#8220;Abdullah G\u00fcl&#8217;den internet itiraf\u0131<br \/>\nCumhurba\u015fkan\u0131 G\u00fcl bile Youtube&#8217;un kapat\u0131lmas\u0131na isyan ediyor. \u0130nternetin g\u00fcc\u00fcn\u00fc kabul ediyor ve yasak de\u011fil, ba\u015fka bir \u00e7\u00f6z\u00fcm gerek diyor.<\/p>\n<p>\u0130nternethaber<\/p>\n<p>Cumhurba\u015fkan\u0131 Abdullah G\u00fcl atv&#8217;deki &#8216;A\u00e7\u0131kkap\u0131&#8217; program\u0131 i\u00e7in Sabah Gazetesi yazar\u0131 Yavuz Baydar ve atv Haber Genel Yay\u0131n Y\u00f6netmeni Fuat U\u011fur&#8217;u \u00c7ankaya&#8217;da a\u011f\u0131rlad\u0131. Erdo\u011fan&#8217;la kavgal\u0131 olmad\u0131\u011f\u0131n\u0131 s\u00f6yledi. \u0130nternethabercileriyle de g\u00f6r\u00fc\u015fmek istedi\u011fini a\u00e7\u0131klad\u0131. Ve Youtube&#8217;un kapat\u0131lmas\u0131n\u0131 istemedi\u011fini s\u00f6zlerine ekledi.<\/p>\n<p>G\u00fcl&#8217;\u00fcn konu\u015fmas\u0131n\u0131n anahatlar\u0131 \u015f\u00f6yle:<\/p>\n<p>ERDO\u011eAN&#8217;LA KAVGALI MI?<\/p>\n<p>Tayyip Bey&#8217;le biz 1968&#8217;lerden beri arkada\u015f\u0131z. Kadim arkada\u015f\u0131z. En son 5-6 senemiz de kamuoyunun g\u00f6z\u00fc \u00f6n\u00fcnde ge\u00e7ti. Dostlu\u011fumuz hep bakidir. Dostlu\u011fumuz medeni \u00f6l\u00e7\u00fcler i\u00e7inde ve bug\u00fcnk\u00fc konumumuz gere\u011fi gayet profesyonelce gitmektedir. Biz d\u00fczenli g\u00f6r\u00fc\u015fmelerimizi yapmaktay\u0131z. Ben cumhurba\u015fkan\u0131 olduktan sonra ikimiz de gayet dikkatliyiz. Bunun \u00fclkemize \u00e7ok faydal\u0131 oldu\u011funa inan\u0131yoruz. Ama say\u0131n Ba\u015fbakanla Cumhurba\u015fkan\u0131 aras\u0131nda kavga, iti\u015fme, birbirlerini i\u011fneleme yoktur. Hi\u00e7bir zaman da olmayacakt\u0131r. Biz kendi konumlar\u0131m\u0131z\u0131n fark\u0131nday\u0131z. Konumlar\u0131m\u0131z\u0131n gere\u011fi neyse yerine getiriyoruz. \u015eahsi dostluklar\u0131m\u0131z, ailevi dostluklar\u0131m\u0131z bakidir. Ama bizim tarihi sorumluklar\u0131m\u0131z var. H\u00fcr bir bas\u0131n\u0131n oldu\u011fu toplumda bazen ger\u00e7ek san\u0131larak, bazen de kamuoyunu renklendirmek i\u00e7in bunlar yaz\u0131l\u0131yor.<\/p>\n<p>\u0130NTERNETHABERC\u0130LER\u0130YLE G\u00d6R\u00dc\u015eMEK \u0130ST\u0130YORUM<\/p>\n<p>\u0130nternet baz\u0131 \u00fclkelerde gazetecileri ge\u00e7ti. T\u00fcrkiye&#8217;de de yayg\u0131n. Ben bazen sadece gazecilerle de\u011fil, internet habercileriyle g\u00f6r\u00fc\u015fmemiz gerekir diye de d\u00fc\u015f\u00fcn\u00fcyorum. Baz\u0131 siteler var ki gazetelerden daha fazla kamuoyu olu\u015fturuyor.<\/p>\n<p>YOUTUBE&#8217;UN KAPATILMASI KONUSU<\/p>\n<p>Ben d\u00fcnyada Youtube&#8217;u yasaklayan \u00fclkeler aras\u0131nda T\u00fcrkiye&#8217;yi g\u00f6rmek istemem a\u00e7\u0131k\u00e7as\u0131. O T\u00fcrkiye&#8217;yi hemen ba\u015fka bir y\u00f6ne \u00e7eker. Ama orada da ho\u015fg\u00f6r\u00fcyle yakla\u015famayaca\u011f\u0131m\u0131z g\u00f6r\u00fcnt\u00fcler oluyorsa bunlar\u0131n da tedbirini ba\u015fka \u015fekilde almal\u0131y\u0131z.<\/p>\n<p>ANAYASA DE\u011e\u0130\u015eMEL\u0130<\/p>\n<p>T\u00fcrkiye&#8217;nin 2009&#8217;da kapsaml\u0131 bir anayasa de\u011fi\u015fikli\u011fini ger\u00e7ekle\u015ftirebilmesini arzu ederim. B\u00fct\u00fcn anayasa taslaklar\u0131nda o kadar \u00e7ok ortak konu var ki. Anayasan\u0131n daha kat\u0131l\u0131mc\u0131 \u015fekilde ele al\u0131nmas\u0131n\u0131 tavsiye ederim.<\/p>\n<p>YA\u015eAR KEMAL&#8217;E \u00d6D\u00dcL VER\u0130RKEN ONURLANDIM<\/p>\n<p>Ya\u015far Kemal&#8217;e \u00f6d\u00fcl verirken onurland\u0131m. Kendi de\u011ferimiz biz bilmezsek ba\u015fkas\u0131 hi\u00e7 bilmez. T\u00fcrkiye&#8217;yi d\u00fcnyaya tan\u0131tm\u0131\u015f bir insan. En b\u00fcy\u00fck i\u015fi onlar, yazarlar yap\u0131yor.<\/p>\n<p>OBAMA&#8217;NIN SE\u00c7\u0130LMES\u0130<\/p>\n<p>Obama se\u00e7ilince sisteme bir kez daha hayran oldum. \u0130ki sene \u00f6nce onun ismini duyuyordum. Halk sisteme ayar verdi ve Obama&#8217;y\u0131 ba\u015fbakan olarak g\u00f6rmek istedi\u011fini s\u00f6yledi.<\/p>\n<p>NOBELL\u0130 ENERJ\u0130 BAKANI<\/p>\n<p>Obama yeni kabinesini olu\u015ftururken enerji bakanl\u0131\u011f\u0131na NOBEL \u00f6d\u00fcll\u00fc birini getirdi. Bu hem moral olarak b\u00fcy\u00fck g\u00fc\u00e7, hem de bilim ve ara\u015ft\u0131rmaya verdi\u011fi de\u011feri g\u00f6steriyor. &#8216;Ben petrolden kurtulaca\u011f\u0131m&#8217; diyordu. Bilimadamlar\u0131yla yeni bir enerji kayna\u011f\u0131 bulacak.&#8221;<\/p>\n","protected":false},"excerpt":{"rendered":"<p>Sonsayfa Haberler &#8211; Abdullah G\u00fcl&#8217;den internet itiraf\u0131: &#8220;Abdullah G\u00fcl&#8217;den internet itiraf\u0131 Cumhurba\u015fkan\u0131 G\u00fcl bile Youtube&#8217;un kapat\u0131lmas\u0131na isyan ediyor. \u0130nternetin g\u00fcc\u00fcn\u00fc kabul ediyor ve yasak de\u011fil, ba\u015fka bir \u00e7\u00f6z\u00fcm gerek diyor. \u0130nternethaber Cumhurba\u015fkan\u0131 Abdullah G\u00fcl atv&#8217;deki &#8216;A\u00e7\u0131kkap\u0131&#8217; program\u0131 i\u00e7in Sabah Gazetesi yazar\u0131 Yavuz Baydar ve atv Haber Genel Yay\u0131n Y\u00f6netmeni Fuat U\u011fur&#8217;u \u00c7ankaya&#8217;da a\u011f\u0131rlad\u0131. Erdo\u011fan&#8217;la kavgal\u0131 olmad\u0131\u011f\u0131n\u0131 s\u00f6yledi. \u0130nternethabercileriyle de g\u00f6r\u00fc\u015fmek&#8230;<\/p>\n","protected":false},"author":1,"featured_media":0,"comment_status":"open","ping_status":"closed","sticky":false,"template":"","format":"standard","meta":{"jetpack_post_was_ever_published":false,"_jetpack_newsletter_access":"","_jetpack_dont_email_post_to_subs":false,"_jetpack_newsletter_tier_id":0,"_jetpack_memberships_contains_paywalled_content":false,"_jetpack_memberships_contains_paid_content":false,"footnotes":"","jetpack_publicize_message":"","jetpack_publicize_feature_enabled":true,"jetpack_social_post_already_shared":false,"jetpack_social_options":{"image_generator_settings":{"template":"highway","default_image_id":0,"font":"","enabled":false},"version":2}},"categories":[22,5,21,3,4],"tags":[],"class_list":["post-310","post","type-post","status-publish","format-standard","hentry","category-5651-nolu-kanun","category-dusunce-ozgurlugu","category-erisim-engelleme","category-sansur","category-youtube"],"jetpack_publicize_connections":[],"jetpack_featured_media_url":"","jetpack_sharing_enabled":true,"jetpack_shortlink":"https:\/\/wp.me\/p7wjA8-50","jetpack-related-posts":[],"_links":{"self":[{"href":"https:\/\/privacy.cyber-rights.org.tr\/index.php?rest_route=\/wp\/v2\/posts\/310","targetHints":{"allow":["GET"]}}],"collection":[{"href":"https:\/\/privacy.cyber-rights.org.tr\/index.php?rest_route=\/wp\/v2\/posts"}],"about":[{"href":"https:\/\/privacy.cyber-rights.org.tr\/index.php?rest_route=\/wp\/v2\/types\/post"}],"author":[{"embeddable":true,"href":"https:\/\/privacy.cyber-rights.org.tr\/index.php?rest_route=\/wp\/v2\/users\/1"}],"replies":[{"embeddable":true,"href":"https:\/\/privacy.cyber-rights.org.tr\/index.php?rest_route=%2Fwp%2Fv2%2Fcomments&post=310"}],"version-history":[{"count":0,"href":"https:\/\/privacy.cyber-rights.org.tr\/index.php?rest_route=\/wp\/v2\/posts\/310\/revisions"}],"wp:attachment":[{"href":"https:\/\/privacy.cyber-rights.org.tr\/index.php?rest_route=%2Fwp%2Fv2%2Fmedia&parent=310"}],"wp:term":[{"taxonomy":"category","embeddable":true,"href":"https:\/\/privacy.cyber-rights.org.tr\/index.php?rest_route=%2Fwp%2Fv2%2Fcategories&post=310"},{"taxonomy":"post_tag","embeddable":true,"href":"https:\/\/privacy.cyber-rights.org.tr\/index.php?rest_route=%2Fwp%2Fv2%2Ftags&post=310"}],"curies":[{"name":"wp","href":"https:\/\/api.w.org\/{rel}","templated":true}]}}