{"id":318,"date":"2009-01-28T21:32:39","date_gmt":"2009-01-28T18:32:39","guid":{"rendered":"http:\/\/privacy.cyber-rights.org.tr\/?p=318"},"modified":"2009-01-28T21:32:44","modified_gmt":"2009-01-28T18:32:44","slug":"yargidan-onemli-telekulak-karari-turkiye-radikal-internet","status":"publish","type":"post","link":"https:\/\/privacy.cyber-rights.org.tr\/?p=318","title":{"rendered":"Yarg\u0131dan \u00f6nemli telekulak karar\u0131 \/ T\u00fcrkiye \/ Radikal \u0130nternet"},"content":{"rendered":"<p><a href=\"http:\/\/www.radikal.com.tr\/Radikal.aspx?aType=RadikalDetay&#038;ArticleID=916067&#038;Date=08.01.2009&#038;CategoryID=77\">Yarg\u0131dan \u00f6nemli telekulak karar\u0131 \/ T\u00fcrkiye \/ Radikal \u0130nternet<\/a><\/p>\n<p>08\/01\/2009<\/p>\n<p><strong>Sincan 1. A\u011f\u0131r Ceza Mahkemesi, telefonlar\u0131n\u0131n dinlendi\u011finden \u015f\u00fcphelenenleri yak\u0131ndan ilgilendiren bir karar imza att\u0131. Mahkeme, YARSAV Ba\u015fkan\u0131 Emina\u011fao\u011flu\u2019nun, kendisine ve derne\u011fe ait telefonlar\u0131n dinlenip dinlenmedi\u011fi y\u00f6n\u00fcnde Ankara Cumhuriyet Ba\u015fsavc\u0131l\u0131\u011f\u0131\u2019na yapt\u0131\u011f\u0131 ba\u015fvuruya ili\u015fkin verilen takipsizlik karar\u0131n\u0131 kald\u0131rd\u0131.Mahkeme, verdi\u011fi kararla dinlendi\u011finden \u015f\u00fcphe duyanlar\u0131n yasal veya yasad\u0131\u015f\u0131 yollarla dinlenip dinlenmedi\u011finin ara\u015ft\u0131r\u0131lmadan takipsizlik karar\u0131 verilemeyece\u011fine dikkat \u00e7ekti.<\/strong><\/p>\n<p>ANKARA &#8211; Sincan 1. A\u011f\u0131r Ceza Mahkemesi, telefonlar\u0131n\u0131n dinlendi\u011finden \u015f\u00fcphelenenleri yak\u0131ndan ilgilendiren bir karara imza att\u0131. Mahkeme, Yarg\u0131\u00e7lar ve Savc\u0131lar Birli\u011fi (YARSAV) Ba\u015fkan\u0131 \u00d6mer Faruk Emina\u011fao\u011flu\u2019nun, kendisine ve derne\u011fe ait telefonlar\u0131n dinlenip dinlenmedi\u011fi y\u00f6n\u00fcnde Ankara Cumhuriyet Ba\u015fsavc\u0131l\u0131\u011f\u0131\u2019na yapt\u0131\u011f\u0131 ba\u015fvuruya ili\u015fkin verilen takipsizlik karar\u0131n\u0131 kald\u0131rd\u0131.<\/p>\n<p>Ge\u00e7en hafta i\u00e7erisinde soru\u015fturma savc\u0131l\u0131\u011f\u0131 g\u00f6revinden infaz savc\u0131l\u0131\u011f\u0131 g\u00f6revine al\u0131nan Ankara Cumhuriyet Savc\u0131s\u0131 Vahdet Polatkan\u2019\u0131n verdi\u011fi takipsizlik karar\u0131n\u0131 kald\u0131ran Mahkeme, verdi\u011fi kararla dinlendi\u011finden \u015f\u00fcphe duyanlar\u0131n yasal veya yasad\u0131\u015f\u0131 yollarla dinlenip dinlenmedi\u011finin ara\u015ft\u0131r\u0131lmadan takipsizlik karar\u0131 verilemeyece\u011fine dikkat \u00e7ekti.<\/p>\n<p>\u0130\u015eTE, TAR\u0130H\u0130 KARAR<br \/>\nMahkeme, YARSAV\u2019\u0131n ba\u015fvurusu \u00fczerine yap\u0131lan soru\u015fturmaya ili\u015fkin verilen takipsizlik karar\u0131n\u0131n kald\u0131r\u0131lmas\u0131na \u015fu gerek\u00e7elerle karar verdi:<br \/>\n&#8216;5271 Say\u0131l\u0131 Ceza Muhakemesi Kanunu\u2019nun \u2018bir su\u00e7un i\u015flendi\u011fini \u00f6\u011frenen Cumhuriyet savc\u0131s\u0131n\u0131n g\u00f6revi\u2019 ba\u015fl\u0131kl\u0131 160. maddesinde belirtildi\u011fi \u00fczere; Cumhuriyet savc\u0131s\u0131n\u0131n kendisine yap\u0131lan \u015fikayet kar\u015f\u0131s\u0131nda soru\u015fturma ba\u015flat\u0131p delilleri toplamak suretiyle sonucuna g\u00f6re bir karar vermesi gerekti\u011fi y\u00f6n\u00fcnde Yarg\u0131tay\u2019\u0131n yerle\u015fik i\u00e7tihatlar\u0131 oldu\u011fu, m\u00fc\u015ftekinin Cumhuriyet Savc\u0131l\u0131\u011f\u0131\u2019nda vermi\u015f oldu\u011fu ifadesinde; Telekominikasyon \u0130leti\u015fim Ba\u015fkanl\u0131\u011f\u0131\u2019n\u0131n 4 GSM firmas\u0131 ve T\u00fcrk Telekom\u2019un hangi kay\u0131t ve bilgileri M\u0130T ve EGM\u2019ye a\u00e7t\u0131\u011f\u0131n\u0131n saptanmas\u0131 ve kendisi ile YARSAV\u2019a ait telefon numaralar\u0131 ve maillerin bulunup bulunmad\u0131\u011f\u0131, yine 4 GSM firmas\u0131, T\u00fcrk Telekom, M\u0130T, EGM ile T\u0130B loglar\u0131n\u0131n kar\u015f\u0131la\u015ft\u0131r\u0131lmas\u0131, bu log kay\u0131tlar\u0131nda izleme ve takip alt\u0131na al\u0131nanlar\u0131n kimler oldu\u011fu verilen kararlarla uyumlu olup olmad\u0131klar\u0131 y\u00f6n\u00fcnde log kay\u0131tlar\u0131 incelenmek suretiyle m\u00fc\u015ftekinin bildirdi\u011fi telefon numaralar\u0131 ve mail adreslerinin takip durumunun tespit edilmeden ve di\u011fer deliller toplanmadan kovu\u015fturmaya yer olmad\u0131\u011f\u0131na karar verilmesi usul kanununa ayk\u0131r\u0131 g\u00f6r\u00fcld\u00fc\u011f\u00fcnden m\u00fc\u015ftekinin itiraz\u0131n\u0131n kabul\u00fc ile takipsizlik karar\u0131n\u0131n kald\u0131r\u0131lmas\u0131na karar vermek gerekmi\u015ftir.&#8217;<\/p>\n<p>BA\u015eBAKAN, BAYKAL VE MERAL HAKKINDA DA SORU\u015eTURMA A\u00c7TIRMI\u015eTI<br \/>\nKarar\u0131 veren Sincan 1. A\u011f\u0131r Ceza Mahkemesi Ba\u015fkan\u0131 Osman Ka\u00e7maz, daha \u00f6nce de Ba\u015fbakan Recep Tayyip Erdo\u011fan hakk\u0131nda \u2018Say\u0131n \u00d6calan\u2018 s\u00f6z\u00fcne verilen takipsizlik karar\u0131n\u0131n kald\u0131r\u0131lmas\u0131na karar vermi\u015fti.<br \/>\nKa\u00e7maz, ayn\u0131 zamanda CHP lideri Deniz Baykal ve CHP milletvekili Bayram Meral hakk\u0131nda da soru\u015fturma ba\u015flat\u0131lmas\u0131 y\u00f6n\u00fcnde kararlara imza atm\u0131\u015ft\u0131. (anka)<\/p>\n","protected":false},"excerpt":{"rendered":"<p>Yarg\u0131dan \u00f6nemli telekulak karar\u0131 \/ T\u00fcrkiye \/ Radikal \u0130nternet 08\/01\/2009 Sincan 1. A\u011f\u0131r Ceza Mahkemesi, telefonlar\u0131n\u0131n dinlendi\u011finden \u015f\u00fcphelenenleri yak\u0131ndan ilgilendiren bir karar imza att\u0131. Mahkeme, YARSAV Ba\u015fkan\u0131 Emina\u011fao\u011flu\u2019nun, kendisine ve derne\u011fe ait telefonlar\u0131n dinlenip dinlenmedi\u011fi y\u00f6n\u00fcnde Ankara Cumhuriyet Ba\u015fsavc\u0131l\u0131\u011f\u0131\u2019na yapt\u0131\u011f\u0131 ba\u015fvuruya ili\u015fkin verilen takipsizlik karar\u0131n\u0131 kald\u0131rd\u0131.Mahkeme, verdi\u011fi kararla dinlendi\u011finden \u015f\u00fcphe duyanlar\u0131n yasal veya yasad\u0131\u015f\u0131 yollarla dinlenip dinlenmedi\u011finin ara\u015ft\u0131r\u0131lmadan takipsizlik karar\u0131&#8230;<\/p>\n","protected":false},"author":1,"featured_media":0,"comment_status":"open","ping_status":"closed","sticky":false,"template":"","format":"standard","meta":{"jetpack_post_was_ever_published":false,"_jetpack_newsletter_access":"","_jetpack_dont_email_post_to_subs":false,"_jetpack_newsletter_tier_id":0,"_jetpack_memberships_contains_paywalled_content":false,"_jetpack_memberships_contains_paid_content":false,"footnotes":"","jetpack_publicize_message":"","jetpack_publicize_feature_enabled":true,"jetpack_social_post_already_shared":false,"jetpack_social_options":{"image_generator_settings":{"template":"highway","default_image_id":0,"font":"","enabled":false},"version":2}},"categories":[15,10,14],"tags":[],"class_list":["post-318","post","type-post","status-publish","format-standard","hentry","category-gizli-dinleme","category-mahremiyet","category-telekulak"],"jetpack_publicize_connections":[],"jetpack_featured_media_url":"","jetpack_sharing_enabled":true,"jetpack_shortlink":"https:\/\/wp.me\/p7wjA8-58","jetpack-related-posts":[],"_links":{"self":[{"href":"https:\/\/privacy.cyber-rights.org.tr\/index.php?rest_route=\/wp\/v2\/posts\/318","targetHints":{"allow":["GET"]}}],"collection":[{"href":"https:\/\/privacy.cyber-rights.org.tr\/index.php?rest_route=\/wp\/v2\/posts"}],"about":[{"href":"https:\/\/privacy.cyber-rights.org.tr\/index.php?rest_route=\/wp\/v2\/types\/post"}],"author":[{"embeddable":true,"href":"https:\/\/privacy.cyber-rights.org.tr\/index.php?rest_route=\/wp\/v2\/users\/1"}],"replies":[{"embeddable":true,"href":"https:\/\/privacy.cyber-rights.org.tr\/index.php?rest_route=%2Fwp%2Fv2%2Fcomments&post=318"}],"version-history":[{"count":0,"href":"https:\/\/privacy.cyber-rights.org.tr\/index.php?rest_route=\/wp\/v2\/posts\/318\/revisions"}],"wp:attachment":[{"href":"https:\/\/privacy.cyber-rights.org.tr\/index.php?rest_route=%2Fwp%2Fv2%2Fmedia&parent=318"}],"wp:term":[{"taxonomy":"category","embeddable":true,"href":"https:\/\/privacy.cyber-rights.org.tr\/index.php?rest_route=%2Fwp%2Fv2%2Fcategories&post=318"},{"taxonomy":"post_tag","embeddable":true,"href":"https:\/\/privacy.cyber-rights.org.tr\/index.php?rest_route=%2Fwp%2Fv2%2Ftags&post=318"}],"curies":[{"name":"wp","href":"https:\/\/api.w.org\/{rel}","templated":true}]}}