{"id":320,"date":"2009-01-28T21:36:08","date_gmt":"2009-01-28T18:36:08","guid":{"rendered":"http:\/\/privacy.cyber-rights.org.tr\/?p=320"},"modified":"2009-01-28T21:36:10","modified_gmt":"2009-01-28T18:36:10","slug":"telekulak-yuce-mahkeme%e2%80%99de","status":"publish","type":"post","link":"https:\/\/privacy.cyber-rights.org.tr\/?p=320","title":{"rendered":"Telekulak Y\u00fcce Mahkeme\u2019de"},"content":{"rendered":"<p><a href=\"http:\/\/haber.gazetevatan.com\/haberdetay.asp?detay=Telekulak_Yuce_Mahkemede&#038;tarih=22.01.2009&#038;Newsid=219491&#038;Categoryid=1\">Telekulak Y\u00fcce Mahkeme\u2019de<\/a><\/p>\n<p>10. Cumhurba\u015fkan\u0131 Sezer\u2019in telefon dinlemelerinin Ba\u015fbakan\u2019a ba\u011fl\u0131 olmas\u0131na ili\u015fkin d\u00fczenlemelere yapt\u0131\u011f\u0131 itiraz 3 y\u0131l sonra Anayasa Mahkemesi\u2019nde g\u00f6r\u00fc\u015f\u00fclecek<\/p>\n<p>Kemal G\u00d6KTA\u015e \/ VATAN ANKARA. 21.01.2009<\/p>\n<p>Anayasa Mahkemesi telefon dinlemelerinin Ba\u015fbakan\u2019a ba\u011fl\u0131 olmas\u0131na ili\u015fkin d\u00fczenlemelerin iptali istemiyle 10. Cumhurba\u015fkan\u0131 Ahmet Necdet Sezer taraf\u0131ndan a\u00e7\u0131lan davay\u0131 29 Ocak Per\u015fembe g\u00fcn\u00fc g\u00f6r\u00fc\u015fecek. Anayasa Mahkemesi raport\u00f6r\u00fc, Sezer\u2019in ba\u015fvurusu do\u011frultusunda Telekom\u00fcnikasyon \u0130leti\u015fim Ba\u015fkanl\u0131\u011f\u0131 (T\u0130B) Ba\u015fkan\u0131\u2019n\u0131n Ba\u015fbakan\u2019a ba\u011fl\u0131 olmas\u0131na ili\u015fkin d\u00fczenlemelerin iptal edilmesi y\u00f6n\u00fcnde g\u00f6r\u00fc\u015f bildirdi.<\/p>\n<p>Son olarak jandarman\u0131n T\u00fcrkiye genelindeki ileti\u015fimin izlenmesi karar\u0131na itiraz ederek kald\u0131r\u0131lmas\u0131n\u0131 sa\u011flad\u0131\u011f\u0131 halde, M\u0130T ve Emniyet i\u00e7in bu yola gitmekten ka\u00e7\u0131nd\u0131\u011f\u0131 i\u00e7in ele\u015ftirilerin oda\u011f\u0131 haline gelen T\u0130B\u2019in Ba\u015fkan\u0131, Telekom\u00fcnikasyon Kurumu Ba\u015fkan\u0131\u2019n\u0131n \u00f6nerisi \u00fczerine Ba\u015fbakan taraf\u0131ndan atan\u0131yor. 2005 y\u0131l\u0131nda \u00e7\u0131kar\u0131lan bu yasaya dayan\u0131larak Ankara Cumhuriyet Savc\u0131s\u0131 Fethi \u015eim\u015fek, T\u0130B\u2019in ba\u015f\u0131na getirilmi\u015fti.<\/p>\n<p>Eski Cumhurba\u015fkan\u0131 Sezer, T\u0130B\u2019in kurulu\u015funa ili\u015fkin 5397 say\u0131l\u0131 yasan\u0131n baz\u0131 madelerinin iptali istemiyle Anayasa Mahkemesi\u2019nde dava a\u00e7m\u0131\u015ft\u0131. Sezer, T\u0130B\u2019in h\u00fck\u00fcmetlerin etkisi alt\u0131nda olmas\u0131n\u0131n ki\u015fi hak ve \u00f6zg\u00fcrl\u00fcklerini zedeleyecek baz\u0131 sonu\u00e7lar\u0131 olabilece\u011fine dikkat \u00e7ekmi\u015f ve denetimin h\u00fck\u00fcmetin emrinde olmas\u0131na itiraz etmi\u015fti. Sezer, T\u0130B Ba\u015fkan\u2019\u0131n Ba\u015fbakan taraf\u0131ndan atanmas\u0131n\u0131n ise ba\u015fkanl\u0131\u011f\u0131 siyasi etki alt\u0131na alaca\u011f\u0131 uyar\u0131s\u0131nda bulunmu\u015ftu.<\/p>\n<p>Sezer neye itiraz etti?<\/p>\n<p>Sezer, \u015fu d\u00fczenlemelerin iptalini istemi\u015fti: M\u0130T, Emniyet ve jandarman\u0131n yapaca\u011f\u0131 istihbari dinlemelere ili\u015fkin faaliyetlerin denetimininin, s\u0131ral\u0131 kurum amirleri, Emniyet Genel M\u00fcd\u00fcrl\u00fc\u011f\u00fc ve ilgili bakanl\u0131\u011f\u0131n tefti\u015f elemanlar\u0131 ve Ba\u015fbakan\u2019\u0131n \u00f6zel olarak yetkilendirece\u011fi ki\u015fi veya komisyona b\u0131rak\u0131lmas\u0131. Telekom\u00fcnikasyon \u0130leti\u015fim Ba\u015fkan\u0131\u2019n\u0131n, Telekom\u00fcnikasyon Kurumu Ba\u015fkan\u0131\u2019n\u0131n teklifi \u00fczerine Ba\u015fbakan taraf\u0131ndan atanmas\u0131na ili\u015fkin kural.<\/p>\n","protected":false},"excerpt":{"rendered":"<p>Telekulak Y\u00fcce Mahkeme\u2019de 10. Cumhurba\u015fkan\u0131 Sezer\u2019in telefon dinlemelerinin Ba\u015fbakan\u2019a ba\u011fl\u0131 olmas\u0131na ili\u015fkin d\u00fczenlemelere yapt\u0131\u011f\u0131 itiraz 3 y\u0131l sonra Anayasa Mahkemesi\u2019nde g\u00f6r\u00fc\u015f\u00fclecek Kemal G\u00d6KTA\u015e \/ VATAN ANKARA. 21.01.2009 Anayasa Mahkemesi telefon dinlemelerinin Ba\u015fbakan\u2019a ba\u011fl\u0131 olmas\u0131na ili\u015fkin d\u00fczenlemelerin iptali istemiyle 10. Cumhurba\u015fkan\u0131 Ahmet Necdet Sezer taraf\u0131ndan a\u00e7\u0131lan davay\u0131 29 Ocak Per\u015fembe g\u00fcn\u00fc g\u00f6r\u00fc\u015fecek. Anayasa Mahkemesi raport\u00f6r\u00fc, Sezer\u2019in ba\u015fvurusu do\u011frultusunda Telekom\u00fcnikasyon \u0130leti\u015fim Ba\u015fkanl\u0131\u011f\u0131&#8230;<\/p>\n","protected":false},"author":1,"featured_media":0,"comment_status":"open","ping_status":"closed","sticky":false,"template":"","format":"standard","meta":{"jetpack_post_was_ever_published":false,"_jetpack_newsletter_access":"","_jetpack_dont_email_post_to_subs":false,"_jetpack_newsletter_tier_id":0,"_jetpack_memberships_contains_paywalled_content":false,"_jetpack_memberships_contains_paid_content":false,"footnotes":"","jetpack_publicize_message":"","jetpack_publicize_feature_enabled":true,"jetpack_social_post_already_shared":false,"jetpack_social_options":{"image_generator_settings":{"template":"highway","default_image_id":0,"font":"","enabled":false},"version":2}},"categories":[15,10,14],"tags":[],"class_list":["post-320","post","type-post","status-publish","format-standard","hentry","category-gizli-dinleme","category-mahremiyet","category-telekulak"],"jetpack_publicize_connections":[],"jetpack_featured_media_url":"","jetpack_sharing_enabled":true,"jetpack_shortlink":"https:\/\/wp.me\/p7wjA8-5a","jetpack-related-posts":[],"_links":{"self":[{"href":"https:\/\/privacy.cyber-rights.org.tr\/index.php?rest_route=\/wp\/v2\/posts\/320","targetHints":{"allow":["GET"]}}],"collection":[{"href":"https:\/\/privacy.cyber-rights.org.tr\/index.php?rest_route=\/wp\/v2\/posts"}],"about":[{"href":"https:\/\/privacy.cyber-rights.org.tr\/index.php?rest_route=\/wp\/v2\/types\/post"}],"author":[{"embeddable":true,"href":"https:\/\/privacy.cyber-rights.org.tr\/index.php?rest_route=\/wp\/v2\/users\/1"}],"replies":[{"embeddable":true,"href":"https:\/\/privacy.cyber-rights.org.tr\/index.php?rest_route=%2Fwp%2Fv2%2Fcomments&post=320"}],"version-history":[{"count":0,"href":"https:\/\/privacy.cyber-rights.org.tr\/index.php?rest_route=\/wp\/v2\/posts\/320\/revisions"}],"wp:attachment":[{"href":"https:\/\/privacy.cyber-rights.org.tr\/index.php?rest_route=%2Fwp%2Fv2%2Fmedia&parent=320"}],"wp:term":[{"taxonomy":"category","embeddable":true,"href":"https:\/\/privacy.cyber-rights.org.tr\/index.php?rest_route=%2Fwp%2Fv2%2Fcategories&post=320"},{"taxonomy":"post_tag","embeddable":true,"href":"https:\/\/privacy.cyber-rights.org.tr\/index.php?rest_route=%2Fwp%2Fv2%2Ftags&post=320"}],"curies":[{"name":"wp","href":"https:\/\/api.w.org\/{rel}","templated":true}]}}