{"id":325,"date":"2009-01-30T00:10:44","date_gmt":"2009-01-29T21:10:44","guid":{"rendered":"http:\/\/privacy.cyber-rights.org.tr\/?p=325"},"modified":"2009-01-30T00:10:46","modified_gmt":"2009-01-29T21:10:46","slug":"telekulak-erdoganin-yetkisi-iptal-edildi","status":"publish","type":"post","link":"https:\/\/privacy.cyber-rights.org.tr\/?p=325","title":{"rendered":"Telekulak: Erdo\u011fan&#8217;\u0131n yetkisi iptal edildi"},"content":{"rendered":"<p><a href=\"http:\/\/www.internethaber.com\/news_detail.php?id=176807\">Erdo\u011fan&#8217;\u0131n yetkisi iptal edildi haberi &#8211; 29 Ocak 2009 Per\u015fembe 14:29<\/a><\/p>\n<p>Erdo\u011fan&#8217;\u0131n atad\u0131\u011f\u0131 ki\u015fi ya da komisyon istedi\u011fi gibi dinleme yap\u0131yordu. Anayasa Mahkemesi &#8216;olur mu \u00f6yle \u015fey&#8217; dedi.<\/p>\n<p>Anayasa Mahkemesi, M\u0130T, polis ve jandarmaya telekom\u00fcnikasyon yoluyla yap\u0131lan ileti\u015fimi tespit, dinleme ve kaydetme konusunda yetki veren kanunun, \u2018Dinlemelerde faaliyetlerin denetiminin, ba\u015fbakan\u0131n \u00f6zel olarak yetkilendirece\u011fi ki\u015fi veya komisyon taraf\u0131ndan yap\u0131lmas\u0131n\u0131\u2019 \u00f6ng\u00f6ren h\u00fckm\u00fcn\u00fc iptal etti.<\/p>\n<p>10. Cumhurba\u015fkan\u0131 Ahmet Necdet Sezer, polis, jandarma ve M\u0130T&#8217;e telekom\u00fcnikasyon yoluyla yap\u0131lan ileti\u015fimi tespit, dinleme ve kaydetme konusunda yetki veren 3 Temmuz 2005 tarihli 5397 say\u0131l\u0131 Baz\u0131 Kanunlarda De\u011fi\u015fiklik Yap\u0131lmas\u0131na Dair Kanun&#8217;un baz\u0131 h\u00fck\u00fcmlerinin iptali ve y\u00fcr\u00fcrl\u00fc\u011f\u00fcn\u00fcn durdurulmas\u0131 istemiyle Anayasa Mahkemesi&#8217;nde dava a\u00e7m\u0131\u015ft\u0131.<\/p>\n<p>ESAS DURUYOR<br \/>\nAnayasa Mahkemesi&#8217;nin verdi\u011fi karar\u0131 de\u011ferlendiren Cemil \u00c7i\u00e7ek bir noktaya dikkat \u00e7ekti&#8230;<br \/>\n\u00c7i\u00e7ek, &#8216;\u0130ptal karar\u0131 atamaya y\u00f6nelik, yasan\u0131n esas\u0131 duruyor&#8217; diye konu\u015ftu.<\/p>\n<p>Anayasa Mahkemesi heyeti, bug\u00fcnk\u00fc g\u00fcndem toplant\u0131s\u0131nda, davay\u0131 esastan karara ba\u011flad\u0131.<\/p>\n<p>Y\u00fcksek Mahkeme, kanun ile Polis Vazife ve Selahiyet Kanunu, Jandarma Te\u015fkilat, G\u00f6rev ve Yetkileri Kanunu ve Devlet \u0130stihbarat Hizmetleri ve Milli \u0130stihbarat Te\u015fkilat\u0131 Kanunu&#8217;na eklenen, \u2018Dinleme faaliyetlerinin denetiminin Ba\u015fbakan\u0131n \u00f6zel olarak yetkilendirece\u011fi ki\u015fi veya komisyon taraf\u0131ndan yap\u0131lmas\u0131n\u0131\u2019 \u00f6ng\u00f6ren h\u00fckm\u00fc iptal etti.<\/p>\n<p>Y\u00fcksek Mahkeme, \u2018Telekom\u00fcnikasyon \u0130leti\u015fim Ba\u015fkan\u0131&#8217;n\u0131n, Telekom\u00fcnikasyon Kurumu Ba\u015fkan\u0131n\u0131n teklifi \u00fczerine Ba\u015fbakan taraf\u0131ndan atanaca\u011f\u0131na\u2019 ili\u015fkin h\u00fckm\u00fc de Anayasa&#8217;ya ayk\u0131r\u0131 buldu.<\/p>\n<p>Anayasa Mahkemesi iptali istenen \u2018Bir ba\u015fkan ile teknik, hukuk ve idari olmak \u00fczere \u00fc\u00e7 uzmandan olu\u015faca\u011f\u0131\u2019 h\u00fckm\u00fcne ili\u015fkin yeni bir yasal d\u00fczenleme yap\u0131ld\u0131\u011f\u0131 i\u00e7in karar verilmesine yer olmad\u0131\u011f\u0131na h\u00fckmetti.<\/p>\n<p>Y\u00fcksek Mahkeme&#8217;nin karar\u0131n\u0131 oy birli\u011fiyle ald\u0131\u011f\u0131 \u00f6\u011frenildi.<\/p>\n","protected":false},"excerpt":{"rendered":"<p>Erdo\u011fan&#8217;\u0131n yetkisi iptal edildi haberi &#8211; 29 Ocak 2009 Per\u015fembe 14:29 Erdo\u011fan&#8217;\u0131n atad\u0131\u011f\u0131 ki\u015fi ya da komisyon istedi\u011fi gibi dinleme yap\u0131yordu. Anayasa Mahkemesi &#8216;olur mu \u00f6yle \u015fey&#8217; dedi. Anayasa Mahkemesi, M\u0130T, polis ve jandarmaya telekom\u00fcnikasyon yoluyla yap\u0131lan ileti\u015fimi tespit, dinleme ve kaydetme konusunda yetki veren kanunun, \u2018Dinlemelerde faaliyetlerin denetiminin, ba\u015fbakan\u0131n \u00f6zel olarak yetkilendirece\u011fi ki\u015fi veya komisyon taraf\u0131ndan yap\u0131lmas\u0131n\u0131\u2019 \u00f6ng\u00f6ren h\u00fckm\u00fcn\u00fc&#8230;<\/p>\n","protected":false},"author":1,"featured_media":0,"comment_status":"open","ping_status":"closed","sticky":false,"template":"","format":"standard","meta":{"jetpack_post_was_ever_published":false,"_jetpack_newsletter_access":"","_jetpack_dont_email_post_to_subs":false,"_jetpack_newsletter_tier_id":0,"_jetpack_memberships_contains_paywalled_content":false,"_jetpack_memberships_contains_paid_content":false,"footnotes":"","jetpack_publicize_message":"","jetpack_publicize_feature_enabled":true,"jetpack_social_post_already_shared":false,"jetpack_social_options":{"image_generator_settings":{"template":"highway","default_image_id":0,"font":"","enabled":false},"version":2}},"categories":[15,19,10,14],"tags":[],"class_list":["post-325","post","type-post","status-publish","format-standard","hentry","category-gizli-dinleme","category-izleme","category-mahremiyet","category-telekulak"],"jetpack_publicize_connections":[],"jetpack_featured_media_url":"","jetpack_sharing_enabled":true,"jetpack_shortlink":"https:\/\/wp.me\/p7wjA8-5f","jetpack-related-posts":[],"_links":{"self":[{"href":"https:\/\/privacy.cyber-rights.org.tr\/index.php?rest_route=\/wp\/v2\/posts\/325","targetHints":{"allow":["GET"]}}],"collection":[{"href":"https:\/\/privacy.cyber-rights.org.tr\/index.php?rest_route=\/wp\/v2\/posts"}],"about":[{"href":"https:\/\/privacy.cyber-rights.org.tr\/index.php?rest_route=\/wp\/v2\/types\/post"}],"author":[{"embeddable":true,"href":"https:\/\/privacy.cyber-rights.org.tr\/index.php?rest_route=\/wp\/v2\/users\/1"}],"replies":[{"embeddable":true,"href":"https:\/\/privacy.cyber-rights.org.tr\/index.php?rest_route=%2Fwp%2Fv2%2Fcomments&post=325"}],"version-history":[{"count":0,"href":"https:\/\/privacy.cyber-rights.org.tr\/index.php?rest_route=\/wp\/v2\/posts\/325\/revisions"}],"wp:attachment":[{"href":"https:\/\/privacy.cyber-rights.org.tr\/index.php?rest_route=%2Fwp%2Fv2%2Fmedia&parent=325"}],"wp:term":[{"taxonomy":"category","embeddable":true,"href":"https:\/\/privacy.cyber-rights.org.tr\/index.php?rest_route=%2Fwp%2Fv2%2Fcategories&post=325"},{"taxonomy":"post_tag","embeddable":true,"href":"https:\/\/privacy.cyber-rights.org.tr\/index.php?rest_route=%2Fwp%2Fv2%2Ftags&post=325"}],"curies":[{"name":"wp","href":"https:\/\/api.w.org\/{rel}","templated":true}]}}