{"id":328,"date":"2009-01-30T00:14:16","date_gmt":"2009-01-29T21:14:16","guid":{"rendered":"http:\/\/privacy.cyber-rights.org.tr\/?p=328"},"modified":"2009-01-30T00:14:18","modified_gmt":"2009-01-29T21:14:18","slug":"yildirim-tibin-dinleme-faliyeti-surecek","status":"publish","type":"post","link":"https:\/\/privacy.cyber-rights.org.tr\/?p=328","title":{"rendered":"Y\u0131ld\u0131r\u0131m: &#8220;T\u0130B&#8217;in dinleme faliyeti s\u00fcrecek&#8221;"},"content":{"rendered":"<p><a href=\"http:\/\/www.cnnturk.com\/2009\/turkiye\/01\/29\/yildirim.tibin.dinleme.faliyeti.surecek\/511240.0\/index.html\">Y\u0131ld\u0131r\u0131m: &#8220;T\u0130B&#8217;in dinleme faliyeti s\u00fcrecek&#8221;<\/a>: &#8220;Ula\u015ft\u0131rma Bakan\u0131 Binali Y\u0131ld\u0131r\u0131m, Anayasa Mahkemesi&#8217;nin, &#8216;Telekom\u00fcnikasyon \u0130leti\u015fim Ba\u015fkanl\u0131\u011f\u0131&#8217;n\u0131n (T\u0130B) ba\u015f\u0131na getirilecek ki\u015fiyi Ba\u015fbakan&#8217;\u0131n atama ve dinleme faaliyetlerini denetleme yetkisini&#8217; iptal etmesine ili\u015fkin de\u011ferlendirmede bulunurken, T\u0130B&#8217;in bir anlamda da &#8216;dinleme faaliyetlerini s\u00fcrd\u00fcren kurulu\u015flar\u0131 denetleyen bir \u00fcst kurul gibi&#8217; oldu\u011funu belirterek, &#8216;bu g\u00f6revine aynen devam edece\u011fini&#8217; kaydetti.&#8221;<\/p>\n<p>(Via <a href=\"http:\/\/www.cnnturk.com\">CNN T\u00dcRK<\/a>.)<\/p>\n","protected":false},"excerpt":{"rendered":"<p>Y\u0131ld\u0131r\u0131m: &#8220;T\u0130B&#8217;in dinleme faliyeti s\u00fcrecek&#8221;: &#8220;Ula\u015ft\u0131rma Bakan\u0131 Binali Y\u0131ld\u0131r\u0131m, Anayasa Mahkemesi&#8217;nin, &#8216;Telekom\u00fcnikasyon \u0130leti\u015fim Ba\u015fkanl\u0131\u011f\u0131&#8217;n\u0131n (T\u0130B) ba\u015f\u0131na getirilecek ki\u015fiyi Ba\u015fbakan&#8217;\u0131n atama ve dinleme faaliyetlerini denetleme yetkisini&#8217; iptal etmesine ili\u015fkin de\u011ferlendirmede bulunurken, T\u0130B&#8217;in bir anlamda da &#8216;dinleme faaliyetlerini s\u00fcrd\u00fcren kurulu\u015flar\u0131 denetleyen bir \u00fcst kurul gibi&#8217; oldu\u011funu belirterek, &#8216;bu g\u00f6revine aynen devam edece\u011fini&#8217; kaydetti.&#8221; (Via CNN T\u00dcRK.)<\/p>\n","protected":false},"author":1,"featured_media":0,"comment_status":"open","ping_status":"closed","sticky":false,"template":"","format":"standard","meta":{"jetpack_post_was_ever_published":false,"_jetpack_newsletter_access":"","_jetpack_dont_email_post_to_subs":false,"_jetpack_newsletter_tier_id":0,"_jetpack_memberships_contains_paywalled_content":false,"_jetpack_memberships_contains_paid_content":false,"footnotes":"","jetpack_publicize_message":"","jetpack_publicize_feature_enabled":true,"jetpack_social_post_already_shared":false,"jetpack_social_options":{"image_generator_settings":{"template":"highway","default_image_id":0,"font":"","enabled":false},"version":2}},"categories":[15,19,10,14],"tags":[],"class_list":["post-328","post","type-post","status-publish","format-standard","hentry","category-gizli-dinleme","category-izleme","category-mahremiyet","category-telekulak"],"jetpack_publicize_connections":[],"jetpack_featured_media_url":"","jetpack_sharing_enabled":true,"jetpack_shortlink":"https:\/\/wp.me\/p7wjA8-5i","jetpack-related-posts":[],"_links":{"self":[{"href":"https:\/\/privacy.cyber-rights.org.tr\/index.php?rest_route=\/wp\/v2\/posts\/328","targetHints":{"allow":["GET"]}}],"collection":[{"href":"https:\/\/privacy.cyber-rights.org.tr\/index.php?rest_route=\/wp\/v2\/posts"}],"about":[{"href":"https:\/\/privacy.cyber-rights.org.tr\/index.php?rest_route=\/wp\/v2\/types\/post"}],"author":[{"embeddable":true,"href":"https:\/\/privacy.cyber-rights.org.tr\/index.php?rest_route=\/wp\/v2\/users\/1"}],"replies":[{"embeddable":true,"href":"https:\/\/privacy.cyber-rights.org.tr\/index.php?rest_route=%2Fwp%2Fv2%2Fcomments&post=328"}],"version-history":[{"count":0,"href":"https:\/\/privacy.cyber-rights.org.tr\/index.php?rest_route=\/wp\/v2\/posts\/328\/revisions"}],"wp:attachment":[{"href":"https:\/\/privacy.cyber-rights.org.tr\/index.php?rest_route=%2Fwp%2Fv2%2Fmedia&parent=328"}],"wp:term":[{"taxonomy":"category","embeddable":true,"href":"https:\/\/privacy.cyber-rights.org.tr\/index.php?rest_route=%2Fwp%2Fv2%2Fcategories&post=328"},{"taxonomy":"post_tag","embeddable":true,"href":"https:\/\/privacy.cyber-rights.org.tr\/index.php?rest_route=%2Fwp%2Fv2%2Ftags&post=328"}],"curies":[{"name":"wp","href":"https:\/\/api.w.org\/{rel}","templated":true}]}}