{"id":329,"date":"2009-01-30T00:16:43","date_gmt":"2009-01-29T21:16:43","guid":{"rendered":"http:\/\/privacy.cyber-rights.org.tr\/?p=329"},"modified":"2009-01-30T00:16:45","modified_gmt":"2009-01-29T21:16:45","slug":"erdogan-youtubedan-obamaya-seslenecek","status":"publish","type":"post","link":"https:\/\/privacy.cyber-rights.org.tr\/?p=329","title":{"rendered":"Erdo\u011fan Youtube&#8217;dan Obama&#8217;ya seslenecek"},"content":{"rendered":"<p>Say\u0131n Ba\u015fbakan YouTube&#8217;u kullanmaya devam ediyor&#8230;.. Peki biz ne zaman kullanmaya ba\u015flayaca\u011f\u0131z?<\/p>\n<p><a href=\"http:\/\/yenisafak.com.tr\/Gundem\/?t=29.01.2009&#038;i=165934\">Erdo\u011fan Youtube&#8217;dan Obama&#8217;ya seslenecek &#8211; 29.01.2009 &#8211; G\u00fcndem &#8211; Yeni \u015eafak<\/a>: &#8220;Erdo\u011fan Youtube&#8217;dan Obama&#8217;ya seslenecek<\/p>\n<p>Erdo\u011fan Youtube&#8217;dan Obama&#8217;ya seslenecek<br \/>\nDAVOS (A.A)<\/p>\n<p>Ba\u015fbakan Recep Tayyip Erdo\u011fan, \u2018Ben Say\u0131n Obama&#8217;dan da Orta Do\u011fu&#8217;ya y\u00f6nelik gerek sessiz y\u0131\u011f\u0131nlar\u0131n sesi, gerekse kimsesizlerin kimi olmas\u0131n\u0131 bekliyorum\u2019 dedi.<\/p>\n<p>Erdo\u011fan, Davos&#8217;taki Kongre merkezinde Rusya Ba\u015fbakan\u0131 Vladimir Putin ile g\u00f6r\u00fc\u015fmesinin ard\u0131ndan, kurulmu\u015f olan web cam sistemi hakk\u0131nda yetkililerden bilgi ald\u0131. Erdo\u011fan, Youtube&#8217;da yay\u0131mlanmak \u00fczere Davos i\u00e7in \u00f6zel haz\u0131rlanan web cam sistemi arac\u0131l\u0131\u011f\u0131yla d\u00fcnyaya g\u00f6r\u00fcnt\u00fcl\u00fc mesaj verdi. Erdo\u011fan, mesaj\u0131nda \u015funlar\u0131 kaydetti:<\/p>\n<p>\u20182009 y\u0131l\u0131na maalesef d\u00fcnya co\u015fku dolu bir bar\u0131\u015fla giremedi, s\u0131k\u0131nt\u0131l\u0131 girdi. \u00d6zellikle, Orta Do\u011fu bu s\u0131k\u0131nt\u0131n\u0131n ba\u015f\u0131n\u0131 \u00e7ekti diyebilirim ve t\u00fcm d\u00fcnya liderlerinin Orta Do\u011fu&#8217;ya bak\u0131\u015f\u0131 gecikmeli oldu. \u015eu anda Orta Do\u011fu&#8217;daki s\u0131k\u0131nt\u0131lar\u0131 s\u00fcratle giderebilmek i\u00e7in yeni girilen ate\u015fkes s\u00fcreciyle birlikte inan\u0131yorum ki, Orta Do\u011fu&#8217;da bin 300&#8217;e yak\u0131n sivil \u00f6ld\u00fc ve 5 bini a\u015fk\u0131n sivil yaralanm\u0131\u015f vaziyette. Gazze&#8217;nin altyap\u0131s\u0131 tamam\u0131yla \u00e7\u00f6kt\u00fc, \u00fcst yap\u0131 ciddi hasarlar g\u00f6rm\u00fc\u015f vaziyette. Buna y\u00f6nelik olarak Orta Do\u011fu bar\u0131\u015f\u0131na nas\u0131l bir katk\u0131da bulunaca\u011f\u0131z, bunun gayreti i\u00e7erisinde olmam\u0131z laz\u0131m. \u00d6zellikle 20 Ocakta ba\u015flayan Amerika&#8217;daki Say\u0131n Obama s\u00fcreci ile alakal\u0131 olarak da inan\u0131yorum ki Orta Do\u011fu&#8217;da Obama&#8217;n\u0131n yeni tan\u0131mlamas\u0131, Orta Do\u011fu&#8217;daki tan\u0131mlamas\u0131 farkl\u0131 olacakt\u0131r. Do\u011frusu ben Say\u0131n Obama&#8217;dan da Orta Do\u011fu&#8217;ya y\u00f6nelik gerek sessiz y\u0131\u011f\u0131nlar\u0131n sesi, gerekse kimsesizlerin kimi olmas\u0131n\u0131 bekliyorum. ve T\u00fcrkiye olarak her an Orta Do\u011fu bar\u0131\u015f\u0131 noktas\u0131nda \u00fczerimize d\u00fc\u015fen g\u00f6revi yapmaya haz\u0131r oldu\u011fumuzu da burada ifade etmek istiyorum. Temenni ediyorum ki Davos bulu\u015fmas\u0131 bu noktada \u00f6nemli bir s\u0131\u00e7ramaya vesile olsun.\u2019<\/p>\n<p>Ba\u015fbakan Erdo\u011fan, daha sonra Uluslararas\u0131 Atom Enerjisi Kurumu (UAEK) Ba\u015fkan\u0131 Muhammed El Baradei ile bir s\u00fcre sohbet etti.<\/p>\n<p>29.01.2009<\/p>\n","protected":false},"excerpt":{"rendered":"<p>Say\u0131n Ba\u015fbakan YouTube&#8217;u kullanmaya devam ediyor&#8230;.. Peki biz ne zaman kullanmaya ba\u015flayaca\u011f\u0131z? Erdo\u011fan Youtube&#8217;dan Obama&#8217;ya seslenecek &#8211; 29.01.2009 &#8211; G\u00fcndem &#8211; Yeni \u015eafak: &#8220;Erdo\u011fan Youtube&#8217;dan Obama&#8217;ya seslenecek Erdo\u011fan Youtube&#8217;dan Obama&#8217;ya seslenecek DAVOS (A.A) Ba\u015fbakan Recep Tayyip Erdo\u011fan, \u2018Ben Say\u0131n Obama&#8217;dan da Orta Do\u011fu&#8217;ya y\u00f6nelik gerek sessiz y\u0131\u011f\u0131nlar\u0131n sesi, gerekse kimsesizlerin kimi olmas\u0131n\u0131 bekliyorum\u2019 dedi. Erdo\u011fan, Davos&#8217;taki Kongre merkezinde Rusya Ba\u015fbakan\u0131&#8230;<\/p>\n","protected":false},"author":1,"featured_media":0,"comment_status":"open","ping_status":"closed","sticky":false,"template":"","format":"standard","meta":{"jetpack_post_was_ever_published":false,"_jetpack_newsletter_access":"","_jetpack_dont_email_post_to_subs":false,"_jetpack_newsletter_tier_id":0,"_jetpack_memberships_contains_paywalled_content":false,"_jetpack_memberships_contains_paid_content":false,"footnotes":"","jetpack_publicize_message":"","jetpack_publicize_feature_enabled":true,"jetpack_social_post_already_shared":false,"jetpack_social_options":{"image_generator_settings":{"template":"highway","default_image_id":0,"font":"","enabled":false},"version":2}},"categories":[21,3,4],"tags":[],"class_list":["post-329","post","type-post","status-publish","format-standard","hentry","category-erisim-engelleme","category-sansur","category-youtube"],"jetpack_publicize_connections":[],"jetpack_featured_media_url":"","jetpack_sharing_enabled":true,"jetpack_shortlink":"https:\/\/wp.me\/p7wjA8-5j","jetpack-related-posts":[],"_links":{"self":[{"href":"https:\/\/privacy.cyber-rights.org.tr\/index.php?rest_route=\/wp\/v2\/posts\/329","targetHints":{"allow":["GET"]}}],"collection":[{"href":"https:\/\/privacy.cyber-rights.org.tr\/index.php?rest_route=\/wp\/v2\/posts"}],"about":[{"href":"https:\/\/privacy.cyber-rights.org.tr\/index.php?rest_route=\/wp\/v2\/types\/post"}],"author":[{"embeddable":true,"href":"https:\/\/privacy.cyber-rights.org.tr\/index.php?rest_route=\/wp\/v2\/users\/1"}],"replies":[{"embeddable":true,"href":"https:\/\/privacy.cyber-rights.org.tr\/index.php?rest_route=%2Fwp%2Fv2%2Fcomments&post=329"}],"version-history":[{"count":0,"href":"https:\/\/privacy.cyber-rights.org.tr\/index.php?rest_route=\/wp\/v2\/posts\/329\/revisions"}],"wp:attachment":[{"href":"https:\/\/privacy.cyber-rights.org.tr\/index.php?rest_route=%2Fwp%2Fv2%2Fmedia&parent=329"}],"wp:term":[{"taxonomy":"category","embeddable":true,"href":"https:\/\/privacy.cyber-rights.org.tr\/index.php?rest_route=%2Fwp%2Fv2%2Fcategories&post=329"},{"taxonomy":"post_tag","embeddable":true,"href":"https:\/\/privacy.cyber-rights.org.tr\/index.php?rest_route=%2Fwp%2Fv2%2Ftags&post=329"}],"curies":[{"name":"wp","href":"https:\/\/api.w.org\/{rel}","templated":true}]}}