{"id":333,"date":"2009-01-30T13:22:48","date_gmt":"2009-01-30T10:22:48","guid":{"rendered":"http:\/\/privacy.cyber-rights.org.tr\/?p=333"},"modified":"2009-01-30T13:22:50","modified_gmt":"2009-01-30T10:22:50","slug":"tc-anayasa-mahkemesi-karari-200585-cumhurbaskani-ahmet-necdet-sezer","status":"publish","type":"post","link":"https:\/\/privacy.cyber-rights.org.tr\/?p=333","title":{"rendered":"T.C Anayasa Mahkemesi Karar\u0131: 2005\/85: Cumhurba\u015fkan\u0131 Ahmet Necdet SEZER"},"content":{"rendered":"<p>2005\/85: Cumhurba\u015fkan\u0131 Ahmet Necdet SEZER<\/p>\n<p>Konu: 3.7.2005 g\u00fcnl\u00fc, 5397 say\u0131l\u0131 Baz\u0131 Kanunlarda De\u011fi\u015fiklik Yap\u0131lmas\u0131na Dair Kanun\u2019un:<br \/>\nA- 1. maddesiyle 4.7.1934 g\u00fcnl\u00fc, 2559 say\u0131l\u0131 Polis Vazife ve Selahiyet Kanunu\u2019nun ek 7. maddesine eklenen;<br \/>\n1- Dokuzuncu f\u0131krada yer alan \u201c\u2026 Ba\u015fbakan\u0131n \u00f6zel olarak yetkilendirece\u011fi ki\u015fi veya komisyon\u2026\u201d ibaresinin,<br \/>\n2- Onuncu f\u0131kran\u0131n \u201cOlu\u015fturulan bu Ba\u015fkanl\u0131k bir ba\u015fkan ile teknik, hukuk ve idar\u00ee olmak \u00fczere \u00fc\u00e7 uzmandan olu\u015fur.\u201d bi\u00e7imindeki ikinci t\u00fcmcesi ile \u201cTelekom\u00fcnikasyon \u0130leti\u015fim Ba\u015fkan\u0131, Telekom\u00fcnikasyon Kurumu Ba\u015fkan\u0131n\u0131n teklifi \u00fczerine Ba\u015fbakan taraf\u0131ndan atan\u0131r.\u201d bi\u00e7imindeki be\u015finci t\u00fcmcesinin,<br \/>\nB- 2. maddesiyle 10.3.1983 g\u00fcnl\u00fc, 2803 say\u0131l\u0131 Jandarma Te\u015fkilat, G\u00f6rev ve Yetkileri Kanunu\u2019na eklenen ek 5. maddenin sekizinci f\u0131kras\u0131nda yer alan \u201c\u2026 Ba\u015fbakan\u0131n \u00f6zel olarak yetkilendirece\u011fi ki\u015fi veya komisyon\u2026\u201d ibaresinin,<br \/>\nC- 3. maddesiyle 1.11.1983 g\u00fcnl\u00fc, 2937 say\u0131l\u0131 Devlet \u0130stihbarat Hizmetleri ve Mill\u00ee \u0130stihbarat Te\u015fkilat\u0131 Kanunu\u2019nun 6. maddesine eklenen sekizinci f\u0131krada yer alan \u201c\u2026 Ba\u015fbakan\u0131n \u00f6zel olarak yetkilendirece\u011fi ki\u015fi veya komisyon\u2026\u201d ibaresinin,<br \/>\niptallerine ve y\u00fcr\u00fcrl\u00fcklerinin durdurulmas\u0131na karar verilmesi istemi.<\/p>\n<p>\u0130nceleme Evresi: Esas<\/p>\n<p>Verilen Karar\u0131n Sonucu<\/p>\n<p>&#8211; 5397 say\u0131l\u0131 Yasa\u2019n\u0131n:<br \/>\nA- 1. maddesiyle 4.7.1934 g\u00fcnl\u00fc, 2559 say\u0131l\u0131 Polis Vazife ve Salahiyet Kanunu\u2019nun ek 7. maddesine eklenen;<br \/>\n1- Dokuzuncu f\u0131krada yer alan \u201c\u2026 Ba\u015fbakan\u0131n \u00f6zel olarak yetkilendirece\u011fi ki\u015fi veya komisyon\u2026\u201d ibaresinin \u0130PTAL\u0130NE,<br \/>\n2- Onuncu f\u0131kran\u0131n;<br \/>\na- \u201cOlu\u015fturulan bu Ba\u015fkanl\u0131k bir ba\u015fkan ile teknik, hukuk ve idar\u00ee olmak \u00fczere \u00fc\u00e7 uzmandan olu\u015fur.\u201d bi\u00e7imindeki ikinci t\u00fcmcesi, 4.5.2007 g\u00fcnl\u00fc, 5651 say\u0131l\u0131 Yasa\u2019n\u0131n 12. maddesinin (2) numaral\u0131 f\u0131kras\u0131yla de\u011fi\u015ftirildi\u011finden, bu t\u00fcmceye ili\u015fkin KONUSU KALMAYAN \u0130STEM HAKKINDA KARAR VER\u0130LMES\u0130NE YER OLMADI\u011eINA,<br \/>\nb- \u201cTelekom\u00fcnikasyon \u0130leti\u015fim Ba\u015fkan\u0131, Telekom\u00fcnikasyon Kurumu Ba\u015fkan\u0131n\u0131n teklifi \u00fczerine Ba\u015fbakan taraf\u0131ndan atan\u0131r.\u201d bi\u00e7imindeki be\u015finci t\u00fcmcesinin \u0130PTAL\u0130NE,<br \/>\nB- 2. maddesiyle 10.3.1983 g\u00fcnl\u00fc, 2803 say\u0131l\u0131 Jandarma Te\u015fkilat, G\u00f6rev ve Yetkileri Kanunu\u2019na eklenen ek 5. maddenin sekizinci f\u0131kras\u0131nda yer alan \u201c\u2026 Ba\u015fbakan\u0131n \u00f6zel olarak yetkilendirece\u011fi ki\u015fi veya komisyon\u2026\u201d ibaresinin \u0130PTAL\u0130NE,<br \/>\nC- 3. maddesiyle 1.11.1983 g\u00fcnl\u00fc, 2937 say\u0131l\u0131 Devlet \u0130stihbarat Hizmetleri ve Mill\u00ee \u0130stihbarat Te\u015fkilat\u0131 Kanunu\u2019nun 6. maddesine eklenen sekizinci f\u0131krada yer alan \u201c\u2026 Ba\u015fbakan\u0131n \u00f6zel olarak yetkilendirece\u011fi ki\u015fi veya komisyon\u2026\u201d ibaresinin \u0130PTAL\u0130NE,<br \/>\nD- 1- 1. maddesiyle 4.7.1934 g\u00fcnl\u00fc, 2559 say\u0131l\u0131 Yasa\u2019n\u0131n ek 7. maddesine eklenen dokuzuncu f\u0131krada yer alan \u201c\u2026 Ba\u015fbakan\u0131n \u00f6zel olarak yetkilendirece\u011fi ki\u015fi veya komisyon\u2026\u201d ibaresinin,<br \/>\n2- 2. maddesiyle 10.3.1983 g\u00fcnl\u00fc, 2803 say\u0131l\u0131 Yasa\u2019ya eklenen ek 5. maddenin sekizinci f\u0131kras\u0131nda yer alan \u201c\u2026 Ba\u015fbakan\u0131n \u00f6zel olarak yetkilendirece\u011fi ki\u015fi veya komisyon\u2026\u201d ibaresinin,<br \/>\n3- 3. maddesiyle 1.11.1983 g\u00fcnl\u00fc, 2937 say\u0131l\u0131 Yasa\u2019n\u0131n 6. maddesine eklenen sekizinci f\u0131krada yer alan \u201c\u2026 Ba\u015fbakan\u0131n \u00f6zel olarak yetkilendirece\u011fi ki\u015fi veya komisyon\u2026\u201d ibaresinin,<br \/>\niptalleri nedeniyle uygulanma olana\u011f\u0131 kalmayan bu f\u0131kralardaki \u201c\u2026 ve \u2026\u201c s\u00f6zc\u00fcklerinin de, 2949 say\u0131l\u0131 Anayasa Mahkemesinin Kurulu\u015fu ve Yarg\u0131lama Usulleri Hakk\u0131nda Kanun\u2019un 29. maddesinin ikinci f\u0131kras\u0131 gere\u011fince \u0130PTAL\u0130NE,<\/p>\n<p>&#8211; 5397 say\u0131l\u0131 Yasa\u2019n\u0131n:<br \/>\nA- 1. maddesiyle 4.7.1934 g\u00fcnl\u00fc, 2559 say\u0131l\u0131 Polis Vazife ve Salahiyet Kanunu\u2019nun ek 7. maddesine eklenen;<br \/>\n1- Dokuzuncu f\u0131krada yer alan \u201c\u2026 Ba\u015fbakan\u0131n \u00f6zel olarak yetkilendirece\u011fi ki\u015fi veya komisyon\u2026\u201d ibaresinin,<br \/>\n2- Onuncu f\u0131kran\u0131n \u201cTelekom\u00fcnikasyon \u0130leti\u015fim Ba\u015fkan\u0131, Telekom\u00fcnikasyon Kurumu Ba\u015fkan\u0131n\u0131n teklifi \u00fczerine Ba\u015fbakan taraf\u0131ndan atan\u0131r.\u201d bi\u00e7imindeki be\u015finci t\u00fcmcesinin,<br \/>\nB- 2. maddesiyle 10.3.1983 g\u00fcnl\u00fc, 2803 say\u0131l\u0131 Jandarma Te\u015fkilat, G\u00f6rev ve Yetkileri Kanunu\u2019na eklenen ek 5. maddenin sekizinci f\u0131kras\u0131nda yer alan \u201c\u2026 Ba\u015fbakan\u0131n \u00f6zel olarak yetkilendirece\u011fi ki\u015fi veya komisyon\u2026\u201d ibaresinin,<br \/>\nC- 3. maddesiyle 1.11.1983 g\u00fcnl\u00fc, 2937 say\u0131l\u0131 Devlet \u0130stihbarat Hizmetleri ve Mill\u00ee \u0130stihbarat Te\u015fkilat\u0131 Kanunu\u2019nun 6. maddesine eklenen sekizinci f\u0131krada yer alan \u201c\u2026 Ba\u015fbakan\u0131n \u00f6zel olarak yetkilendirece\u011fi ki\u015fi veya komisyon\u2026\u201d ibaresinin,<br \/>\ny\u00fcr\u00fcrl\u00fcklerinin durdurulmas\u0131 isteminin, ko\u015fullar\u0131 olu\u015fmad\u0131\u011f\u0131ndan REDD\u0130NE,<br \/>\nD- 1. maddesiyle 4.7.1934 g\u00fcnl\u00fc, 2559 say\u0131l\u0131 Yasa\u2019n\u0131n ek 7. maddesine eklenen onuncu f\u0131kran\u0131n \u201cOlu\u015fturulan bu Ba\u015fkanl\u0131k bir ba\u015fkan ile teknik, hukuk ve idar\u00ee olmak \u00fczere \u00fc\u00e7 uzmandan olu\u015fur.\u201d bi\u00e7imindeki ikinci t\u00fcmcesi hakk\u0131nda, 29.1.2009 g\u00fcnl\u00fc, E. 2005\/85, K. 2009\/15 say\u0131l\u0131 kararla karar verilmesine yer olmad\u0131\u011f\u0131na karar verildi\u011finden, bu t\u00fcmceye ili\u015fkin Y\u00dcR\u00dcRL\u00dc\u011e\u00dcN DURDURULMASI \u0130STEM\u0130 HAKKINDA KARAR VER\u0130LMES\u0130NE YER OLMADI\u011eINA.<\/p>\n","protected":false},"excerpt":{"rendered":"<p>2005\/85: Cumhurba\u015fkan\u0131 Ahmet Necdet SEZER Konu: 3.7.2005 g\u00fcnl\u00fc, 5397 say\u0131l\u0131 Baz\u0131 Kanunlarda De\u011fi\u015fiklik Yap\u0131lmas\u0131na Dair Kanun\u2019un: A- 1. maddesiyle 4.7.1934 g\u00fcnl\u00fc, 2559 say\u0131l\u0131 Polis Vazife ve Selahiyet Kanunu\u2019nun ek 7. maddesine eklenen; 1- Dokuzuncu f\u0131krada yer alan \u201c\u2026 Ba\u015fbakan\u0131n \u00f6zel olarak yetkilendirece\u011fi ki\u015fi veya komisyon\u2026\u201d ibaresinin, 2- Onuncu f\u0131kran\u0131n \u201cOlu\u015fturulan bu Ba\u015fkanl\u0131k bir ba\u015fkan ile teknik, hukuk ve idar\u00ee olmak&#8230;<\/p>\n","protected":false},"author":1,"featured_media":0,"comment_status":"open","ping_status":"closed","sticky":false,"template":"","format":"standard","meta":{"jetpack_post_was_ever_published":false,"_jetpack_newsletter_access":"","_jetpack_dont_email_post_to_subs":false,"_jetpack_newsletter_tier_id":0,"_jetpack_memberships_contains_paywalled_content":false,"_jetpack_memberships_contains_paid_content":false,"footnotes":"","jetpack_publicize_message":"","jetpack_publicize_feature_enabled":true,"jetpack_social_post_already_shared":false,"jetpack_social_options":{"image_generator_settings":{"template":"highway","default_image_id":0,"font":"","enabled":false},"version":2}},"categories":[15,19,10,14],"tags":[],"class_list":["post-333","post","type-post","status-publish","format-standard","hentry","category-gizli-dinleme","category-izleme","category-mahremiyet","category-telekulak"],"jetpack_publicize_connections":[],"jetpack_featured_media_url":"","jetpack_sharing_enabled":true,"jetpack_shortlink":"https:\/\/wp.me\/p7wjA8-5n","jetpack-related-posts":[],"_links":{"self":[{"href":"https:\/\/privacy.cyber-rights.org.tr\/index.php?rest_route=\/wp\/v2\/posts\/333","targetHints":{"allow":["GET"]}}],"collection":[{"href":"https:\/\/privacy.cyber-rights.org.tr\/index.php?rest_route=\/wp\/v2\/posts"}],"about":[{"href":"https:\/\/privacy.cyber-rights.org.tr\/index.php?rest_route=\/wp\/v2\/types\/post"}],"author":[{"embeddable":true,"href":"https:\/\/privacy.cyber-rights.org.tr\/index.php?rest_route=\/wp\/v2\/users\/1"}],"replies":[{"embeddable":true,"href":"https:\/\/privacy.cyber-rights.org.tr\/index.php?rest_route=%2Fwp%2Fv2%2Fcomments&post=333"}],"version-history":[{"count":0,"href":"https:\/\/privacy.cyber-rights.org.tr\/index.php?rest_route=\/wp\/v2\/posts\/333\/revisions"}],"wp:attachment":[{"href":"https:\/\/privacy.cyber-rights.org.tr\/index.php?rest_route=%2Fwp%2Fv2%2Fmedia&parent=333"}],"wp:term":[{"taxonomy":"category","embeddable":true,"href":"https:\/\/privacy.cyber-rights.org.tr\/index.php?rest_route=%2Fwp%2Fv2%2Fcategories&post=333"},{"taxonomy":"post_tag","embeddable":true,"href":"https:\/\/privacy.cyber-rights.org.tr\/index.php?rest_route=%2Fwp%2Fv2%2Ftags&post=333"}],"curies":[{"name":"wp","href":"https:\/\/api.w.org\/{rel}","templated":true}]}}