{"id":335,"date":"2009-01-31T22:15:52","date_gmt":"2009-01-31T19:15:52","guid":{"rendered":"http:\/\/privacy.cyber-rights.org.tr\/?p=335"},"modified":"2009-01-31T22:15:54","modified_gmt":"2009-01-31T19:15:54","slug":"telekulak-yasasina-iptal-ne-anlama-geliyor-artik-telefon-dinleme-kalkti-mi-2","status":"publish","type":"post","link":"https:\/\/privacy.cyber-rights.org.tr\/?p=335","title":{"rendered":"&#8216;Telekulak yasas\u0131na iptal&#8217; ne anlama geliyor? Art\u0131k telefon dinleme kalkt\u0131 m\u0131?"},"content":{"rendered":"<p><a href=\"http:\/\/www.zaman.com.tr\/haber.do?haberno=809764\">&#8216;Telekulak yasas\u0131na iptal&#8217; ne anlama geliyor? Art\u0131k telefon dinleme kalkt\u0131 m\u0131?<\/a>: &#8220;<IMG data-recalc-dims=\"1\" style=\"border: navy 1px solid;\" src=\"https:\/\/i0.wp.com\/medya.zaman.com.tr\/2009\/01\/30\/akyol.jpg?resize=80%2C60\" border=\"0\" align=\"left\" width=\"80\" height=\"60\"\/>Taha Akyol AYM&#8217;nin karar\u0131n\u0131n ne anlama geldi\u011fini yazd\u0131. \u0130\u015fte olay\u0131n i\u00e7y\u00fcz\u00fc<\/p>\n<p>Telekulak yasas\u0131na iptal<\/p>\n<p>Anayasa Mahkemesi telefon dinlemelerine ili\u015fkin yasan\u0131n iki maddesini iptal etti. D\u00fcn TV&#8217;leri izledim, baz\u0131 internet sitelerine ve izleyici yorumlar\u0131na bakt\u0131m. Baz\u0131 \u00fcnl\u00fc hukuk\u00e7ular\u0131n a\u00e7\u0131klamalar\u0131n\u0131 okudum.<\/p>\n<p>\u0130ptal karar\u0131 genel izlenim olarak \u015f\u00f6yle alg\u0131lanm\u0131\u015ft\u0131:<\/p>\n<p>Anayasa Mahkemesi Ba\u015fkan\u0131 Ha\u015fim K\u0131l\u0131\u00e7, Cumhurba\u015fkan\u0131 Sezer&#8217;in a\u00e7t\u0131\u011f\u0131 davay\u0131 \u00fc\u00e7 y\u0131ld\u0131r g\u00fcndeme almam\u0131\u015f, bu sayede h\u00fck\u00fcmet herkesi dinlemi\u015fti! \u015eimdi Y\u00fcce Mahkeme &#8216;dur&#8217; diyordu!<\/p>\n<p>Bu yasa y\u00fcz\u00fcnden Ba\u015fbakan istedi\u011fi ki\u015fiyi dinlettiriyordu. Dinlenmedik kimse kalmam\u0131\u015ft\u0131, polis devleti olmu\u015ftuk. Y\u00fcce Mahkeme bizi kurtarm\u0131\u015ft\u0131.<\/p>\n<p>Hele de \u00fcnl\u00fc bir hukuk\u00e7umuz, Ergenekon soru\u015fturmas\u0131na da de\u011finerek, &#8220;tutuklular\u0131n 8-9 ayd\u0131r tutuklu kald\u0131\u011f\u0131n\u0131&#8221; s\u00f6yl\u00fcyor, bunun bu yasa y\u00fcz\u00fcnden oldu\u011fu izlenimini veriyordu!<\/p>\n<p>\u00dc\u00e7 y\u0131l gecikme!<\/p>\n<p>Toplumda neredeyse bir paranoya haline gelmi\u015f bulunan &#8220;Herkesi dinliyorlar&#8221; ku\u015fkusu ile siyasi \u00f6nyarg\u0131lar birle\u015fince, &#8216;teknik&#8217; mesele b\u00f6yle muazzam bir siyasi olay olup \u00e7\u0131k\u0131yor.<\/p>\n<p>Bu yasa hakk\u0131ndaki iptal davas\u0131n\u0131 Ha\u015fim K\u0131l\u0131\u00e7&#8217;\u0131n &#8216;kasten&#8217; \u00fc\u00e7 y\u0131ld\u0131r g\u00fcndeme almad\u0131\u011f\u0131n\u0131 ilk s\u00f6yleyen, Sabih Kanado\u011flu&#8217;ydu. Fakat Ha\u015fim K\u0131l\u0131\u00e7 14 ayd\u0131r mahkemenin ba\u015fkan\u0131d\u0131r!<\/p>\n<p>Bu davan\u0131n &#8220;\u00fc\u00e7 y\u0131l bekletilmesi&#8221;nde K\u0131l\u0131\u00e7&#8217;\u0131n sorumlulu\u011fu olsa olsa 14 ay i\u00e7indir ve bu 14 ay zarf\u0131nda Cumhurba\u015fkanl\u0131\u011f\u0131 se\u00e7imi, parti kapatma, t\u00fcrban gibi &#8216;ivedi&#8217; dosyalar mahkeme g\u00fcndemini i\u015fgal etmi\u015ftir.<\/p>\n<p>Asl\u0131nda &#8220;\u00fc\u00e7 y\u0131ll\u0131k gecikme&#8221;nin g\u00fcndeme getirdi\u011fi sorun, Anayasa Mahkemesi&#8217;nin a\u011f\u0131r i\u015f y\u00fck\u00fcd\u00fcr. Mahkemede \u00fcye say\u0131s\u0131n\u0131n art\u0131r\u0131lmas\u0131, mahkemenin &#8216;iki kanatl\u0131&#8217; \u00e7al\u0131\u015fmas\u0131, bireysel ba\u015fvuru hakk\u0131n\u0131n tan\u0131nmas\u0131 gibi reformlara kar\u015f\u0131 \u00e7\u0131kanlar\u0131n &#8220;Ba\u015fkan \u00fc\u00e7 y\u0131l bekletti&#8221; diye siyasi yorum yapmas\u0131 anla\u015f\u0131l\u0131r bir olay de\u011fildir.<\/p>\n<p>Kald\u0131 ki, mahkemenin d\u00fcn verdi\u011fi iptal karar\u0131 &#8220;telefon dinleme&#8221; olay\u0131n\u0131 hi\u00e7bir \u015fekilde etkilemeyecektir! Dinlemeler bug\u00fcne kadar nas\u0131l olmu\u015fsa, bundan sonra da \u00f6yle olacakt\u0131r!<\/p>\n<p>Mahkeme ne dedi?<\/p>\n<p>Mahkeme&#8217;nin iptal karar\u0131 iki konuyla s\u0131n\u0131rl\u0131d\u0131r:<\/p>\n<p>Telekom\u00fcnikasyon \u0130leti\u015fim Ba\u015fkan\u0131, sadece Ba\u015fbakan&#8217;\u0131n imzas\u0131yla atan\u0131yordu; Mahkeme bu karar\u0131yla &#8216;\u00fc\u00e7l\u00fc kararname&#8217;yi, yani ilgili bakanla Cumhurba\u015fkan\u0131&#8217;n\u0131n imzas\u0131n\u0131 \u015fart ko\u015fmu\u015ftur. \u0130sabetli bir karard\u0131r.<\/p>\n<p>1993 y\u0131l\u0131nda da Demirel h\u00fck\u00fcmetinin \u00c7ankaya&#8217;daki \u00d6zal&#8217;\u0131 &#8216;by-pass&#8217; etmek amac\u0131yla \u00e7\u0131kard\u0131\u011f\u0131 benzer bir yasay\u0131 da Anayasa Mahkemesi iptal etmi\u015f, Cumhurba\u015fkan\u0131&#8217;n\u0131n imzas\u0131n\u0131n \u015fart oldu\u011funa karar vermi\u015fti. Olay\u0131m\u0131zda ise, AKP h\u00fck\u00fcmeti Sezer&#8217;i &#8216;by-pass&#8217; etmek i\u00e7in bu yasay\u0131 \u00e7\u0131karm\u0131\u015f, mahkeme yine iptal karar\u0131 vermi\u015ftir, hakl\u0131 olarak&#8230;<\/p>\n<p>Fakat iptal kararlar\u0131 ge\u00e7mi\u015fe y\u00fcr\u00fcmeyece\u011fi i\u00e7in, y\u00f6netimde hi\u00e7bir de\u011fi\u015fiklik olmayacakt\u0131r. Bundan sonra atama yapmak gerekirse, G\u00fcl&#8217;\u00fcn imzas\u0131 gerekecektir!<\/p>\n<p>Mahkeme, denetim konusunda da Ba\u015fbakan&#8217;\u0131n tek ba\u015f\u0131na atama yetkisini iptal etmi\u015f, yine \u00fc\u00e7l\u00fc kararnameyi gerekli g\u00f6rm\u00fc\u015ft\u00fcr, yine hakl\u0131 olarak.<\/p>\n<p>G\u00f6r\u00fcl\u00fcyor ki, Y\u00fcce Mahkeme&#8217;nin karar\u0131, &#8220;kimlerin hangi hallerde dinlenebilece\u011fi&#8221; ve &#8220;dinleme iznini hangi makam\u0131n&#8221; verece\u011fi gibi konulara hi\u00e7 kar\u0131\u015fmam\u0131\u015ft\u0131r! Zaten Sezer&#8217;in de bu konularda bir itiraz\u0131 yoktu. Y\u00fcce Mahkeme bu konulara Manisa Asliye Ceza Mahkemesi&#8217;nin yapt\u0131\u011f\u0131 ba\u015fvuru \u00fczerine \u00f6n\u00fcm\u00fczde aylarda bakacak.<\/p>\n<p>Netice: Dinleme olaylar\u0131nda hen\u00fcz de\u011fi\u015fen bir \u015fey yok!<\/p>\n<p>Peki nedir bu siyasi f\u0131rt\u0131nalar? Ad\u0131 \u00fcst\u00fcnde, &#8216;siyasi&#8217; \u00f6nyarg\u0131lar\u0131n \u00fcr\u00fcn\u00fc&#8230;<\/p>\n<p>30 Ocak 2009, Cuma<\/p>\n","protected":false},"excerpt":{"rendered":"<p>&#8216;Telekulak yasas\u0131na iptal&#8217; ne anlama geliyor? Art\u0131k telefon dinleme kalkt\u0131 m\u0131?: &#8220;Taha Akyol AYM&#8217;nin karar\u0131n\u0131n ne anlama geldi\u011fini yazd\u0131. \u0130\u015fte olay\u0131n i\u00e7y\u00fcz\u00fc Telekulak yasas\u0131na iptal Anayasa Mahkemesi telefon dinlemelerine ili\u015fkin yasan\u0131n iki maddesini iptal etti. D\u00fcn TV&#8217;leri izledim, baz\u0131 internet sitelerine ve izleyici yorumlar\u0131na bakt\u0131m. Baz\u0131 \u00fcnl\u00fc hukuk\u00e7ular\u0131n a\u00e7\u0131klamalar\u0131n\u0131 okudum. \u0130ptal karar\u0131 genel izlenim olarak \u015f\u00f6yle alg\u0131lanm\u0131\u015ft\u0131: Anayasa Mahkemesi Ba\u015fkan\u0131&#8230;<\/p>\n","protected":false},"author":1,"featured_media":0,"comment_status":"open","ping_status":"closed","sticky":false,"template":"","format":"standard","meta":{"jetpack_post_was_ever_published":false,"_jetpack_newsletter_access":"","_jetpack_dont_email_post_to_subs":false,"_jetpack_newsletter_tier_id":0,"_jetpack_memberships_contains_paywalled_content":false,"_jetpack_memberships_contains_paid_content":false,"footnotes":"","jetpack_publicize_message":"","jetpack_publicize_feature_enabled":true,"jetpack_social_post_already_shared":false,"jetpack_social_options":{"image_generator_settings":{"template":"highway","default_image_id":0,"font":"","enabled":false},"version":2}},"categories":[15,19,10,14,17],"tags":[],"class_list":["post-335","post","type-post","status-publish","format-standard","hentry","category-gizli-dinleme","category-izleme","category-mahremiyet","category-telekulak","category-tib"],"jetpack_publicize_connections":[],"jetpack_featured_media_url":"","jetpack_sharing_enabled":true,"jetpack_shortlink":"https:\/\/wp.me\/p7wjA8-5p","jetpack-related-posts":[],"_links":{"self":[{"href":"https:\/\/privacy.cyber-rights.org.tr\/index.php?rest_route=\/wp\/v2\/posts\/335","targetHints":{"allow":["GET"]}}],"collection":[{"href":"https:\/\/privacy.cyber-rights.org.tr\/index.php?rest_route=\/wp\/v2\/posts"}],"about":[{"href":"https:\/\/privacy.cyber-rights.org.tr\/index.php?rest_route=\/wp\/v2\/types\/post"}],"author":[{"embeddable":true,"href":"https:\/\/privacy.cyber-rights.org.tr\/index.php?rest_route=\/wp\/v2\/users\/1"}],"replies":[{"embeddable":true,"href":"https:\/\/privacy.cyber-rights.org.tr\/index.php?rest_route=%2Fwp%2Fv2%2Fcomments&post=335"}],"version-history":[{"count":0,"href":"https:\/\/privacy.cyber-rights.org.tr\/index.php?rest_route=\/wp\/v2\/posts\/335\/revisions"}],"wp:attachment":[{"href":"https:\/\/privacy.cyber-rights.org.tr\/index.php?rest_route=%2Fwp%2Fv2%2Fmedia&parent=335"}],"wp:term":[{"taxonomy":"category","embeddable":true,"href":"https:\/\/privacy.cyber-rights.org.tr\/index.php?rest_route=%2Fwp%2Fv2%2Fcategories&post=335"},{"taxonomy":"post_tag","embeddable":true,"href":"https:\/\/privacy.cyber-rights.org.tr\/index.php?rest_route=%2Fwp%2Fv2%2Ftags&post=335"}],"curies":[{"name":"wp","href":"https:\/\/api.w.org\/{rel}","templated":true}]}}