{"id":34,"date":"2008-06-17T10:11:48","date_gmt":"2008-06-17T07:11:48","guid":{"rendered":"http:\/\/privacy.cyber-rights.org.tr\/?p=34"},"modified":"2008-06-17T10:12:27","modified_gmt":"2008-06-17T07:12:27","slug":"jandarmadan-mahrem-talepler","status":"publish","type":"post","link":"https:\/\/privacy.cyber-rights.org.tr\/?p=34","title":{"rendered":"Jandarmadan &#8216;mahrem&#8217; talepler"},"content":{"rendered":"<p><a href=\"http:\/\/www.ntvmsnbc.com\/news\/450159.asp\">Jandarmadan &#8216;mahrem&#8217; talepler<\/a>: &#8220;Jandarma Genel Komutanl\u0131\u011f\u0131, &#8216;su\u00e7u \u00f6nleme&#8217; gerek\u00e7esiyle \u00f6zel hayata ili\u015fkin ki\u015fisel bilgileri i\u015fleme yetkisi iste\u011fini, resmi bir yaz\u0131 halinde TBMM&#8217;ye bildirdi.&#8221;<\/p>\n<p>NTV-MSNBC<br \/>\nG\u00fcncelleme: 15:06 TS\u0130 16 Haziran 2008 Pazartesi<\/p>\n<p>ANKARA &#8211; Ki\u015fisel Verilerin Korunmas\u0131 Kanun Tasar\u0131s\u0131\u2019n\u0131n TBMM Adalet Alt Komisyonu\u2019nda g\u00f6r\u00fc\u015f\u00fclmesi s\u0131ras\u0131nda, Emniyet, M\u0130T ve Jandarma istihbarat\u0131 \u201csu\u00e7 ve su\u00e7luyla m\u00fccadele\u201d gerek\u00e7esiyle kamu ve \u00f6zel kurumlardaki bilgilere eri\u015fim ve dosyalama yetkisi isteyince tart\u0131\u015fma \u00e7\u0131km\u0131\u015f; muhalefet bu \u00fc\u00e7 kurumun, vatanda\u015f\u0131n psikolojik ve fiziki sa\u011fl\u0131\u011f\u0131ndan hangi partiyi destekledi\u011fine kadar t\u00fcm \u00f6zel hayat bilgilerine eri\u015fip \u201cfi\u015flemesi\u201dne kar\u015f\u0131 \u00e7\u0131km\u0131\u015ft\u0131. Komisyon Ba\u015fkanvekili AK Parti\u2019li Hakk\u0131 K\u00f6yl\u00fc de tart\u0131\u015fmalar \u00fczerine toplant\u0131lara ara verdi, t\u00fcm kurumlardan tasar\u0131ya ili\u015fkin tekrar g\u00f6r\u00fc\u015f al\u0131nmas\u0131n\u0131 istemi\u015fti. Komisyon\u2019a yaz\u0131l\u0131 g\u00f6r\u00fc\u015f bildiren ilk kurum Jandarma Genel Komutanl\u0131\u011f\u0131 oldu.<br \/>\n<!--more--><br \/>\nJandarma Genel Komutanl\u0131\u011f\u0131 yaz\u0131s\u0131nda, su\u00e7u \u00f6nleme g\u00f6revini yapabilmek i\u00e7in, jandarmaya da \u00f6zel nitelikteki ki\u015fisel verilerin i\u015flenmesi yetkisi tan\u0131nmas\u0131n\u0131 istedi. Anadolu Ajans\u0131\u2019n\u0131n haberine g\u00f6re, Jandarma Genel Komutanl\u0131\u011f\u0131, tasar\u0131n\u0131n baz\u0131 h\u00fck\u00fcmlerinde bu ama\u00e7la de\u011fi\u015fiklik istedi.<\/p>\n<p>\u201cHAKLI \u00c7IKAR\u201d YER\u0130NE \u201cKANUN\u0130 G\u00d6REV\u201d<br \/>\nTasar\u0131da ki\u015finin temel hak ve \u00f6zg\u00fcrl\u00fckleri ile me\u015fru \u00e7\u0131karlar\u0131na zarar vermedi\u011fi s\u00fcrece, \u201cveri k\u00fct\u00fc\u011f\u00fc sahibinin kendi hakl\u0131 \u00e7\u0131karlar\u0131\u201d i\u00e7in ki\u015finin r\u0131zas\u0131 bulunmaks\u0131z\u0131n veri i\u015flenmesine olanak sa\u011fland\u0131\u011f\u0131n\u0131 belirten Jandarma, \u201ckendi hakl\u0131 \u00e7\u0131karlar\u0131\u201d ibaresinin, olduk\u00e7a geni\u015f kapsaml\u0131 ve belirsiz nitelikli oldu\u011funu savundu. Yaz\u0131da, bunun yerine \u201ckanunlarla verilen g\u00f6rev ve yetkilerin yerine getirilmesi amac\u0131yla&#8230;\u201d ifadesinin konulmas\u0131 istenildi.<\/p>\n<p>\u00d6ZEL HAYATI KORUYARAK \u0130\u015eLEME YETK\u0130S\u0130!<br \/>\nTasar\u0131da \u201cki\u015filerin \u0131rk, siyasi d\u00fc\u015f\u00fcnce, felsefi inan\u00e7, din, mezhep veya di\u011fer inan\u00e7lar\u0131, dernek, vak\u0131f ve sendika \u00fcyeli\u011fi, sa\u011fl\u0131k ve \u00f6zel ya\u015famlar\u0131 ile her t\u00fcrl\u00fc mahkumiyetlerine ili\u015fkin ki\u015fisel verilerin i\u015flenemeyece\u011fine\u201d yer verildi\u011fine dikkat \u00e7ekilen yaz\u0131da, ancak bu verilerin, \u00f6zel hayat\u0131n ve aile hayat\u0131n\u0131n gizlili\u011finin korunmas\u0131n\u0131 sa\u011flayacak yeterli \u00f6nlemlerin al\u0131nmas\u0131 \u015fart\u0131yla baz\u0131 hallerde i\u015flenmesine olanak sa\u011fland\u0131\u011f\u0131 belirtildi.<\/p>\n<p>Jandarma Te\u015fkilat, G\u00f6rev ve Yetkileri Kanunu ile y\u00f6netmeliklerde, jandarmaya su\u00e7un \u00f6nlenmesinin sa\u011flanmas\u0131 amac\u0131yla gerekli tedbirleri alma ve uygulama yetkisi verildi\u011fi hat\u0131rlat\u0131ld\u0131. Bu kapsamda, jandarman\u0131n kendi sorumluluk alan\u0131nda \u201csu\u00e7 i\u015flenmesinin \u00f6nlenmesi\u201d amac\u0131yla ileti\u015fimin tespit edilmesi, dinlenmesi, sinyal bilgilerinin de\u011ferlendirilmesi ve kayda al\u0131nmas\u0131 ile teknik ara\u00e7larla izleme yap\u0131lmas\u0131 yetkisi tan\u0131nd\u0131\u011f\u0131n\u0131 kaydedildi.<\/p>\n<p>SU\u00c7U \u00d6NLEMEK AMACIYLA \u00d6ZEL YETK\u0130<br \/>\n\u201cSu\u00e7un soru\u015fturulmas\u0131 kadar, su\u00e7un i\u015flenmesinin \u00f6nlenmesinin de \u00f6nemli olmas\u0131 sebebiyle \u00f6nleyici kolluk faaliyetlerinin y\u00fcr\u00fct\u00fclmesi s\u0131ras\u0131nda \u00f6zel nitelikli ki\u015fisel verilerin i\u015flenmesine imkan tan\u0131nmas\u0131n\u0131n, g\u00f6revin gere\u011fince yerine getirilmesini sa\u011flayaca\u011f\u0131 de\u011ferlendirilmektedir\u201d g\u00f6r\u00fc\u015f\u00fc belirtilerek, bu nedenle \u00f6zel nitelikteki ki\u015fisel verilerin i\u015flenmesine, \u201csu\u00e7un soru\u015fturulmas\u0131nda\u201d oldu\u011fu gibi \u201csu\u00e7un \u00f6nlenmesi\u201d i\u00e7in de olanak sa\u011flanmas\u0131 istendi.<\/p>\n<p>\u0130ST\u0130SNA KAPSAMI GEN\u0130\u015eLET\u0130LS\u0130N<br \/>\nKi\u015fisel verilerin i\u015flenmesine ili\u015fkin istisnalar\u0131 d\u00fczenleyen madde kapsam\u0131na \u201c\u00f6zel niteli\u011fi olan ki\u015fisel veriler\u201d ile \u201cki\u015fisel verilerin \u00fc\u00e7\u00fcnc\u00fc ki\u015filere aktar\u0131lmas\u0131n\u0131n\u201d da al\u0131nmas\u0131n\u0131 isteyen Jandarma, Ki\u015fisel Verileri Koruma Kurulu\u2019nun olu\u015fumuna da itiraz etti.<\/p>\n<p>KORUMA KURULU\u2019NDA KADROLA\u015eMA UYARISI<br \/>\nKurulun, Bakanlar Kurulu\u2019nca se\u00e7ilen 7 \u00fcyeden olu\u015faca\u011f\u0131n\u0131n \u00f6ng\u00f6r\u00fcld\u00fc\u011f\u00fc ancak, adaylar\u0131n nas\u0131l belirlenece\u011fine ili\u015fkin herhangi bir d\u00fczenlemeye yer verilmedi\u011fi ifade edilen yaz\u0131da, ki\u015fi hak ve \u00f6zg\u00fcrl\u00fckleri ile do\u011frudan ili\u015fkili bir g\u00f6rev y\u00fcr\u00fctecek ve yetkilerini ba\u011f\u0131ms\u0131z olarak kullanacak \u00f6zerk bir kurulun \u00fcyelerinin tek bir makam taraf\u0131ndan se\u00e7ilmesinin, kurulun bilimsel ve idari \u00f6zerkli\u011fini olumsuz etkileyece\u011fi ve kadrola\u015fmalara sebebiyet verebilece\u011fi ileri s\u00fcr\u00fcld\u00fc.<\/p>\n<p>Yaz\u0131da, Kurul\u2019a aday g\u00f6sterilmesi ve \u00fcye se\u00e7iminin farkl\u0131 makamlar taraf\u0131ndan yap\u0131lmas\u0131 istenerek, bu ama\u00e7la kurulun \u00f6\u011fretim \u00fcyeli\u011fi yapm\u0131\u015f \u00fcyeleri i\u00e7in Y\u00fcksek\u00f6\u011fretim Kurulu, kamu hizmetinde \u00e7al\u0131\u015fma \u015fart\u0131 aranan \u00fcyeleri i\u00e7in bakanl\u0131klar\u0131n, \u00f6zel sekt\u00f6rde \u00e7al\u0131\u015fma \u015fart\u0131 aranan \u00fcyeleri i\u00e7in de meslek kurulu\u015flar\u0131n\u0131n g\u00f6sterece\u011fi adaylar aras\u0131ndan Bakanlar Kurulu\u2019nca se\u00e7im yap\u0131lmas\u0131n\u0131n uygun olaca\u011f\u0131 savunuldu.<\/p>\n","protected":false},"excerpt":{"rendered":"<p>Jandarmadan &#8216;mahrem&#8217; talepler: &#8220;Jandarma Genel Komutanl\u0131\u011f\u0131, &#8216;su\u00e7u \u00f6nleme&#8217; gerek\u00e7esiyle \u00f6zel hayata ili\u015fkin ki\u015fisel bilgileri i\u015fleme yetkisi iste\u011fini, resmi bir yaz\u0131 halinde TBMM&#8217;ye bildirdi.&#8221; NTV-MSNBC G\u00fcncelleme: 15:06 TS\u0130 16 Haziran 2008 Pazartesi ANKARA &#8211; Ki\u015fisel Verilerin Korunmas\u0131 Kanun Tasar\u0131s\u0131\u2019n\u0131n TBMM Adalet Alt Komisyonu\u2019nda g\u00f6r\u00fc\u015f\u00fclmesi s\u0131ras\u0131nda, Emniyet, M\u0130T ve Jandarma istihbarat\u0131 \u201csu\u00e7 ve su\u00e7luyla m\u00fccadele\u201d gerek\u00e7esiyle kamu ve \u00f6zel kurumlardaki bilgilere eri\u015fim&#8230;<\/p>\n","protected":false},"author":1,"featured_media":0,"comment_status":"open","ping_status":"closed","sticky":false,"template":"","format":"standard","meta":{"jetpack_post_was_ever_published":false,"_jetpack_newsletter_access":"","_jetpack_dont_email_post_to_subs":false,"_jetpack_newsletter_tier_id":0,"_jetpack_memberships_contains_paywalled_content":false,"_jetpack_memberships_contains_paid_content":false,"footnotes":"","jetpack_publicize_message":"","jetpack_publicize_feature_enabled":true,"jetpack_social_post_already_shared":false,"jetpack_social_options":{"image_generator_settings":{"template":"highway","default_image_id":0,"font":"","enabled":false},"version":2}},"categories":[15,19,18,10,14],"tags":[],"class_list":["post-34","post","type-post","status-publish","format-standard","hentry","category-gizli-dinleme","category-izleme","category-jandarma","category-mahremiyet","category-telekulak"],"jetpack_publicize_connections":[],"jetpack_featured_media_url":"","jetpack_sharing_enabled":true,"jetpack_shortlink":"https:\/\/wp.me\/p7wjA8-y","jetpack-related-posts":[],"_links":{"self":[{"href":"https:\/\/privacy.cyber-rights.org.tr\/index.php?rest_route=\/wp\/v2\/posts\/34","targetHints":{"allow":["GET"]}}],"collection":[{"href":"https:\/\/privacy.cyber-rights.org.tr\/index.php?rest_route=\/wp\/v2\/posts"}],"about":[{"href":"https:\/\/privacy.cyber-rights.org.tr\/index.php?rest_route=\/wp\/v2\/types\/post"}],"author":[{"embeddable":true,"href":"https:\/\/privacy.cyber-rights.org.tr\/index.php?rest_route=\/wp\/v2\/users\/1"}],"replies":[{"embeddable":true,"href":"https:\/\/privacy.cyber-rights.org.tr\/index.php?rest_route=%2Fwp%2Fv2%2Fcomments&post=34"}],"version-history":[{"count":0,"href":"https:\/\/privacy.cyber-rights.org.tr\/index.php?rest_route=\/wp\/v2\/posts\/34\/revisions"}],"wp:attachment":[{"href":"https:\/\/privacy.cyber-rights.org.tr\/index.php?rest_route=%2Fwp%2Fv2%2Fmedia&parent=34"}],"wp:term":[{"taxonomy":"category","embeddable":true,"href":"https:\/\/privacy.cyber-rights.org.tr\/index.php?rest_route=%2Fwp%2Fv2%2Fcategories&post=34"},{"taxonomy":"post_tag","embeddable":true,"href":"https:\/\/privacy.cyber-rights.org.tr\/index.php?rest_route=%2Fwp%2Fv2%2Ftags&post=34"}],"curies":[{"name":"wp","href":"https:\/\/api.w.org\/{rel}","templated":true}]}}