{"id":358,"date":"2009-02-09T01:30:17","date_gmt":"2009-02-08T22:30:17","guid":{"rendered":"http:\/\/privacy.cyber-rights.org.tr\/?p=358"},"modified":"2009-02-09T01:30:19","modified_gmt":"2009-02-08T22:30:19","slug":"fislemede-yeni-donem-basliyor-turkiye-radikal-internet","status":"publish","type":"post","link":"https:\/\/privacy.cyber-rights.org.tr\/?p=358","title":{"rendered":"Fi\u015flemede yeni d\u00f6nem ba\u015fl\u0131yor \/ T\u00fcrkiye \/ Radikal \u0130nternet"},"content":{"rendered":"<p><a href=\"http:\/\/www.radikal.com.tr\/Radikal.aspx?aType=RadikalDetay&#038;ArticleID=920574&#038;Date=09.02.2009&#038;CategoryID=77\">Fi\u015flemede yeni d\u00f6nem ba\u015fl\u0131yor \/ T\u00fcrkiye \/ Radikal \u0130nternet<\/a><\/p>\n<p>07\/02\/2009<\/p>\n<p>Takipsizlik ve beraat karar\u0131n\u0131n kesinle\u015fmesinin ard\u0131ndan san\u0131klar hakk\u0131nda poliste tutulan \u2018sab\u0131ka\u2019 kay\u0131tlar\u0131 yok edilecek. Polis fi\u015fledi\u011fi ki\u015filere \u2018kayd\u0131n\u0131z silindi\u2019 bilgisini g\u00f6nderecek.<\/p>\n<p>Ki\u015filere ait parmak izi, foto\u011fraf gibi verilerin kullan\u0131lmas\u0131 ve silinmesine ili\u015fkin esaslar yeniden d\u00fczenlendi. Bug\u00fcn gazetesinin haberine g\u00f6re polis taraf\u0131ndan \u015f\u00fcphelilerden al\u0131nan parmak izi, foto\u011fraf gibi verilerin kullan\u0131lmas\u0131 ve silinmesine ili\u015fkin esaslar yeniden d\u00fczenlendi. \u0130\u00e7i\u015fleri Bakanl\u0131\u011f\u0131&#8217;nca 81 il emniyet m\u00fcd\u00fcrl\u00fc\u011f\u00fcne g\u00f6nderilen genelgeye g\u00f6re, parmak izi kay\u0131tlar\u0131 ancak hakim, mahkeme veya cumhuriyet savc\u0131s\u0131n\u0131n istemi \u00fczerine verilebilecek. Somut bir vakaya ili\u015fkin olarak yaz\u0131l\u0131 talep edildi\u011fi takdirde verilerin onayl\u0131 bir \u00f6rne\u011fi g\u00f6nderilecek.<\/p>\n<p>Parmak izi veya foto\u011fraf kay\u0131tlar\u0131n\u0131n bir soru\u015fturma ya da kovu\u015fturma kapsam\u0131nda talep edilmesi halinde, yaz\u0131l\u0131 istenecek. Kay\u0131tlar\u0131n tamam\u0131 veya bir k\u0131sm\u0131 toplu halde hi\u00e7bir kurum, kurulu\u015f, ki\u015fi veya birimlere verilemeyecek. Bilgiler payla\u015f\u0131lacak Interpol, Eurodoc, Europol- Sirene uygulamalar\u0131 \u00e7er\u00e7evesinde uluslararas\u0131 su\u00e7larla m\u00fccadele kapsam\u0131nda, kar\u015f\u0131l\u0131kl\u0131l\u0131k ilkesine uygun olarak verilere ili\u015fkin bilgiler \u00fclkeler aras\u0131nda payla\u015f\u0131labilecek. Emniyet Olay Yeri \u0130nceleme ve Kimlik Tespit \u015eubeleri&#8217;nde saklanan foto\u011fraf ve parmak izi verilerinin hangi ama\u00e7 do\u011frultusunda kullan\u0131laca\u011f\u0131na da a\u00e7\u0131kl\u0131k getirildi.<\/p>\n<p>Buna g\u00f6re, kimlik tespiti, kimlik tetkiki ve veri do\u011frulama i\u015flemleri, su\u00e7un \u00f6nlenmesi, su\u00e7un ayd\u0131nlat\u0131lmas\u0131, di\u011fer olaylarla irtibat\u0131n\u0131n ara\u015ft\u0131r\u0131lmas\u0131, daha \u00f6nce i\u015flenmi\u015f su\u00e7larla kar\u015f\u0131la\u015ft\u0131r\u0131lmas\u0131, kimliklendirmeye d\u00f6n\u00fck i\u015flemler ile insan veya do\u011fal kaynakl\u0131 felaketlerde kimlik tespiti amac\u0131yla kullan\u0131labilecek. Hakim isterse kay\u0131t silinecek Bakanl\u0131k, kay\u0131tlar\u0131n kullan\u0131lmas\u0131n\u0131n yan\u0131 s\u0131ra hangi hallerde imha edilece\u011fini de belirledi. Kesin h\u00fckme ba\u011flanm\u0131\u015f su\u00e7larla ilgili olarak al\u0131nan parmak izi ve foto\u011fraf kay\u0131tlar\u0131, ilgili hakk\u0131nda takipsizlik, beraat veya ceza verilmesine yer olmad\u0131\u011f\u0131 y\u00f6n\u00fcnde karar verilip kesinle\u015fmesi halinde, hakim veya mahkemenin iste\u011fi ile kay\u0131tlar silinebilecek. \u0130lgilinin \u015fahsi m\u00fcracaat\u0131 veya ba\u015fka g\u00f6revliler ya da makam taraf\u0131ndan istemde bulunulmu\u015f olmas\u0131 da kay\u0131tlar\u0131n silinmesi i\u00e7in yeterli kabul edilecek.<\/p>\n<p>Parmak izi kay\u0131tlar\u0131 silinecek<\/p>\n<p>Parmak izi ve foto\u011fraf kay\u0131tlar\u0131 iptal edildikten sonra tutana\u011fa ba\u011flanacak. Kay\u0131t silme i\u015fleminin sonucundan ilgili ki\u015fi bilgilendirilecek. Parmak izi ve foto\u011fraflar, kovu\u015fturmaya yer olmad\u0131\u011f\u0131 karar\u0131na itiraz s\u00fcresinin dolmas\u0131, itiraz\u0131n reddi, ceza verilmesine yer olmad\u0131\u011f\u0131 karar\u0131 verilip kesinle\u015fmesi halinde de imha edilecek. \u0130\u00e7i\u015fleri Bakanl\u0131\u011f\u0131, il emniyet m\u00fcd\u00fcrl\u00fcklerine verilerin gizlili\u011fine ili\u015fkin tedbirlerin al\u0131nmas\u0131 gerekti\u011fini de bildirdi.Verilen bilgi ve kay\u0131tlar\u0131n kullan\u0131lmas\u0131n\u0131n hukuki sonu\u00e7lar\u0131, belgeyi alan ya da kullanan makam, birim ve personelin sorumlulu\u011funda oldu\u011funa genelgede dikkat \u00e7ekildi.<\/p>\n","protected":false},"excerpt":{"rendered":"<p>Fi\u015flemede yeni d\u00f6nem ba\u015fl\u0131yor \/ T\u00fcrkiye \/ Radikal \u0130nternet 07\/02\/2009 Takipsizlik ve beraat karar\u0131n\u0131n kesinle\u015fmesinin ard\u0131ndan san\u0131klar hakk\u0131nda poliste tutulan \u2018sab\u0131ka\u2019 kay\u0131tlar\u0131 yok edilecek. Polis fi\u015fledi\u011fi ki\u015filere \u2018kayd\u0131n\u0131z silindi\u2019 bilgisini g\u00f6nderecek. Ki\u015filere ait parmak izi, foto\u011fraf gibi verilerin kullan\u0131lmas\u0131 ve silinmesine ili\u015fkin esaslar yeniden d\u00fczenlendi. Bug\u00fcn gazetesinin haberine g\u00f6re polis taraf\u0131ndan \u015f\u00fcphelilerden al\u0131nan parmak izi, foto\u011fraf gibi verilerin kullan\u0131lmas\u0131 ve&#8230;<\/p>\n","protected":false},"author":1,"featured_media":0,"comment_status":"open","ping_status":"closed","sticky":false,"template":"","format":"standard","meta":{"jetpack_post_was_ever_published":false,"_jetpack_newsletter_access":"","_jetpack_dont_email_post_to_subs":false,"_jetpack_newsletter_tier_id":0,"_jetpack_memberships_contains_paywalled_content":false,"_jetpack_memberships_contains_paid_content":false,"footnotes":"","jetpack_publicize_message":"","jetpack_publicize_feature_enabled":true,"jetpack_social_post_already_shared":false,"jetpack_social_options":{"image_generator_settings":{"template":"highway","default_image_id":0,"font":"","enabled":false},"version":2}},"categories":[66,20,10],"tags":[],"class_list":["post-358","post","type-post","status-publish","format-standard","hentry","category-gozetim-devleti","category-kisisel-verilerin-korunmasi","category-mahremiyet"],"jetpack_publicize_connections":[],"jetpack_featured_media_url":"","jetpack_sharing_enabled":true,"jetpack_shortlink":"https:\/\/wp.me\/p7wjA8-5M","jetpack-related-posts":[],"_links":{"self":[{"href":"https:\/\/privacy.cyber-rights.org.tr\/index.php?rest_route=\/wp\/v2\/posts\/358","targetHints":{"allow":["GET"]}}],"collection":[{"href":"https:\/\/privacy.cyber-rights.org.tr\/index.php?rest_route=\/wp\/v2\/posts"}],"about":[{"href":"https:\/\/privacy.cyber-rights.org.tr\/index.php?rest_route=\/wp\/v2\/types\/post"}],"author":[{"embeddable":true,"href":"https:\/\/privacy.cyber-rights.org.tr\/index.php?rest_route=\/wp\/v2\/users\/1"}],"replies":[{"embeddable":true,"href":"https:\/\/privacy.cyber-rights.org.tr\/index.php?rest_route=%2Fwp%2Fv2%2Fcomments&post=358"}],"version-history":[{"count":0,"href":"https:\/\/privacy.cyber-rights.org.tr\/index.php?rest_route=\/wp\/v2\/posts\/358\/revisions"}],"wp:attachment":[{"href":"https:\/\/privacy.cyber-rights.org.tr\/index.php?rest_route=%2Fwp%2Fv2%2Fmedia&parent=358"}],"wp:term":[{"taxonomy":"category","embeddable":true,"href":"https:\/\/privacy.cyber-rights.org.tr\/index.php?rest_route=%2Fwp%2Fv2%2Fcategories&post=358"},{"taxonomy":"post_tag","embeddable":true,"href":"https:\/\/privacy.cyber-rights.org.tr\/index.php?rest_route=%2Fwp%2Fv2%2Ftags&post=358"}],"curies":[{"name":"wp","href":"https:\/\/api.w.org\/{rel}","templated":true}]}}