{"id":37,"date":"2008-06-18T01:55:21","date_gmt":"2008-06-17T22:55:21","guid":{"rendered":"http:\/\/privacy.cyber-rights.org.tr\/?p=37"},"modified":"2008-06-18T01:55:23","modified_gmt":"2008-06-17T22:55:23","slug":"ozel-hayatin-gizliligi-koruma-altina-aliniyor","status":"publish","type":"post","link":"https:\/\/privacy.cyber-rights.org.tr\/?p=37","title":{"rendered":"\u00d6zel hayat\u0131n gizlili\u011fi koruma alt\u0131na al\u0131n\u0131yor"},"content":{"rendered":"<p><a href=\"http:\/\/www.cnnturk.com\/haber_detay.asp?haberID=471334&#038;PID=318\">\u00d6zel hayat\u0131n gizlili\u011fi koruma alt\u0131na al\u0131n\u0131yor<\/a>: &#8220;Ki\u015fisel Verileri Koruma Yasa Tasar\u0131s\u0131 Meclis&#8217;te Alt Komisyon&#8217;da g\u00f6r\u00fc\u015f\u00fcl\u00fcyor. E\u011fer tasar\u0131 yasala\u015f\u0131rsa, ki\u015fisel bilgiler sadece a\u00e7\u0131k ve me\u015fru ama\u00e7lar i\u00e7in toplan\u0131p kullan\u0131labilecek.&#8221;<\/p>\n<p>(Via <a href=\"http:\/\/www.cnnturk.com\/Servisler\/rss\/index.asp\">CNN T\u00dcRK<\/a>.)<\/p>\n","protected":false},"excerpt":{"rendered":"<p>\u00d6zel hayat\u0131n gizlili\u011fi koruma alt\u0131na al\u0131n\u0131yor: &#8220;Ki\u015fisel Verileri Koruma Yasa Tasar\u0131s\u0131 Meclis&#8217;te Alt Komisyon&#8217;da g\u00f6r\u00fc\u015f\u00fcl\u00fcyor. E\u011fer tasar\u0131 yasala\u015f\u0131rsa, ki\u015fisel bilgiler sadece a\u00e7\u0131k ve me\u015fru ama\u00e7lar i\u00e7in toplan\u0131p kullan\u0131labilecek.&#8221; (Via CNN T\u00dcRK.)<\/p>\n","protected":false},"author":1,"featured_media":0,"comment_status":"open","ping_status":"closed","sticky":false,"template":"","format":"standard","meta":{"jetpack_post_was_ever_published":false,"_jetpack_newsletter_access":"","_jetpack_dont_email_post_to_subs":false,"_jetpack_newsletter_tier_id":0,"_jetpack_memberships_contains_paywalled_content":false,"_jetpack_memberships_contains_paid_content":false,"footnotes":"","jetpack_publicize_message":"","jetpack_publicize_feature_enabled":true,"jetpack_social_post_already_shared":false,"jetpack_social_options":{"image_generator_settings":{"template":"highway","default_image_id":0,"font":"","enabled":false},"version":2}},"categories":[16,20,10],"tags":[],"class_list":["post-37","post","type-post","status-publish","format-standard","hentry","category-data-protection","category-kisisel-verilerin-korunmasi","category-mahremiyet"],"jetpack_publicize_connections":[],"jetpack_featured_media_url":"","jetpack_sharing_enabled":true,"jetpack_shortlink":"https:\/\/wp.me\/p7wjA8-B","jetpack-related-posts":[],"_links":{"self":[{"href":"https:\/\/privacy.cyber-rights.org.tr\/index.php?rest_route=\/wp\/v2\/posts\/37","targetHints":{"allow":["GET"]}}],"collection":[{"href":"https:\/\/privacy.cyber-rights.org.tr\/index.php?rest_route=\/wp\/v2\/posts"}],"about":[{"href":"https:\/\/privacy.cyber-rights.org.tr\/index.php?rest_route=\/wp\/v2\/types\/post"}],"author":[{"embeddable":true,"href":"https:\/\/privacy.cyber-rights.org.tr\/index.php?rest_route=\/wp\/v2\/users\/1"}],"replies":[{"embeddable":true,"href":"https:\/\/privacy.cyber-rights.org.tr\/index.php?rest_route=%2Fwp%2Fv2%2Fcomments&post=37"}],"version-history":[{"count":0,"href":"https:\/\/privacy.cyber-rights.org.tr\/index.php?rest_route=\/wp\/v2\/posts\/37\/revisions"}],"wp:attachment":[{"href":"https:\/\/privacy.cyber-rights.org.tr\/index.php?rest_route=%2Fwp%2Fv2%2Fmedia&parent=37"}],"wp:term":[{"taxonomy":"category","embeddable":true,"href":"https:\/\/privacy.cyber-rights.org.tr\/index.php?rest_route=%2Fwp%2Fv2%2Fcategories&post=37"},{"taxonomy":"post_tag","embeddable":true,"href":"https:\/\/privacy.cyber-rights.org.tr\/index.php?rest_route=%2Fwp%2Fv2%2Ftags&post=37"}],"curies":[{"name":"wp","href":"https:\/\/api.w.org\/{rel}","templated":true}]}}