{"id":388,"date":"2009-04-16T12:39:15","date_gmt":"2009-04-16T09:39:15","guid":{"rendered":"http:\/\/privacy.cyber-rights.org.tr\/?p=388"},"modified":"2009-04-16T12:39:18","modified_gmt":"2009-04-16T09:39:18","slug":"vatan-ataturk%e2%80%99un-boyle-korunmaya-ihtiyaci-yok","status":"publish","type":"post","link":"https:\/\/privacy.cyber-rights.org.tr\/?p=388","title":{"rendered":"Vatan: Atat\u00fcrk\u2019\u00fcn b\u00f6yle korunmaya ihtiyac\u0131 yok"},"content":{"rendered":"<p><a href=\"http:\/\/haber.gazetevatan.com\/haberdetay.asp?tarih=13.04.2009&#038;Newsid=232901&#038;Categoryid=4&#038;wid=166\"><\/a><\/p>\n<p>Hikmet Bil\u00e2: Atat\u00fcrk\u2019\u00fcn b\u00f6yle korunmaya ihtiyac\u0131 yok<\/p>\n<p>Olay, d\u00fcnk\u00fc VATAN\u2019\u0131n man\u015fetindeydi. D\u00fcnyan\u0131n en b\u00fcy\u00fck g\u00f6r\u00fcnt\u00fcl\u00fc payla\u015f\u0131m sitesi \u2018YouTube\u2019 un \u2018Atat\u00fcrk\u2019\u00fc korumak\u2019 i\u00e7in 15 ay \u00f6nce mahkeme karar\u0131yla kapatt\u0131r\u0131lmas\u0131ndan sonra \u015fimdi de d\u00fcnyan\u0131n en b\u00fcy\u00fck internet arama motoru \u2018Google\u2019 \u0131n kapat\u0131lmas\u0131 s\u00f6z konusuydu.<\/p>\n<p>\u00c7\u00fcnk\u00fc Atat\u00fcrk\u00e7\u00fc D\u00fc\u015f\u00fcnce Derne\u011fi, Google\u2019da Atat\u00fcrk\u2019le ilgili arama yap\u0131ld\u0131\u011f\u0131nda, Atat\u00fcrk\u2019\u00fcn ki\u015fili\u011fine y\u00f6nelik a\u011f\u0131r hakaretler bulundu\u011fu gerek\u00e7esiyle su\u00e7 duyurusunda bulunmu\u015ftu.<\/p>\n<p>B\u00fcy\u00fck olas\u0131l\u0131kla Google da kapat\u0131l\u0131r.<\/p>\n<p>Su\u00e7 duyurusuna kar\u015f\u0131 ilk tepkiler beklendi\u011fi gibiydi. Evrensel payla\u015f\u0131m sitelerinin, arama motorlar\u0131n\u0131n kapat\u0131lmas\u0131, T\u00fcrkiye\u2019yi d\u00fcnyan\u0131n g\u00f6z\u00fcnde \u2018sans\u00fcrc\u00fc\u2019 durumuna d\u00fc\u015f\u00fcr\u00fcr. \u0130ran, Suudi Arabistan, Kuzey Kore ya da baz\u0131 Afrika \u00fclkeleri gibi, kendisinden korkan, \u00e7a\u011f d\u0131\u015f\u0131 rejimlerle ayn\u0131 kefeye koyar.<\/p>\n<p>Bu yarg\u0131ya kat\u0131lmamak m\u00fcmk\u00fcn de\u011fil. Atat\u00fcrk ne Hitler\u2019dir, ne Stalin\u2019dir, ne Noriega\u2019d\u0131r, ne Be\u015fir\u2019dir, ne Kim Jong-il\u2019dir ne Humeyni\u2019dir. Atat\u00fcrk, \u00e7a\u011fda\u015f T\u00fcrkiye Cumhuriyeti\u2019nin kurucusudur. Ya\u015farken de \u00f6ld\u00fckten sonra d\u00fcnyan\u0131n kar\u015f\u0131s\u0131na \u2018aln\u0131 a\u00e7\u0131k\u2019 \u00e7\u0131kabilen bir ayd\u0131nlanma lideridir. \u00d6l\u00fcm\u00fcnden bu yana ge\u00e7en 71 y\u0131lda say\u0131s\u0131z d\u00fcnya liderinin \u00f6vg\u00fcyle, sayg\u0131yla, hayranl\u0131kla and\u0131\u011f\u0131 Atat\u00fcrk\u2019t\u00fcr o.<\/p>\n<p>Atat\u00fcrk\u2019e hakaretler ya\u011fd\u0131rd\u0131\u011f\u0131 s\u00f6ylenen siteyi a\u00e7\u0131p bakmad\u0131m bile. \u00c7\u00fcnk\u00fc Atat\u00fcrk\u2019\u00fcn \u2018adam olma\u2019 devrimleriyle \u2018kuyruk ac\u0131s\u0131\u2019 ya\u015fayanlar\u0131n neler s\u00f6yleyebilece\u011fini tahmin ediyorum. 90 y\u0131ld\u0131r neler s\u00f6ylediklerini zaten biliyorum. Umurumda bile de\u011filler.<\/p>\n<p>Benim s\u00f6z\u00fcm, Atat\u00fcrk\u2019\u00fc korumak i\u00e7in \u2018kapatt\u0131rma\u2019, \u2018yasaklatma\u2019 yoluna giden ki\u015filere, kurumlara ve sivil toplum \u00f6rg\u00fctlerine. \u00c7ok iyi biliyoruz ki, son y\u0131llarda Atat\u00fcrk\u2019e sald\u0131r\u0131lar sadece internet sitelerinden yap\u0131lm\u0131yor. Yurt i\u00e7inden ve yurt d\u0131\u015f\u0131ndan resmi ya da \u00f6zel bir\u00e7ok merkezden sistemli bir karalama kampanyas\u0131 y\u00fcr\u00fct\u00fcl\u00fcyor. Kimi, dedi\u011fim gibi, \u2018kuyruk ac\u0131s\u0131\u2019 ndan&#8230; Kimi, cehaletten&#8230; Kimi de Atat\u00fcrk\u00e7\u00fcleri p\u0131st\u0131r\u0131p \u00e7a\u011fd\u0131\u015f\u0131 siyasal anlay\u0131\u015flar\u0131n\u0131 egemen k\u0131lma kayg\u0131s\u0131ndan&#8230;<\/p>\n<p>Bunlara kar\u015f\u0131 yap\u0131lmas\u0131 gereken, yasaklatma, kapatt\u0131rma de\u011fil. Hangi birini yasaklat\u0131p, hangi birini kapatt\u0131racaks\u0131n\u0131z? Atat\u00fcrk\u2019\u00fcn T\u00fcrk ve d\u00fcnya kamuoyundan saklanacak, gizlenecek bir taraf\u0131 yok ki, bu yola gidilsin.<\/p>\n<p>Yap\u0131lmas\u0131 gereken daha ba\u015fka bir \u015fey. Bir yandan, Atat\u00fcrk d\u00fc\u015fmanlar\u0131na gereken cevaplar\u0131 verirken bir yandan da Atat\u00fcrk ilkelerini yeniden ve sab\u0131rla bu \u00fclkenin insanlar\u0131na anlatmak. \u00c7\u00fcnk\u00fc Atat\u00fcrk do\u011fru yerde duruyor. Atat\u00fcrk\u2019\u00fcn unutturuldu\u011fu insanlar\u0131 yeniden o do\u011fru yere getirmek. Elbette zor olan bir yol bu. Emek istiyor. Kararl\u0131l\u0131k istiyor. \u00c7aba istiyor.<\/p>\n<p>Atat\u00fcrk\u2019\u00fcn \u00fclkede ve d\u00fcnyada yeniden \u2018y\u00fckselen de\u011fer\u2019 olmaya ba\u015flad\u0131\u011f\u0131 bir d\u00f6nem ya\u015f\u0131yoruz. Bu d\u00f6nemde Atat\u00fcrk\u2019\u00fc \u00f6\u011fretmek varken, Atat\u00fcrk\u2019\u00fc yasaklarla korumaya \u00e7al\u0131\u015fmaktan daha yanl\u0131\u015f bir hareket olamaz.<\/p>\n<p>D\u00fcnk\u00fc ba\u015fyaz\u0131s\u0131nda G\u00fcng\u00f6r Mengi\u2019nin dedi\u011fi gibi, Atat\u00fcrk\u00e7\u00fc d\u00fc\u015f\u00fcnce dernekleri, \u2018Pislik \u00e7ukurunu mahkemeye kapatt\u0131racak yerde, oraya t\u00fcnemi\u015f kargalar\u0131 t\u00fck\u00fcr\u00fck ya\u011fmuruna tutacak bir toplumsal dayan\u0131\u015fmay\u0131 in\u015fa etmenin iddias\u0131na soyunmal\u0131d\u0131r.\u2019<\/p>\n","protected":false},"excerpt":{"rendered":"<p>Hikmet Bil\u00e2: Atat\u00fcrk\u2019\u00fcn b\u00f6yle korunmaya ihtiyac\u0131 yok Olay, d\u00fcnk\u00fc VATAN\u2019\u0131n man\u015fetindeydi. D\u00fcnyan\u0131n en b\u00fcy\u00fck g\u00f6r\u00fcnt\u00fcl\u00fc payla\u015f\u0131m sitesi \u2018YouTube\u2019 un \u2018Atat\u00fcrk\u2019\u00fc korumak\u2019 i\u00e7in 15 ay \u00f6nce mahkeme karar\u0131yla kapatt\u0131r\u0131lmas\u0131ndan sonra \u015fimdi de d\u00fcnyan\u0131n en b\u00fcy\u00fck internet arama motoru \u2018Google\u2019 \u0131n kapat\u0131lmas\u0131 s\u00f6z konusuydu. \u00c7\u00fcnk\u00fc Atat\u00fcrk\u00e7\u00fc D\u00fc\u015f\u00fcnce Derne\u011fi, Google\u2019da Atat\u00fcrk\u2019le ilgili arama yap\u0131ld\u0131\u011f\u0131nda, Atat\u00fcrk\u2019\u00fcn ki\u015fili\u011fine y\u00f6nelik a\u011f\u0131r hakaretler bulundu\u011fu gerek\u00e7esiyle su\u00e7 duyurusunda&#8230;<\/p>\n","protected":false},"author":1,"featured_media":0,"comment_status":"open","ping_status":"closed","sticky":false,"template":"","format":"standard","meta":{"jetpack_post_was_ever_published":false,"_jetpack_newsletter_access":"","_jetpack_dont_email_post_to_subs":false,"_jetpack_newsletter_tier_id":0,"_jetpack_memberships_contains_paywalled_content":false,"_jetpack_memberships_contains_paid_content":false,"footnotes":"","jetpack_publicize_message":"","jetpack_publicize_feature_enabled":true,"jetpack_social_post_already_shared":false,"jetpack_social_options":{"image_generator_settings":{"template":"highway","default_image_id":0,"font":"","enabled":false},"version":2}},"categories":[5,21,8,28],"tags":[],"class_list":["post-388","post","type-post","status-publish","format-standard","hentry","category-dusunce-ozgurlugu","category-erisim-engelleme","category-google","category-hakaret"],"jetpack_publicize_connections":[],"jetpack_featured_media_url":"","jetpack_sharing_enabled":true,"jetpack_shortlink":"https:\/\/wp.me\/p7wjA8-6g","jetpack-related-posts":[],"_links":{"self":[{"href":"https:\/\/privacy.cyber-rights.org.tr\/index.php?rest_route=\/wp\/v2\/posts\/388","targetHints":{"allow":["GET"]}}],"collection":[{"href":"https:\/\/privacy.cyber-rights.org.tr\/index.php?rest_route=\/wp\/v2\/posts"}],"about":[{"href":"https:\/\/privacy.cyber-rights.org.tr\/index.php?rest_route=\/wp\/v2\/types\/post"}],"author":[{"embeddable":true,"href":"https:\/\/privacy.cyber-rights.org.tr\/index.php?rest_route=\/wp\/v2\/users\/1"}],"replies":[{"embeddable":true,"href":"https:\/\/privacy.cyber-rights.org.tr\/index.php?rest_route=%2Fwp%2Fv2%2Fcomments&post=388"}],"version-history":[{"count":0,"href":"https:\/\/privacy.cyber-rights.org.tr\/index.php?rest_route=\/wp\/v2\/posts\/388\/revisions"}],"wp:attachment":[{"href":"https:\/\/privacy.cyber-rights.org.tr\/index.php?rest_route=%2Fwp%2Fv2%2Fmedia&parent=388"}],"wp:term":[{"taxonomy":"category","embeddable":true,"href":"https:\/\/privacy.cyber-rights.org.tr\/index.php?rest_route=%2Fwp%2Fv2%2Fcategories&post=388"},{"taxonomy":"post_tag","embeddable":true,"href":"https:\/\/privacy.cyber-rights.org.tr\/index.php?rest_route=%2Fwp%2Fv2%2Ftags&post=388"}],"curies":[{"name":"wp","href":"https:\/\/api.w.org\/{rel}","templated":true}]}}