{"id":389,"date":"2009-04-16T12:56:06","date_gmt":"2009-04-16T09:56:06","guid":{"rendered":"http:\/\/privacy.cyber-rights.org.tr\/?p=389"},"modified":"2009-04-16T12:56:09","modified_gmt":"2009-04-16T09:56:09","slug":"vatan-%e2%80%98youtube-yasaklandi-google-da-kapansin%e2%80%99","status":"publish","type":"post","link":"https:\/\/privacy.cyber-rights.org.tr\/?p=389","title":{"rendered":"Vatan: \u2018YouTube yasakland\u0131 Google da kapans\u0131n!\u2019"},"content":{"rendered":"<p><a href=\"http:\/\/haber.gazetevatan.com\/haberdetay.asp?Newsid=232756&#038;Categoryid=1\">\u2018YouTube yasakland\u0131 Google da kapans\u0131n!\u2019<\/a><\/p>\n<p>11.04.2009 Cumartesi<\/p>\n<p>\u00c7a\u011f\u0131n \u00e7ok ilerisindeki Atat\u00fcrk\u2019\u00fcn hat\u0131ras\u0131n\u0131 korumak ad\u0131na T\u00fcrkiye\u2019yi d\u00fcnyada \u2018sans\u00fcrc\u00fc\u2019 \u00fclke konumuna sokan baz\u0131 gruplar, YouTube\u2019dan sonra da internet arama motoru Google\u2019\u0131n kapat\u0131lmas\u0131 i\u00e7in ba\u015fvurdu&#8230;<\/p>\n<p>Cumhuriyetin kurucusu, devrimlerin yarat\u0131c\u0131s\u0131 ulu \u00f6nder Atat\u00fcrk, \u2018Tunus\u2019u, Fas\u2019\u0131, \u0130ran\u2019\u0131, Kuzey Kore\u2019yi de\u011fil Avrupa\u2019y\u0131 hedef g\u00f6stermi\u015ftir ve ad\u0131na da \u2019muas\u0131r medeniyet\u2018 dedi; her zamanki ileri g\u00f6r\u00fc\u015f\u00fcyle&#8230;<\/p>\n<p>Ancak baz\u0131 gruplar, \u00e7a\u011f\u0131n\u0131n \u00e7ok ilerisindeki Atat\u00fcrk\u2019\u00fcn hat\u0131ras\u0131n\u0131 korumak ad\u0131na T\u00fcrkiye\u2019yi d\u00fcnyada \u2019sans\u00fcrc\u00fc\u2019 \u00fclke konumuna soktu. \u00d6nce, d\u00fcnyan\u0131n en b\u00fcy\u00fck g\u00f6r\u00fcnt\u00fc payla\u015f\u0131m sitesi olan YouTube hakk\u0131nda, \u2019Atat\u00fcrk\u2019e hakaret i\u00e7eren videolar\u0131 yay\u0131nland\u0131\u011f\u0131\u2018 gerek\u00e7esiyle savc\u0131l\u0131\u011fa \u015fikayette bulunuldu. Bu \u015fikayeti hakk\u0131 g\u00f6ren Ankara Cumuhriyet Savc\u0131l\u0131\u011f\u0131, YouTube\u2019a yasak getirdi. YouTube ge\u00e7en May\u0131s ay\u0131ndan beri T\u00fcrkiye\u2019de yasakl\u0131. T\u00fcrkiye bu kararla internete sans\u00fcr uygulayan \u00c7in, Vietnam, \u0130ran, K\u00fcba, Tunus, Suriye, Kuzey Kore ve Suudi Arabistan gibi \u00fclkelerin aras\u0131na girdi. \u015eimdi de Atat\u00fcrk D\u00fc\u015f\u00fcnce Derne\u011fi (ADD) ayn\u0131 gerek\u00e7eyle Google arama motorunun kapanmas\u0131 i\u00e7in ba\u015fvurdu.<\/p>\n<p>Konya\u2019dan umut veren haber<\/p>\n<p>ADD, Google arama motorunda \u2019Kemalizmin Kar\u0131n A\u011fr\u0131s\u0131\u2018 \u015feklindeki kelime ile ula\u015f\u0131labilen alt sitesinde \u00e7e\u015fitli ba\u015fl\u0131klarda Atat\u00fcrk\u2019e hakaret i\u00e7eren bilgilere ula\u015f\u0131ld\u0131\u011f\u0131 ileri s\u00fcr\u00fclerek, arama motorunun alt sitesinin y\u00f6neticilerinin cezaland\u0131r\u0131lmas\u0131 ve kapat\u0131lmas\u0131 i\u00e7in Ankara Cumhuriyet Ba\u015fsavc\u0131l\u0131\u011f\u0131\u2019na su\u00e7 duyurusunda bulundu. ADD ad\u0131na avukat Kutlay Alpu\u011fan taraf\u0131ndan verilen dilek\u00e7ede, s\u00f6zkonusu kelimenin yaz\u0131lmas\u0131n\u0131n ard\u0131ndan ortaya \u00e7\u0131kan \u2019http:\/\/ sites.google.com\/site\/kemalizminkarinagrisi\/Home \u2018 sitesinin ana ba\u015fl\u0131klar\u0131nda Atat\u00fcrk\u2019\u00fcn ki\u015filik haklar\u0131 da dahil olmak \u00fczere her alanda hakaret edildi\u011fi ve k\u00fc\u00e7\u00fck d\u00fc\u015f\u00fcr\u00fcld\u00fc\u011f\u00fc savunuldu. Yay\u0131nlardan sorumlu olanlar\u0131n tespit edilemedi\u011fi belirtilen dilek\u00e7ede, \u2019Ancak sitenin Google taraf\u0131ndan desteklendi\u011fi sayfan\u0131n son k\u0131sm\u0131nda belirtilmi\u015ftir. Bu nedenle ilgililer hakk\u0131nda gerekli kovu\u015fturman\u0131n yap\u0131larak cezaland\u0131r\u0131lmalar\u0131 i\u00e7in dava a\u00e7\u0131lmas\u0131n\u0131 talep ediyoruz\u2018 denildi.<\/p>\n<p>Konya\u2019da ise d\u00fcn ilgin\u00e7 bir karar \u00e7\u0131kt\u0131. Konya\u2019da emekli \u00f6\u011fretmen, 49 ya\u015f\u0131ndaki Mustafa Kara\u00e7ift\u00e7i, Sinan \u00c7etin\u2019in yaz\u0131p y\u00f6netti\u011fi, T\u00fcrk Halk M\u00fczi\u011fi sanat\u00e7\u0131s\u0131 Cansu Ko\u00e7, Ahmet Ko\u00e7 ve Ali Ko\u00e7\u2019un rol ald\u0131\u011f\u0131 \u2019Mutlu ol, bu bir emirdir\u2019adl\u0131 k\u0131sa filmini internetdeki bir video payla\u015f\u0131m sitesinde ileyip, Atat\u00fcrk\u2019e, Cumhuriyet\u2019e ve askerlere y\u00f6nelik hakaret i\u00e7erdi\u011fi iddias\u0131yla, y\u00f6netmen Sinan \u00c7etin hakk\u0131da Konya Cumhuriyet Savc\u0131l\u0131\u011f\u0131\u2019na su\u00e7 duyurusunda bulundu.<\/p>\n<p>\u00c7etin\u2019in \u00e7ekti\u011fi k\u0131sa film, 2 Kas\u0131m 1934 y\u0131l\u0131nda Anadolu\u2019da bir k\u00f6yde ge\u00e7iyor. Filmin ba\u015flang\u0131c\u0131nda, \u2019O y\u0131llarda T.C. H\u00fck\u00fcmeti radyolarda T\u00fcrk m\u00fczi\u011finin \u00e7al\u0131nmas\u0131n\u0131 yasaklad\u0131. Amac\u0131, bat\u0131 m\u00fczi\u011finin yayg\u0131nla\u015fmas\u0131n\u0131 sa\u011flamakt\u0131. Gen\u00e7 cumhuriyet, alaturka yerine alafrangay\u0131 yani Bat\u0131 k\u00fclt\u00fcr\u00fcn\u00fc topluma yeti\u015ftirmek istiyor\u2018 yaz\u0131s\u0131 yer ald\u0131. 5 dakikal\u0131k filmde askerler, k\u00f6y halk\u0131 ile birlikte ba\u011flama e\u015fli\u011finde T\u00fcrk Halk M\u00fczi\u011fi s\u00f6yleyenlerin bulundu\u011fu eve bask\u0131n yap\u0131yor. K\u00f6yl\u00fclere ve t\u00fcrk\u00fc s\u00f6yleyenlere do\u011fru silah do\u011frultan askerler, t\u00fcrk\u00fc s\u00f6ylemenin yasak oldu\u011funu belirterek Bat\u0131 m\u00fczi\u011fi s\u00f6ylemeleri konusunda uyar\u0131yor. Askerler gruba, Klasik Bat\u0131 M\u00fczi\u011fi\u2019nden Mozart ve Beethoven\u2019den bir beste s\u00f6ylemesini istiyor. Grupta, ba\u011flama e\u015fli\u011finde Mozart ve Beethoveen\u2019den birer beste s\u00f6yl\u00fcyor. Bu s\u0131rada grup, t\u00fcrk\u00fc s\u00f6ylemeye ba\u015fl\u0131yor. Askerler de, t\u00fcrk\u00fc e\u015fli\u011finde oynamaya ba\u015fl\u0131yor&#8230;\u2019<\/p>\n<p>\u2019Su\u00e7 unsuru bulunmuyor\u2019<\/p>\n<p>Bunu hakaret olarak de\u011ferlendiren Kara\u00e7ift\u00e7i, 1 Ekim 2008 tarihinde Konya Cumhuriyet Savc\u0131l\u0131\u011f\u0131\u2019na ba\u015fvurdu. Konya Cumhuriyet Savc\u0131l\u0131\u011f\u0131 dilek\u00e7eyi, su\u00e7un i\u015flendi\u011fi yer oldu\u011fu i\u00e7in \u0130stanbul Beyo\u011flu Cumhuriyet Savcl\u0131\u011f\u0131\u2019na sevk etti. \u0130stanbul Beyo\u011flu Cumhuriyet Savcl\u0131\u011f\u0131 yapt\u0131\u011f\u0131 de\u011ferlendirme sonucunda, \u2019Unsuru olu\u015fmayan su\u00e7tan dolay\u0131 kovu\u015fturmaya yer olmad\u0131\u011f\u0131na\u2019 karar verdi. Kararda, \u015f\u00f6yle denildi: \u20191934 tarihinde \u015e\u00fckr\u00fc Kaya\u2019n\u0131n \u0130\u00e7i\u015fleri Bakanl\u0131\u011f\u0131 zaman\u0131nda Alaturka m\u00fczi\u011fin radyolarda ve gazinolarda yasakland\u0131\u011f\u0131, Eyl\u00fcl 1936 tarihinde bu yasa\u011f\u0131n Atat\u00fcrk taraf\u0131ndan kald\u0131r\u0131ld\u0131\u011f\u0131 bir tarihi ger\u00e7ektir. Askerlerin k\u0131yafetleri de resmi k\u0131yafettir, bir Nazi askerine benzeltilme gibi bir g\u00f6r\u00fcnt\u00fc yoktur. Alaturka m\u00fczi\u011fin radyolarda yasaklanmas\u0131 T\u00fcrk m\u00fczi\u011finin \u00e7ok seslili\u011fi adaptasyonu amac\u0131 ile konulmu\u015ftur. Bir yenile\u015ftirme hareketidir, bu filmde bu yasa\u011f\u0131n olumlu sonu\u00e7lar vermedi\u011fi anlat\u0131lmaktad\u0131r, bir bak\u0131ma karar ele\u015ftirilmektedir.\u2019<\/p>\n","protected":false},"excerpt":{"rendered":"<p>\u2018YouTube yasakland\u0131 Google da kapans\u0131n!\u2019 11.04.2009 Cumartesi \u00c7a\u011f\u0131n \u00e7ok ilerisindeki Atat\u00fcrk\u2019\u00fcn hat\u0131ras\u0131n\u0131 korumak ad\u0131na T\u00fcrkiye\u2019yi d\u00fcnyada \u2018sans\u00fcrc\u00fc\u2019 \u00fclke konumuna sokan baz\u0131 gruplar, YouTube\u2019dan sonra da internet arama motoru Google\u2019\u0131n kapat\u0131lmas\u0131 i\u00e7in ba\u015fvurdu&#8230; Cumhuriyetin kurucusu, devrimlerin yarat\u0131c\u0131s\u0131 ulu \u00f6nder Atat\u00fcrk, \u2018Tunus\u2019u, Fas\u2019\u0131, \u0130ran\u2019\u0131, Kuzey Kore\u2019yi de\u011fil Avrupa\u2019y\u0131 hedef g\u00f6stermi\u015ftir ve ad\u0131na da \u2019muas\u0131r medeniyet\u2018 dedi; her zamanki ileri g\u00f6r\u00fc\u015f\u00fcyle&#8230; Ancak baz\u0131&#8230;<\/p>\n","protected":false},"author":1,"featured_media":0,"comment_status":"open","ping_status":"closed","sticky":false,"template":"","format":"standard","meta":{"jetpack_post_was_ever_published":false,"_jetpack_newsletter_access":"","_jetpack_dont_email_post_to_subs":false,"_jetpack_newsletter_tier_id":0,"_jetpack_memberships_contains_paywalled_content":false,"_jetpack_memberships_contains_paid_content":false,"footnotes":"","jetpack_publicize_message":"","jetpack_publicize_feature_enabled":true,"jetpack_social_post_already_shared":false,"jetpack_social_options":{"image_generator_settings":{"template":"highway","default_image_id":0,"font":"","enabled":false},"version":2}},"categories":[5,21,8,28],"tags":[],"class_list":["post-389","post","type-post","status-publish","format-standard","hentry","category-dusunce-ozgurlugu","category-erisim-engelleme","category-google","category-hakaret"],"jetpack_publicize_connections":[],"jetpack_featured_media_url":"","jetpack_sharing_enabled":true,"jetpack_shortlink":"https:\/\/wp.me\/p7wjA8-6h","jetpack-related-posts":[],"_links":{"self":[{"href":"https:\/\/privacy.cyber-rights.org.tr\/index.php?rest_route=\/wp\/v2\/posts\/389","targetHints":{"allow":["GET"]}}],"collection":[{"href":"https:\/\/privacy.cyber-rights.org.tr\/index.php?rest_route=\/wp\/v2\/posts"}],"about":[{"href":"https:\/\/privacy.cyber-rights.org.tr\/index.php?rest_route=\/wp\/v2\/types\/post"}],"author":[{"embeddable":true,"href":"https:\/\/privacy.cyber-rights.org.tr\/index.php?rest_route=\/wp\/v2\/users\/1"}],"replies":[{"embeddable":true,"href":"https:\/\/privacy.cyber-rights.org.tr\/index.php?rest_route=%2Fwp%2Fv2%2Fcomments&post=389"}],"version-history":[{"count":0,"href":"https:\/\/privacy.cyber-rights.org.tr\/index.php?rest_route=\/wp\/v2\/posts\/389\/revisions"}],"wp:attachment":[{"href":"https:\/\/privacy.cyber-rights.org.tr\/index.php?rest_route=%2Fwp%2Fv2%2Fmedia&parent=389"}],"wp:term":[{"taxonomy":"category","embeddable":true,"href":"https:\/\/privacy.cyber-rights.org.tr\/index.php?rest_route=%2Fwp%2Fv2%2Fcategories&post=389"},{"taxonomy":"post_tag","embeddable":true,"href":"https:\/\/privacy.cyber-rights.org.tr\/index.php?rest_route=%2Fwp%2Fv2%2Ftags&post=389"}],"curies":[{"name":"wp","href":"https:\/\/api.w.org\/{rel}","templated":true}]}}