{"id":391,"date":"2009-04-21T21:53:32","date_gmt":"2009-04-21T18:53:32","guid":{"rendered":"http:\/\/privacy.cyber-rights.org.tr\/?p=391"},"modified":"2009-04-21T21:56:55","modified_gmt":"2009-04-21T18:56:55","slug":"turan-dursun-sitesine-erisim-engelleme-kaldirilmis","status":"publish","type":"post","link":"https:\/\/privacy.cyber-rights.org.tr\/?p=391","title":{"rendered":"Turan Dursun sitesine eri\u015fim engelleme kald\u0131r\u0131lm\u0131\u015f"},"content":{"rendered":"<p><a href=\"http:\/\/www.turandursun.com\/\">http:\/\/www.turandursun.com\/<\/a> sitesindeki 6 \u015eubat, 2009 tarihli haberde &#8220;Harun Yahya olarak da tan\u0131nan Adnan Oktar&#8217;\u0131n avukat\u0131 arac\u0131l\u0131\u011f\u0131 ile sitemiz \u00fczerine koydurdu\u011fu eri\u015fime engelleme karar\u0131 yapt\u0131\u011f\u0131m\u0131z hukuki itiraz \u00fczerine kald\u0131r\u0131ld\u0131. Bu \u015fekilde d\u00f6rt aya yak\u0131n s\u00fcren T\u00fcrk Telekom engeli kalkm\u0131\u015f oldu. Bu s\u00fcre\u00e7 boyunca sadece yurtd\u0131\u015f\u0131ndan ba\u011flanan ziyaret\u00e7ilerimiz ve yurti\u00e7inde ya\u015fay\u0131p proxy \u00fczerinden ba\u011flanan ziyaret\u00e7ilerimiz sitemize ula\u015fabiliyordu&#8221; deniyor.<\/p>\n<p>Kas\u0131m 2008 B\u00fclteni&#8217;nde site y\u00f6neticileri eri\u015fimin sitelerine neden engellendi\u011fini a\u015fa\u011f\u0131daki \u015fekilde a\u00e7\u0131klam\u0131\u015ft\u0131.<\/p>\n<p>Sayg\u0131de\u011fer okurlar,<\/p>\n<p>B\u00fcltenimizin 15. say\u0131s\u0131nda yine beraberiz\u2026<\/p>\n<p>Sitemizin Adnan Oktar&#8217;\u0131n a\u00e7t\u0131\u011f\u0131 bir tazminat davas\u0131 sebebiyle Gebze Mahkemesi taraf\u0131ndan tedbiren eri\u015fime engellendi\u011fi kesinle\u015fti. Adnan Oktar, \u00fcyelerimizin 8 farkl\u0131 ba\u015fl\u0131\u011fa yazm\u0131\u015f olduklar\u0131 iletileri \u015fik\u00e2yet konusu yapm\u0131\u015f ve kapat\u0131lan di\u011fer siteleri ems\u00e2l g\u00f6stererek tedbir karar\u0131n\u0131 mahkemeye sunmu\u015ftur.<\/p>\n<p>Dava ile ilgili hakim, \u201cm\u00fcmk\u00fcnse bu ba\u015fl\u0131klar\u0131n eri\u015fime engellenmesi, de\u011filse sitenin eri\u015fime engellenmesi\u201d karar\u0131n\u0131 vermi\u015f ve bu karar eri\u015fim sa\u011flay\u0131c\u0131lara tebli\u011f edilmi\u015ftir. Onlar da 5651 Say\u0131l\u0131 Kanun\u2019un \u00f6ne s\u00fcrd\u00fc\u011f\u00fc \u2018ikaz\u2019 \u015fart\u0131n\u0131 uygulama zorunlulu\u011fu hissetmeden -kolay\u0131n\u0131 se\u00e7erek- sitemizi engelleme yoluna gitmi\u015ftir.<\/p>\n<p>Turan Dursun Sitesi olarak bu tedbir karar\u0131na itiraz ettik ve mahkemede taraf olarak yer ald\u0131k. Hakim, itiraz dilek\u00e7emizi ilgili celsede de\u011ferlendirmeye almaya karar verdi. Sonu\u00e7 olarak mahkeme tarihi olan 2 \u015eubat 2009\u2019a kadar sitemiz faaliyetine bu \u015fekilde devam etmek durumunda.. Buna ra\u011fmen hukuki m\u00fccadeleyi b\u0131rakmamakta kararl\u0131y\u0131z.<\/p>\n<p>1 Aydan fazlad\u0131r devam etmekte olan kapat\u0131lma s\u00fcrecinde sitemize verilen deste\u011fin ve kat\u0131l\u0131m\u0131n daha da artt\u0131\u011f\u0131n\u0131 tespit ettik. T\u00fcm dostlar\u0131m\u0131za ve duyarl\u0131 insanlara te\u015fekk\u00fcr\u00fc bor\u00e7 biliriz.<\/p>\n","protected":false},"excerpt":{"rendered":"<p>http:\/\/www.turandursun.com\/ sitesindeki 6 \u015eubat, 2009 tarihli haberde &#8220;Harun Yahya olarak da tan\u0131nan Adnan Oktar&#8217;\u0131n avukat\u0131 arac\u0131l\u0131\u011f\u0131 ile sitemiz \u00fczerine koydurdu\u011fu eri\u015fime engelleme karar\u0131 yapt\u0131\u011f\u0131m\u0131z hukuki itiraz \u00fczerine kald\u0131r\u0131ld\u0131. Bu \u015fekilde d\u00f6rt aya yak\u0131n s\u00fcren T\u00fcrk Telekom engeli kalkm\u0131\u015f oldu. Bu s\u00fcre\u00e7 boyunca sadece yurtd\u0131\u015f\u0131ndan ba\u011flanan ziyaret\u00e7ilerimiz ve yurti\u00e7inde ya\u015fay\u0131p proxy \u00fczerinden ba\u011flanan ziyaret\u00e7ilerimiz sitemize ula\u015fabiliyordu&#8221; deniyor. Kas\u0131m 2008 B\u00fclteni&#8217;nde site&#8230;<\/p>\n","protected":false},"author":1,"featured_media":0,"comment_status":"open","ping_status":"closed","sticky":false,"template":"","format":"standard","meta":{"jetpack_post_was_ever_published":false,"_jetpack_newsletter_access":"","_jetpack_dont_email_post_to_subs":false,"_jetpack_newsletter_tier_id":0,"_jetpack_memberships_contains_paywalled_content":false,"_jetpack_memberships_contains_paid_content":false,"footnotes":"","jetpack_publicize_message":"","jetpack_publicize_feature_enabled":true,"jetpack_social_post_already_shared":false,"jetpack_social_options":{"image_generator_settings":{"template":"highway","default_image_id":0,"font":"","enabled":false},"version":2}},"categories":[21,28],"tags":[],"class_list":["post-391","post","type-post","status-publish","format-standard","hentry","category-erisim-engelleme","category-hakaret"],"jetpack_publicize_connections":[],"jetpack_featured_media_url":"","jetpack_sharing_enabled":true,"jetpack_shortlink":"https:\/\/wp.me\/p7wjA8-6j","jetpack-related-posts":[],"_links":{"self":[{"href":"https:\/\/privacy.cyber-rights.org.tr\/index.php?rest_route=\/wp\/v2\/posts\/391","targetHints":{"allow":["GET"]}}],"collection":[{"href":"https:\/\/privacy.cyber-rights.org.tr\/index.php?rest_route=\/wp\/v2\/posts"}],"about":[{"href":"https:\/\/privacy.cyber-rights.org.tr\/index.php?rest_route=\/wp\/v2\/types\/post"}],"author":[{"embeddable":true,"href":"https:\/\/privacy.cyber-rights.org.tr\/index.php?rest_route=\/wp\/v2\/users\/1"}],"replies":[{"embeddable":true,"href":"https:\/\/privacy.cyber-rights.org.tr\/index.php?rest_route=%2Fwp%2Fv2%2Fcomments&post=391"}],"version-history":[{"count":0,"href":"https:\/\/privacy.cyber-rights.org.tr\/index.php?rest_route=\/wp\/v2\/posts\/391\/revisions"}],"wp:attachment":[{"href":"https:\/\/privacy.cyber-rights.org.tr\/index.php?rest_route=%2Fwp%2Fv2%2Fmedia&parent=391"}],"wp:term":[{"taxonomy":"category","embeddable":true,"href":"https:\/\/privacy.cyber-rights.org.tr\/index.php?rest_route=%2Fwp%2Fv2%2Fcategories&post=391"},{"taxonomy":"post_tag","embeddable":true,"href":"https:\/\/privacy.cyber-rights.org.tr\/index.php?rest_route=%2Fwp%2Fv2%2Ftags&post=391"}],"curies":[{"name":"wp","href":"https:\/\/api.w.org\/{rel}","templated":true}]}}