{"id":401,"date":"2009-05-14T11:37:37","date_gmt":"2009-05-14T08:37:37","guid":{"rendered":"http:\/\/privacy.cyber-rights.org.tr\/?p=401"},"modified":"2009-05-14T11:37:49","modified_gmt":"2009-05-14T08:37:49","slug":"radikal-interneti-yasaklayan-ulke","status":"publish","type":"post","link":"https:\/\/privacy.cyber-rights.org.tr\/?p=401","title":{"rendered":"Radikal: \u0130nterneti yasaklayan \u00fclke&#8230;"},"content":{"rendered":"<p><a href=\"http:\/\/www.radikal.com.tr\/Default.aspx?aType=RadikalYazarYazisi&#038;ArticleID=935792&#038;Yazar=%DDSMET%20BERKAN&#038;Date=14.05.2009&#038;CategoryID=97\">Radikal \/ \u0130nterneti yasaklayan \u00fclke&#8230; \/ T\u00fcrkiye \/ \u0130SMET BERKAN<\/a><\/p>\n<p>\u0130SMET BERKAN<br \/>\n14\/05\/2009<br \/>\nismet.berkan@radikal.com.tr   <\/p>\n<p>Deniz Zeyrek\u2019in haberinde okuyacaks\u0131n\u0131z, internetteki \u00fcnl\u00fc video payla\u015f\u0131m sitesi YouTube, T\u00fcrkiye\u2019de tam bir y\u0131ld\u0131r kapal\u0131ym\u0131\u015f. \u0130nternette YouTube\u2019a eri\u015fmek istedi\u011finizde, bu sitenin bir mahkeme karar\u0131yla kapal\u0131 oldu\u011funa dair bir duyuruyla kar\u015f\u0131la\u015f\u0131yorsunuz.<br \/>\nMerak edip ara\u015ft\u0131rmad\u0131m bile acaba T\u00fcrkiye\u2019deki mahkemelerin, T\u00fcrk hukukunun bu uluslararas\u0131 video payla\u015f\u0131m sitesiyle derdi nedir, diye. Ama tahmin etmek \u00e7ok da zor de\u011fil: Herhalde site, T\u00fcrkiye\u2019de \u00f6nce baz\u0131 \u2018hassas\u2019 vatanda\u015flar taraf\u0131ndan, ard\u0131ndan da mahkeme taraf\u0131ndan \u2018sak\u0131ncal\u0131\u2019 bulunan bir videoyu yay\u0131ml\u0131yor olsa gerek.<br \/>\nNeresini nas\u0131l d\u00fczelteceksiniz bilmiyorum ama birincisi videoyu yay\u0131mlayan sitenin kendisi de\u011fil baz\u0131 kullan\u0131c\u0131lar. Sitenin baz\u0131 genel ve evrensel ge\u00e7erli\u011fi olan kurallar\u0131 var, bunlar\u0131 ihlal etmemeniz \u015fart\u0131yla her t\u00fcrl\u00fc videonuzu koyabiliyorsunuz.<br \/>\nSorun da burada ba\u015fl\u0131yor zaten, hemen hemen her konuda oldu\u011fu gibi: Evrensel olan kurallarla bizim bize \u00f6zg\u00fc kurallar\u0131m\u0131z aras\u0131ndaki deh\u015fetengiz farkta.<br \/>\nAma sadece bu da de\u011fil: Bir de, koydu\u011fumuz kurallar ihlal edildi\u011finde uygulamaya kalkt\u0131\u011f\u0131m\u0131z yapt\u0131r\u0131mlar konusunda da, d\u00fcnyan\u0131n bizim bat\u0131m\u0131zda kalan kesimiyle aram\u0131zda deh\u015fetengiz farklar var.<br \/>\nMesela Almanya\u2019da birileri, YouTube\u2019daki baz\u0131 videolardan \u00f6t\u00fcr\u00fc al\u0131nganl\u0131k g\u00f6sterdiler ve mahkemeye gittiler. Mahkeme onlar\u0131 hakl\u0131, siteyi ise haks\u0131z buldu. Bunun \u00fczerine sitenin i\u015fletmecisi \u015firkete para cezas\u0131 uyguland\u0131.<br \/>\nMesela Amerika\u2019da birileri TV\u2019den kaydettikleri kimi g\u00f6r\u00fcnt\u00fcleri bu sitede yay\u0131mlad\u0131lar. TV istasyonu hemen YouTube\u2019u telif haklar\u0131 kurallar\u0131n\u0131 ihlal etmekle su\u00e7lad\u0131 ve dava etti, tazminat kazand\u0131.<br \/>\n\u015eirket hem paras\u0131n\u0131 ald\u0131 hem de YouTube\u2019daki b\u00fct\u00fcn videolar\u0131n\u0131 kald\u0131rtt\u0131.<br \/>\nPeki T\u00fcrkiye ne yapt\u0131? Toptan siteye eri\u015fimi yasaklad\u0131!<br \/>\n\u015eu duyars\u0131zl\u0131\u011fa bak\u0131n ki, bir y\u0131ld\u0131r bu siteye eri\u015femiyoruz ama kimse de kalk\u0131p bir \u015fey yapm\u0131yor, sorunu \u00e7\u00f6zmek i\u00e7in bir giri\u015fimde bulunmuyor.<br \/>\nOysa dedi\u011fim gibi \u2018sak\u0131ncal\u0131\u2019 videolar i\u00e7in para cezalar\u0131 uygulanabilir, tek tek o videolar\u0131n bulundu\u011fu sayfalara (sitenin tamam\u0131na de\u011fil) eri\u015fim durdurulabilir vs.<br \/>\nAma kanun, \u2018kapan\u0131r\u2019 diyor, bizim h\u00e2kimlerimiz de kapat\u0131yorlar.<br \/>\nAy\u0131pt\u0131r, g\u00fcnaht\u0131r, utan\u00e7 vericidir.<br \/>\nBenim \u00fclkem interneti yasaklayan \u00fclke.<br \/>\nGurur duyam\u0131yorum.<\/p>\n","protected":false},"excerpt":{"rendered":"<p>Radikal \/ \u0130nterneti yasaklayan \u00fclke&#8230; \/ T\u00fcrkiye \/ \u0130SMET BERKAN \u0130SMET BERKAN 14\/05\/2009 ismet.berkan@radikal.com.tr Deniz Zeyrek\u2019in haberinde okuyacaks\u0131n\u0131z, internetteki \u00fcnl\u00fc video payla\u015f\u0131m sitesi YouTube, T\u00fcrkiye\u2019de tam bir y\u0131ld\u0131r kapal\u0131ym\u0131\u015f. \u0130nternette YouTube\u2019a eri\u015fmek istedi\u011finizde, bu sitenin bir mahkeme karar\u0131yla kapal\u0131 oldu\u011funa dair bir duyuruyla kar\u015f\u0131la\u015f\u0131yorsunuz. Merak edip ara\u015ft\u0131rmad\u0131m bile acaba T\u00fcrkiye\u2019deki mahkemelerin, T\u00fcrk hukukunun bu uluslararas\u0131 video payla\u015f\u0131m sitesiyle derdi nedir,&#8230;<\/p>\n","protected":false},"author":1,"featured_media":0,"comment_status":"open","ping_status":"closed","sticky":false,"template":"","format":"standard","meta":{"jetpack_post_was_ever_published":false,"_jetpack_newsletter_access":"","_jetpack_dont_email_post_to_subs":false,"_jetpack_newsletter_tier_id":0,"_jetpack_memberships_contains_paywalled_content":false,"_jetpack_memberships_contains_paid_content":false,"footnotes":"","jetpack_publicize_message":"","jetpack_publicize_feature_enabled":true,"jetpack_social_post_already_shared":false,"jetpack_social_options":{"image_generator_settings":{"template":"highway","default_image_id":0,"font":"","enabled":false},"version":2}},"categories":[22,5,21,3,4],"tags":[],"class_list":["post-401","post","type-post","status-publish","format-standard","hentry","category-5651-nolu-kanun","category-dusunce-ozgurlugu","category-erisim-engelleme","category-sansur","category-youtube"],"jetpack_publicize_connections":[],"jetpack_featured_media_url":"","jetpack_sharing_enabled":true,"jetpack_shortlink":"https:\/\/wp.me\/p7wjA8-6t","jetpack-related-posts":[],"_links":{"self":[{"href":"https:\/\/privacy.cyber-rights.org.tr\/index.php?rest_route=\/wp\/v2\/posts\/401","targetHints":{"allow":["GET"]}}],"collection":[{"href":"https:\/\/privacy.cyber-rights.org.tr\/index.php?rest_route=\/wp\/v2\/posts"}],"about":[{"href":"https:\/\/privacy.cyber-rights.org.tr\/index.php?rest_route=\/wp\/v2\/types\/post"}],"author":[{"embeddable":true,"href":"https:\/\/privacy.cyber-rights.org.tr\/index.php?rest_route=\/wp\/v2\/users\/1"}],"replies":[{"embeddable":true,"href":"https:\/\/privacy.cyber-rights.org.tr\/index.php?rest_route=%2Fwp%2Fv2%2Fcomments&post=401"}],"version-history":[{"count":0,"href":"https:\/\/privacy.cyber-rights.org.tr\/index.php?rest_route=\/wp\/v2\/posts\/401\/revisions"}],"wp:attachment":[{"href":"https:\/\/privacy.cyber-rights.org.tr\/index.php?rest_route=%2Fwp%2Fv2%2Fmedia&parent=401"}],"wp:term":[{"taxonomy":"category","embeddable":true,"href":"https:\/\/privacy.cyber-rights.org.tr\/index.php?rest_route=%2Fwp%2Fv2%2Fcategories&post=401"},{"taxonomy":"post_tag","embeddable":true,"href":"https:\/\/privacy.cyber-rights.org.tr\/index.php?rest_route=%2Fwp%2Fv2%2Ftags&post=401"}],"curies":[{"name":"wp","href":"https:\/\/api.w.org\/{rel}","templated":true}]}}