{"id":404,"date":"2009-05-25T16:02:26","date_gmt":"2009-05-25T13:02:26","guid":{"rendered":"http:\/\/privacy.cyber-rights.org.tr\/?p=404"},"modified":"2009-05-25T16:02:29","modified_gmt":"2009-05-25T13:02:29","slug":"bianet-dusunce-ozgurlugu-bulusmasinda-11-kisi-baskiya-taniklik-etti-bianet","status":"publish","type":"post","link":"https:\/\/privacy.cyber-rights.org.tr\/?p=404","title":{"rendered":"Bianet: D\u00fc\u015f\u00fcnce \u00d6zg\u00fcrl\u00fc\u011f\u00fc Bulu\u015fmas\u0131&#8217;nda 11 Ki\u015fi Bask\u0131ya Tan\u0131kl\u0131k Etti &#8211; Bianet"},"content":{"rendered":"<p><a href=\"http:\/\/bianet.org\/bianet\/ifade-ozgurlugu\/114732-dusunce-ozgurlugu-bulusmasinda-11-kisi-baskiya-taniklik-etti\">Bianet: D\u00fc\u015f\u00fcnce \u00d6zg\u00fcrl\u00fc\u011f\u00fc Bulu\u015fmas\u0131&#8217;nda 11 Ki\u015fi Bask\u0131ya Tan\u0131kl\u0131k Etti &#8211; Bianet<\/a><\/p>\n<p>D\u00fc\u015f\u00fcnce \u00d6zg\u00fcrl\u00fc\u011f\u00fc \u0130stanbul Bulu\u015fmas\u0131&#8217;nda Prof. Tarhanl\u0131, uluslararas\u0131 ifade \u00f6zg\u00fcrl\u00fc\u011f\u00fc standartlar\u0131n\u0131n \u00f6zellikle inan\u00e7 temelinden yeniden tart\u0131\u015fmaya a\u00e7\u0131ld\u0131\u011f\u0131n\u0131 s\u00f6yledi. Al\u0131nak, Seropyan, Demirer, Dilipak, Baykal, \u00d6zkan, \u00d6zdabak, Tursun, Baransu, Bengisu ve Selek tan\u0131kl\u0131k etti.<\/p>\n<p>Erol \u00d6NDERO\u011eLU, hukuk@bianet.org<br \/>\n\u0130stanbul &#8211; B\u0130A Haber Merkezi<br \/>\n25 May\u0131s 2009, Pazartesi<\/p>\n<p>D\u00fc\u015f\u00fcnce Su\u00e7una Kar\u015f\u0131 Giri\u015fimi&#8217;nin 22-24 May\u0131s g\u00fcnlerinde \u0130stanbul Bilgi \u00dcniversitesi&#8217;nde d\u00fczenledi\u011fi D\u00fc\u015f\u00fcnce \u00d6zg\u00fcrl\u00fc\u011f\u00fc i\u00e7in 6. \u0130stanbul Bulu\u015fmas\u0131, d\u00fc\u015f\u00fcnceleri nedeniyle T\u00fcrkiye&#8217;de bask\u0131larla kar\u015f\u0131la\u015fanlar\u0131, Avrupal\u0131 ve Karadeniz b\u00f6lge \u00fclkelerindeki hak savunucular\u0131n\u0131 bir araya getirdi.<\/p>\n<p>Bilgi \u00dcniversitesi Hukuk Fak\u00fcltesi Dekan\u0131 Prof. Turgut Tarhanl\u0131, a\u00e7\u0131l\u0131\u015f konu\u015fmas\u0131nda, 11 Eyl\u00fcl 2001 sald\u0131r\u0131lar\u0131ndan sonra \u00f6zellikle g\u00fcvenlik meseleleri etraf\u0131nda ifade \u00f6zg\u00fcrl\u00fc\u011f\u00fcn\u00fc s\u0131n\u0131rlar\u0131n\u0131n tart\u0131\u015fmaya a\u00e7\u0131ld\u0131\u011f\u0131n\u0131, son olarak da evrensel insan haklar\u0131 standartlar\u0131n\u0131n dini de\u011ferlerin korumaya al\u0131nmas\u0131 y\u00f6n\u00fcnde giri\u015fimlere sahne oldu\u011funu s\u00f6yledi.<br \/>\nTarhanl\u0131: A\u0130HM kararlar\u0131n\u0131 da tart\u0131\u015fabilmeliyiz<\/p>\n<p>Avrupa \u0130nsan Haklar\u0131 Mahkemesi&#8217;nin (A\u0130HM) i\u00e7tihatlar itibariyle, k\u00fclt\u00fcrel ve sanatsal konularda, politik d\u00fc\u015f\u00fcnce a\u00e7\u0131klamalar\u0131na g\u00f6re daha az \u00f6zg\u00fcrl\u00fck\u00e7\u00fc kararlar alabildi\u011fini ifade eden Tarhanl\u0131, A\u0130HM kararlar\u0131n\u0131n da insan haklar\u0131 savunucular\u0131nca tart\u0131\u015f\u0131lmas\u0131n\u0131n yarar\u0131 olabilece\u011fini a\u00e7\u0131klad\u0131.<\/p>\n<p>&#8220;T\u00fcrkiye&#8217;den tan\u0131kl\u0131klar&#8221; b\u00f6l\u00fcm\u00fcnde s\u00f6z alan eski milletvekili Mahmut Al\u0131nak, Deniz Gezmi\u015f, Musa Anter ve Vedat Ayd\u0131n&#8217;\u0131n isimlerinin sokaklara verilmesini istedi\u011fi i\u00e7in &#8220;su\u00e7luyu \u00f6vmek&#8221; iddias\u0131yla cezaland\u0131r\u0131ld\u0131\u011f\u0131n\u0131 a\u00e7\u0131klayarak, yasaklara de\u011findi:<\/p>\n<p>&#8220;1973&#8217;te savc\u0131 bana, &#8216;Demokrasimiz daha gen\u00e7, zorlamay\u0131n!&#8217; demi\u015fti. Bekledim ki demokrasi b\u00fcy\u00fcs\u00fcn ama o hi\u00e7 b\u00fcy\u00fcmedi. K\u00fcrtl\u00fc\u011f\u00fcm\u00fcz\u00fc, K\u00fcrt\u00e7e&#8217;mizi ruhumuzda prangalayarak b\u00fcy\u00fcd\u00fck.&#8221;<\/p>\n<p>Agos gazetesi eski imtiyaz sahibi Serkis Seropyan da, Hrant Dink&#8217;in Reuters Ajans\u0131&#8217;na s\u00f6yledi\u011fi &#8220;D\u00f6rt bin y\u0131ld\u0131r bu topraklarda ya\u015fayan halk ortadan yok oldu&#8221; s\u00f6zlerini di\u011fer gazetelerden aktarmalar\u0131na kar\u015f\u0131n yaln\u0131zca kendilerinin yarg\u0131lan\u0131p mahkum edildi\u011fini s\u00f6yledi.<br \/>\nDemirer: \u0130tiraz etmekten vazge\u00e7memeli<\/p>\n<p>Yazar Temel Demirer, Dink&#8217;in soyk\u0131r\u0131m\u0131 tan\u0131d\u0131\u011f\u0131 i\u00e7in \u00f6ld\u00fcr\u00fcld\u00fc\u011f\u00fcn\u00fc ifade etti\u011fi i\u00e7in halen &#8220;T\u00fcrk milletini a\u015fa\u011f\u0131lamak&#8221;tan yarg\u0131land\u0131\u011f\u0131n\u0131 kaydederek, &#8220;Ben devletin diliyle konu\u015fmad\u0131m, benim su\u00e7um bu&#8221; dedi.<\/p>\n<p>&#8220;Sar\u0131k ve C\u00fcbbe&#8221; ba\u015fl\u0131kl\u0131 yaz\u0131s\u0131nda &#8220;askeri kuvvetlerini a\u015fa\u011f\u0131lad\u0131\u011f\u0131&#8221; gerek\u00e7esiyle yarg\u0131lanan yazar Abdurrahman Dilipak ise, Adalet Bakanl\u0131\u011f\u0131&#8217;n\u0131n kovu\u015fturma izni vermedi\u011fini s\u00f6yledi ve ekledi: &#8220;Ancak siyasi irade ba\u015fka bir ki\u015fi i\u00e7in izin verebilir. Bu iktidar vermezse bile bir ba\u015fka iktidar bu d\u00fczenleme y\u00fcr\u00fcrl\u00fckte kald\u0131\u011f\u0131 s\u00fcrece izin verebilir.&#8221;<\/p>\n<p>Marmara \u00dcniversitesi Hukuk Fak\u00fcltesi \u00f6\u011frencisi Ceren Baykal da, 301. maddeyle y\u00fcr\u00fct\u00fclen soru\u015fturma ve davalara bakanl\u0131k izni getirilmesinin y\u0131llard\u0131r kendilerine s\u00f6z edilen &#8220;erkler ayr\u0131l\u0131\u011f\u0131&#8221; ilkesine ayk\u0131r\u0131 oldu\u011funu a\u00e7\u0131klad\u0131.<\/p>\n<p>Vicdani ret\u00e7i Do\u011fan \u00d6zkan, hapisten para cezas\u0131 verilmesiyle sonu\u00e7lanan yarg\u0131lamas\u0131n\u0131 \u00f6zetledikten sonra, s\u00f6zlerini &#8220;Askere gitmeyin, hi\u00e7bir i\u015flem yapmay\u0131n&#8221; diyerek tamamlad\u0131.<br \/>\n\u00d6zdabak, Baransu, Tursun da tan\u0131kl\u0131k etti<\/p>\n<p>Karikat\u00fcrist Halil \u0130brahim \u00d6zdabak &#8220;Guguk&#8221; karikat\u00fcr\u00fc nedeniyle yarg\u0131land\u0131ktan sonra beraat ederken kendisine &#8220;k\u0131l pay\u0131&#8221; kurtuldu\u011funun s\u00f6ylendi\u011fini ifade ederek, &#8220;Her g\u00fcn \u00e7iziyorum ama akl\u0131mda yine o k\u0131lpay\u0131na yakla\u015fmamaya \u00e7al\u0131\u015fmak var&#8221; dedi.<\/p>\n<p>Mehmet Tursun ise, o\u011flunu \u00f6ld\u00fcrenlere ili\u015fkin yarg\u0131lamaya dair d\u00fc\u015f\u00fcnceleri ve tepkilerinden hapisle yarg\u0131land\u0131klar\u0131n\u0131 ifade etti; &#8220;Polis \u015fiddetine kar\u015f\u0131 seferberlik ilan ediyoruz&#8221; dedi.<\/p>\n<p>Taraf muhabiri Mehmet Baransu, hakk\u0131nda 22 dava a\u00e7\u0131ld\u0131\u011f\u0131n\u0131, yedi soru\u015fturma y\u00fcr\u00fct\u00fcld\u00fc\u011f\u00fcn\u00fc s\u00f6yledi; \u00d6zden \u00d6rnek ve Da\u011fl\u0131ca haberinden a\u00e7\u0131lan davalara 12 Haziran&#8217;da devam edilece\u011fini ifade etti.<br \/>\nLambda&#8217;dan Bengisu: Tehdit s\u00fcr\u00fcyor<\/p>\n<p>Lambda\u0130stanbul Derne\u011fi&#8217;nin kapat\u0131lma giri\u015fimlerini anlatan Bora Bengisu da, yarg\u0131n\u0131n derne\u011fin kapat\u0131lmamas\u0131na karar verdi\u011fi karar\u0131nda dahi &#8220;e\u015fcinselli\u011fi yayg\u0131nla\u015ft\u0131rmaya \u00e7al\u0131\u015f\u0131rlarsa kapat\u0131r\u0131z&#8221;dair tehdit bulundu\u011funu, bu nedenle de karar\u0131 temyiz edeceklerini a\u00e7\u0131klad\u0131.<\/p>\n<p>M\u0131s\u0131r \u00c7ar\u015f\u0131s\u0131 davas\u0131ndan hakk\u0131nda m\u00fcebbet hapis cezas\u0131 istenen sosyolog P\u0131nar Selek&#8217;e ise babas\u0131 ve avukat\u0131 Alp Selek tan\u0131kl\u0131k yapt\u0131: &#8220;Ajan olmay\u0131 reddetti\u011fi i\u00e7in ba\u015f\u0131na getirilen bir olay bu.&#8221; (E\u00d6)<\/p>\n","protected":false},"excerpt":{"rendered":"<p>Bianet: D\u00fc\u015f\u00fcnce \u00d6zg\u00fcrl\u00fc\u011f\u00fc Bulu\u015fmas\u0131&#8217;nda 11 Ki\u015fi Bask\u0131ya Tan\u0131kl\u0131k Etti &#8211; Bianet D\u00fc\u015f\u00fcnce \u00d6zg\u00fcrl\u00fc\u011f\u00fc \u0130stanbul Bulu\u015fmas\u0131&#8217;nda Prof. Tarhanl\u0131, uluslararas\u0131 ifade \u00f6zg\u00fcrl\u00fc\u011f\u00fc standartlar\u0131n\u0131n \u00f6zellikle inan\u00e7 temelinden yeniden tart\u0131\u015fmaya a\u00e7\u0131ld\u0131\u011f\u0131n\u0131 s\u00f6yledi. Al\u0131nak, Seropyan, Demirer, Dilipak, Baykal, \u00d6zkan, \u00d6zdabak, Tursun, Baransu, Bengisu ve Selek tan\u0131kl\u0131k etti. Erol \u00d6NDERO\u011eLU, hukuk@bianet.org \u0130stanbul &#8211; B\u0130A Haber Merkezi 25 May\u0131s 2009, Pazartesi D\u00fc\u015f\u00fcnce Su\u00e7una Kar\u015f\u0131 Giri\u015fimi&#8217;nin 22-24 May\u0131s&#8230;<\/p>\n","protected":false},"author":1,"featured_media":0,"comment_status":"open","ping_status":"closed","sticky":false,"template":"","format":"standard","meta":{"jetpack_post_was_ever_published":false,"_jetpack_newsletter_access":"","_jetpack_dont_email_post_to_subs":false,"_jetpack_newsletter_tier_id":0,"_jetpack_memberships_contains_paywalled_content":false,"_jetpack_memberships_contains_paid_content":false,"footnotes":"","jetpack_publicize_message":"","jetpack_publicize_feature_enabled":true,"jetpack_social_post_already_shared":false,"jetpack_social_options":{"image_generator_settings":{"template":"highway","default_image_id":0,"font":"","enabled":false},"version":2}},"categories":[62,5,3,67],"tags":[],"class_list":["post-404","post","type-post","status-publish","format-standard","hentry","category-article-301","category-dusunce-ozgurlugu","category-sansur","category-turkiye"],"jetpack_publicize_connections":[],"jetpack_featured_media_url":"","jetpack_sharing_enabled":true,"jetpack_shortlink":"https:\/\/wp.me\/p7wjA8-6w","jetpack-related-posts":[],"_links":{"self":[{"href":"https:\/\/privacy.cyber-rights.org.tr\/index.php?rest_route=\/wp\/v2\/posts\/404","targetHints":{"allow":["GET"]}}],"collection":[{"href":"https:\/\/privacy.cyber-rights.org.tr\/index.php?rest_route=\/wp\/v2\/posts"}],"about":[{"href":"https:\/\/privacy.cyber-rights.org.tr\/index.php?rest_route=\/wp\/v2\/types\/post"}],"author":[{"embeddable":true,"href":"https:\/\/privacy.cyber-rights.org.tr\/index.php?rest_route=\/wp\/v2\/users\/1"}],"replies":[{"embeddable":true,"href":"https:\/\/privacy.cyber-rights.org.tr\/index.php?rest_route=%2Fwp%2Fv2%2Fcomments&post=404"}],"version-history":[{"count":0,"href":"https:\/\/privacy.cyber-rights.org.tr\/index.php?rest_route=\/wp\/v2\/posts\/404\/revisions"}],"wp:attachment":[{"href":"https:\/\/privacy.cyber-rights.org.tr\/index.php?rest_route=%2Fwp%2Fv2%2Fmedia&parent=404"}],"wp:term":[{"taxonomy":"category","embeddable":true,"href":"https:\/\/privacy.cyber-rights.org.tr\/index.php?rest_route=%2Fwp%2Fv2%2Fcategories&post=404"},{"taxonomy":"post_tag","embeddable":true,"href":"https:\/\/privacy.cyber-rights.org.tr\/index.php?rest_route=%2Fwp%2Fv2%2Ftags&post=404"}],"curies":[{"name":"wp","href":"https:\/\/api.w.org\/{rel}","templated":true}]}}