{"id":409,"date":"2009-06-04T18:29:35","date_gmt":"2009-06-04T15:29:35","guid":{"rendered":"http:\/\/privacy.cyber-rights.org.tr\/?p=409"},"modified":"2009-06-04T18:29:39","modified_gmt":"2009-06-04T15:29:39","slug":"radikal-bakan-yildirimdan-youtubea-ne-isimiz-var-elalemin-sitesinde","status":"publish","type":"post","link":"https:\/\/privacy.cyber-rights.org.tr\/?p=409","title":{"rendered":"Radikal: Bakan Y\u0131ld\u0131r\u0131m&#8217;dan Youtube&#8217;a: Ne i\u015fimiz var elalemin sitesinde"},"content":{"rendered":"<p><a href=\"http:\/\/www.radikal.com.tr\/Radikal.aspx?aType=RadikalDetay&#038;ArticleID=938776&#038;Date=02.06.2009&#038;CategoryID=78\">Bakan Y\u0131ld\u0131r\u0131m&#8217;dan Youtube&#8217;a: Ne i\u015fimiz var elalemin sitesinde \/ Politika \/ Radikal \u0130nternet<\/a><\/p>\n<p>02\/06\/2009<\/p>\n<p>Atat\u00fcrk&#8217;e hakaret i\u00e7eren video nedeniyle 5 May\u0131s 2008&#8217;de yarg\u0131 karar\u0131yla kapat\u0131lan Youtube&#8217;un y\u00f6neticileri, bir y\u0131lda hi\u00e7bir geli\u015fme olmay\u0131nca Ula\u015ft\u0131rma Bakan\u0131 Binali Y\u0131ld\u0131r\u0131m&#8217;dan randevu istedi.<\/p>\n<p>SONG\u00dcL SELV\u0130<\/p>\n<p>Y\u0131ld\u0131r\u0131m, T\u00fcrkiye\u2019deki yasa\u011f\u0131n AB raporlar\u0131na da yans\u0131d\u0131\u011f\u0131na de\u011finerek, AB\u2019ye uyum s\u00fcrecinde bu sorunun \u00e7\u00f6z\u00fclmesi gerekti\u011fini ifade etti. Y\u0131ld\u0131r\u0131m \u2018Youtube yetkilileri ne zaman gelecek?\u2019 sorusuna, \u2018as soon as possible (en makul zamanda)\u2019 yan\u0131t\u0131n\u0131 verdi.<br \/>\nY\u0131ld\u0131r\u0131m, Youtube y\u00f6neticilerinin kendisi ile g\u00f6r\u00fc\u015fmek i\u00e7in randevu talebi oldu\u011funu s\u00f6yledi. T\u00fcrkiye\u2019nin kendi video payla\u015f\u0131m sitesini kurmas\u0131n\u0131 \u00f6neren Y\u0131ld\u0131r\u0131m, \u2018Ne i\u015fimiz var elalemin sitesinde?\u2019 dedi. Ula\u015ft\u0131rma Bakan\u0131, kanuna g\u00f6re b\u00fct\u00fcn i\u00e7erik sa\u011flay\u0131c\u0131lar\u0131n g\u00fcvenlik belgesi almas\u0131 gerekti\u011fine dikkat \u00e7ekti: \u2018T\u00fcrkiye\u2019de kay\u0131t alt\u0131na al\u0131nmal\u0131. \u2018Bunu yapmay\u0131z\u2019 diyorlar. B\u00f6ylece vergi \u00f6demiyorlar. Ancak reklam alm\u0131\u015flar vergisini vermiyorlar. S\u00f6z konusu site \u0130srail\u2019de, Almanya\u2019da da var. 21 \u00fclkede yapm\u0131\u015f. Bize gelince \u2018Yapmay\u0131z\u2019 diyor. Yapamazsan allah selamet versin.\u2019<br \/>\nY\u0131ld\u0131r\u0131m, yarg\u0131 mensuplar\u0131n\u0131n b\u00fcy\u00fck bir k\u0131sm\u0131n\u0131n bili\u015fimde tecr\u00fcbesi olmad\u0131\u011f\u0131n\u0131 belirtirken de \u2018Adalet Bakanl\u0131\u011f\u0131 onlar i\u00e7in proje yapacak. Site nas\u0131l olur, nas\u0131l kapan\u0131r, i\u00e7erik nas\u0131l olur? Uygulama, teknoloji ve internet konusunda bilgi verilecek\u2019 dedi.<\/p>\n","protected":false},"excerpt":{"rendered":"<p>Bakan Y\u0131ld\u0131r\u0131m&#8217;dan Youtube&#8217;a: Ne i\u015fimiz var elalemin sitesinde \/ Politika \/ Radikal \u0130nternet 02\/06\/2009 Atat\u00fcrk&#8217;e hakaret i\u00e7eren video nedeniyle 5 May\u0131s 2008&#8217;de yarg\u0131 karar\u0131yla kapat\u0131lan Youtube&#8217;un y\u00f6neticileri, bir y\u0131lda hi\u00e7bir geli\u015fme olmay\u0131nca Ula\u015ft\u0131rma Bakan\u0131 Binali Y\u0131ld\u0131r\u0131m&#8217;dan randevu istedi. SONG\u00dcL SELV\u0130 Y\u0131ld\u0131r\u0131m, T\u00fcrkiye\u2019deki yasa\u011f\u0131n AB raporlar\u0131na da yans\u0131d\u0131\u011f\u0131na de\u011finerek, AB\u2019ye uyum s\u00fcrecinde bu sorunun \u00e7\u00f6z\u00fclmesi gerekti\u011fini ifade etti. Y\u0131ld\u0131r\u0131m \u2018Youtube yetkilileri&#8230;<\/p>\n","protected":false},"author":1,"featured_media":0,"comment_status":"open","ping_status":"closed","sticky":false,"template":"","format":"standard","meta":{"jetpack_post_was_ever_published":false,"_jetpack_newsletter_access":"","_jetpack_dont_email_post_to_subs":false,"_jetpack_newsletter_tier_id":0,"_jetpack_memberships_contains_paywalled_content":false,"_jetpack_memberships_contains_paid_content":false,"footnotes":"","jetpack_publicize_message":"","jetpack_publicize_feature_enabled":true,"jetpack_social_post_already_shared":false,"jetpack_social_options":{"image_generator_settings":{"template":"highway","default_image_id":0,"font":"","enabled":false},"version":2}},"categories":[22,21,4],"tags":[],"class_list":["post-409","post","type-post","status-publish","format-standard","hentry","category-5651-nolu-kanun","category-erisim-engelleme","category-youtube"],"jetpack_publicize_connections":[],"jetpack_featured_media_url":"","jetpack_sharing_enabled":true,"jetpack_shortlink":"https:\/\/wp.me\/p7wjA8-6B","jetpack-related-posts":[],"_links":{"self":[{"href":"https:\/\/privacy.cyber-rights.org.tr\/index.php?rest_route=\/wp\/v2\/posts\/409","targetHints":{"allow":["GET"]}}],"collection":[{"href":"https:\/\/privacy.cyber-rights.org.tr\/index.php?rest_route=\/wp\/v2\/posts"}],"about":[{"href":"https:\/\/privacy.cyber-rights.org.tr\/index.php?rest_route=\/wp\/v2\/types\/post"}],"author":[{"embeddable":true,"href":"https:\/\/privacy.cyber-rights.org.tr\/index.php?rest_route=\/wp\/v2\/users\/1"}],"replies":[{"embeddable":true,"href":"https:\/\/privacy.cyber-rights.org.tr\/index.php?rest_route=%2Fwp%2Fv2%2Fcomments&post=409"}],"version-history":[{"count":0,"href":"https:\/\/privacy.cyber-rights.org.tr\/index.php?rest_route=\/wp\/v2\/posts\/409\/revisions"}],"wp:attachment":[{"href":"https:\/\/privacy.cyber-rights.org.tr\/index.php?rest_route=%2Fwp%2Fv2%2Fmedia&parent=409"}],"wp:term":[{"taxonomy":"category","embeddable":true,"href":"https:\/\/privacy.cyber-rights.org.tr\/index.php?rest_route=%2Fwp%2Fv2%2Fcategories&post=409"},{"taxonomy":"post_tag","embeddable":true,"href":"https:\/\/privacy.cyber-rights.org.tr\/index.php?rest_route=%2Fwp%2Fv2%2Ftags&post=409"}],"curies":[{"name":"wp","href":"https:\/\/api.w.org\/{rel}","templated":true}]}}