{"id":411,"date":"2009-06-14T14:55:14","date_gmt":"2009-06-14T11:55:14","guid":{"rendered":"http:\/\/privacy.cyber-rights.org.tr\/?p=411"},"modified":"2009-06-14T14:55:36","modified_gmt":"2009-06-14T11:55:36","slug":"bianet-gazeteci-nedim-senerin-28-yil-hapsi-isteniyor","status":"publish","type":"post","link":"https:\/\/privacy.cyber-rights.org.tr\/?p=411","title":{"rendered":"Bianet: Gazeteci Nedim \u015eener&#8217;in 28 Y\u0131l Hapsi \u0130steniyor"},"content":{"rendered":"<p><a href=\"http:\/\/www.bianet.org\/bianet\/ifade-ozgurlugu\/115010-gazeteci-nedim-senerin-28-yil-hapsi-isteniyor\">Bianet: Gazeteci Nedim \u015eener&#8217;in 28 Y\u0131l Hapsi \u0130steniyor &#8211; Bianet<\/a>: &#8220;Gazeteci Nedim \u015eener&#8217;in 28 Y\u0131l Hapsi \u0130steniyor<\/p>\n<p>Polis Aky\u00fcrek, Zenit, Y\u0131lmazer ve Sar\u0131&#8217;n\u0131n &#8216;Dink Cinayeti ve \u0130stihbarat Yalanlar\u0131&#8217; kitab\u0131n\u0131n yazar\u0131 gazeteci \u015eener hakk\u0131nda a\u00e7t\u0131klar\u0131 davalarda istenen hapis cezas\u0131 toplam 28 y\u0131l.<br \/>\nEmine \u00d6ZCAN &#8211; emine@bianet.org<br \/>\n\u0130stanbul &#8211; B\u0130A Haber Merkezi<br \/>\n05 Haziran 2009, Cuma<\/p>\n<p>Milliyet gazetesi muhabiri Nedim \u015eener hakk\u0131nda &#8216;Dink Cinayeti ve \u0130stihbarat Yalanlar\u0131&#8217; adl\u0131 kitab\u0131 gerek\u00e7e g\u00f6sterilereka\u00e7\u0131lan davalarda 28 y\u0131l hapis cezas\u0131 isteniyor.<\/p>\n<p>Su\u00e7lamalarsa \u015f\u00f6yle: &#8216;Ter\u00f6rle M\u00fccadelede g\u00f6rev alm\u0131\u015f kileri hedef g\u00f6stermek, a\u00e7\u0131klanmas\u0131 yasaklanan gizli bilgileri a\u00e7\u0131klamak, a\u00e7\u0131klanmas\u0131 yasaklanan gizli bilgileri temin etmek, haberle\u015fmenin gizlili\u011fini ihlal, adil yarg\u0131lamal\u0131 etkilemeyi te\u015febb\u00fcs.&#8217;<\/p>\n<p>\u015eener, &#8216;Cezaland\u0131r\u0131lmak istenen gazetecili\u011fin temel i\u015flevi olan belge bulmak ve yay\u0131nlamak, Hrant Dink cinayetinde sorumluluklar\u0131 bulunan kamu personelinin kim olduklar\u0131n\u0131 \u00f6\u011frenmektir&#8217; diyor.<\/p>\n<p>&#8216;Dink&#8217;in \u00f6ld\u00fcr\u00fclmesinde ihmali olan Trabzon Jandarma Komutanl\u0131\u011f\u0131 personelinin tamam\u0131n\u0131n iki y\u0131la kadar hapis cezas\u0131 istemiyle Trabzon 2. Sulh Ceza Mahkemesinde yarg\u0131lan\u0131yor olmas\u0131, Dink cinayetinde ihmali oldu\u011fu belirlenen Trabzon polisinden hi\u00e7bir personelin yarg\u0131lanmamas\u0131 \u00e7ok garip.&#8217;<br \/>\n&#8216;Yalanlar\u0131 belgeledim&#8217;<\/p>\n<p>Yazar \u015eener&#8217;in kitab\u0131n\u0131n konusu  Dink cinayetinde g\u00f6revi ihmalle su\u00e7lanan Jandarma, Polis ve Milli \u0130stihbarat Te\u015fkilat\u0131 mensuplar\u0131n\u0131n, mesleklerinin gereklerini yerine getirmek yerine cinayetin ayd\u0131nlat\u0131lmas\u0131n\u0131 \u00f6nleyecek \u015fekilde ifade vermeleri ve resmi evrak d\u00fczenlemeleri.<\/p>\n<p>&#8216;Devletin bu \u00fc\u00e7 \u00f6nemli istihbarat kurulu\u015funun Dink cinayetindeki ihmallerini, g\u00f6revli personelin isimlerini vererek yay\u0131nlad\u0131m. Yalan bilgiye dayal\u0131 belge d\u00fczenlediklerini belgeledim. \u00dczerinde gizli damgas\u0131 bulunan ve yalan i\u00e7eren belgeler kitapta yay\u0131nland\u0131.&#8217;<\/p>\n<p>Kitab\u0131n ard\u0131ndan Dink cinayetinde g\u00f6revi ihmalle su\u00e7lanan ve halen Emniyet \u0130stihbarat Dairesi Ba\u015fkan\u0131 olan d\u00f6nemin Trabzon Emniyet M\u00fcd\u00fcr\u00fc Ramazan Aky\u00fcrek, Dink \u00f6ld\u00fcr\u00fcld\u00fc\u011f\u00fcnde Emniyet \u0130stihbarat C \u015eube M\u00fcd\u00fcr\u00fc olan ve \u015fu anda \u0130stanbul \u0130stihbarat \u015eube M\u00fcd\u00fcr\u00fc Ali Fuat Y\u0131lmazer ve Og\u00fcn Samast&#8217;\u0131 Dink&#8217;i \u00f6ld\u00fcrmek i\u00e7in azmettiren Trabzon Emniyet M\u00fcd\u00fcrl\u00fc\u011f\u00fc \u0130stihbarat \u015eubesi&#8217;nin resmi Yard\u0131mc\u0131 \u0130stihbarat Eleman\u0131 (Y\u0130E) Erhan Tuncel&#8217;in ba\u011fl\u0131 oldu\u011fu \u0130stihbarat Polisi Muhittin Zenit \u0130stanbul Ba\u015fsavc\u0131l\u0131\u011f\u0131&#8217;na \u015eener&#8217;in Ter\u00f6rle M\u00fccadele Yasas\u0131na g\u00f6re yarg\u0131lanmas\u0131 i\u00e7in ba\u015fvuruda bulundu.<\/p>\n<p>Son ba\u015fvuru ise Trabzon Emniyet m\u00fcd\u00fcrl\u00fc\u011f\u00fc \u0130stihbarat \u015eube M\u00fcd\u00fcr\u00fc Faruk Sar\u0131 taraf\u0131ndan yap\u0131ld\u0131.<br \/>\nSamast i\u00e7in 20, \u015eener i\u00e7in 28 y\u0131l<\/p>\n<p>\u0130stanbul 11.A\u011f\u0131r Ceza Mahkemesi&#8217;nde 26 Haziran&#8217;da g\u00f6r\u00fclecek davada \u015eener hakk\u0131nda toplam 20 y\u0131l, \u0130stanbul 2. Asliye Ceza Mahkemesi&#8217;nde 10 Haziran&#8217;da g\u00f6r\u00fclecek davada 8 y\u0131l, yani toplam 28 y\u0131l hapis cezas\u0131 isteniyor.<\/p>\n<p>\u015eener i\u00e7in istenen ceza miktar\u0131, Dink&#8217;i \u00f6ld\u00fcrmekten yarg\u0131lanan Samast i\u00e7in istenen cezadan sekiz y\u0131l fazla.<\/p>\n<p>\u015eener &#8216;Bir tarafta A\u011f\u0131r Ceza Mahkemesinde cinayeti i\u015fleyenler ve i\u015flenmesinde parma\u011f\u0131 olanlar di\u011fer tarafta T\u00fcrkiye&#8217;nin istihbarat kurumlar\u0131n\u0131n yalanlar\u0131n\u0131 ortaya d\u00f6ken gazeteci yarg\u0131lan\u0131yor&#8217; diyor. (EZ\u00d6)<\/p>\n","protected":false},"excerpt":{"rendered":"<p>Bianet: Gazeteci Nedim \u015eener&#8217;in 28 Y\u0131l Hapsi \u0130steniyor &#8211; Bianet: &#8220;Gazeteci Nedim \u015eener&#8217;in 28 Y\u0131l Hapsi \u0130steniyor Polis Aky\u00fcrek, Zenit, Y\u0131lmazer ve Sar\u0131&#8217;n\u0131n &#8216;Dink Cinayeti ve \u0130stihbarat Yalanlar\u0131&#8217; kitab\u0131n\u0131n yazar\u0131 gazeteci \u015eener hakk\u0131nda a\u00e7t\u0131klar\u0131 davalarda istenen hapis cezas\u0131 toplam 28 y\u0131l. Emine \u00d6ZCAN &#8211; emine@bianet.org \u0130stanbul &#8211; B\u0130A Haber Merkezi 05 Haziran 2009, Cuma Milliyet gazetesi muhabiri Nedim \u015eener hakk\u0131nda&#8230;<\/p>\n","protected":false},"author":1,"featured_media":0,"comment_status":"open","ping_status":"closed","sticky":false,"template":"","format":"standard","meta":{"jetpack_post_was_ever_published":false,"_jetpack_newsletter_access":"","_jetpack_dont_email_post_to_subs":false,"_jetpack_newsletter_tier_id":0,"_jetpack_memberships_contains_paywalled_content":false,"_jetpack_memberships_contains_paid_content":false,"footnotes":"","jetpack_publicize_message":"","jetpack_publicize_feature_enabled":true,"jetpack_social_post_already_shared":false,"jetpack_social_options":{"image_generator_settings":{"template":"highway","default_image_id":0,"font":"","enabled":false},"version":2}},"categories":[83,3],"tags":[],"class_list":["post-411","post","type-post","status-publish","format-standard","hentry","category-nedim-sener","category-sansur"],"jetpack_publicize_connections":[],"jetpack_featured_media_url":"","jetpack_sharing_enabled":true,"jetpack_shortlink":"https:\/\/wp.me\/p7wjA8-6D","jetpack-related-posts":[],"_links":{"self":[{"href":"https:\/\/privacy.cyber-rights.org.tr\/index.php?rest_route=\/wp\/v2\/posts\/411","targetHints":{"allow":["GET"]}}],"collection":[{"href":"https:\/\/privacy.cyber-rights.org.tr\/index.php?rest_route=\/wp\/v2\/posts"}],"about":[{"href":"https:\/\/privacy.cyber-rights.org.tr\/index.php?rest_route=\/wp\/v2\/types\/post"}],"author":[{"embeddable":true,"href":"https:\/\/privacy.cyber-rights.org.tr\/index.php?rest_route=\/wp\/v2\/users\/1"}],"replies":[{"embeddable":true,"href":"https:\/\/privacy.cyber-rights.org.tr\/index.php?rest_route=%2Fwp%2Fv2%2Fcomments&post=411"}],"version-history":[{"count":0,"href":"https:\/\/privacy.cyber-rights.org.tr\/index.php?rest_route=\/wp\/v2\/posts\/411\/revisions"}],"wp:attachment":[{"href":"https:\/\/privacy.cyber-rights.org.tr\/index.php?rest_route=%2Fwp%2Fv2%2Fmedia&parent=411"}],"wp:term":[{"taxonomy":"category","embeddable":true,"href":"https:\/\/privacy.cyber-rights.org.tr\/index.php?rest_route=%2Fwp%2Fv2%2Fcategories&post=411"},{"taxonomy":"post_tag","embeddable":true,"href":"https:\/\/privacy.cyber-rights.org.tr\/index.php?rest_route=%2Fwp%2Fv2%2Ftags&post=411"}],"curies":[{"name":"wp","href":"https:\/\/api.w.org\/{rel}","templated":true}]}}