{"id":416,"date":"2009-06-18T18:01:37","date_gmt":"2009-06-18T15:01:37","guid":{"rendered":"http:\/\/privacy.cyber-rights.org.tr\/?p=416"},"modified":"2009-06-18T18:01:42","modified_gmt":"2009-06-18T15:01:42","slug":"bianet-agit-nedim-senere-acilan-davalarin-iptalini-istedi","status":"publish","type":"post","link":"https:\/\/privacy.cyber-rights.org.tr\/?p=416","title":{"rendered":"Bianet: AG\u0130T, Nedim \u015eener&#8217;e A\u00e7\u0131lan Davalar\u0131n \u0130ptalini \u0130stedi"},"content":{"rendered":"<p><a href=\"http:\/\/bianet.org\/bianet\/ifade-ozgurlugu\/115305-agit-nedim-senere-acilan-davalarin-iptalini-istedi\">Bianet: AG\u0130T, Nedim \u015eener&#8217;e A\u00e7\u0131lan Davalar\u0131n \u0130ptalini \u0130stedi &#8211; Bianet<\/a><\/p>\n<p>AG\u0130T Medya \u00d6zg\u00fcrl\u00fc\u011f\u00fc Temsilcisi Haraszti, &#8216;Dink Cinayeti ve \u0130stihbarat Yalanlar\u0131&#8217; kitab\u0131n\u0131n yazar\u0131 Nedim \u015eener&#8217;e, 28 y\u0131l hapis istemiyle a\u00e7\u0131lan iki davan\u0131n geri \u00e7ekilmesini; ifade \u00f6zg\u00fcrl\u00fc\u011f\u00fcn\u00fcn daha fazla k\u0131s\u0131tlanmamas\u0131 i\u00e7in de TCK; TMY ve \u0130nternet Yasas\u0131&#8217;n\u0131n g\u00f6zden ge\u00e7irilmesini istedi.<br \/>\nViyana &#8211; B\u0130A Haber Merkezi<br \/>\n18 Haziran 2009, Per\u015fembe<\/p>\n<p>Avrupa G\u00fcvenlik ve \u0130\u015fbirli\u011fi Te\u015fkilat\u0131&#8217;n\u0131n (AG\u0130T) Medya \u00d6zg\u00fcrl\u00fc\u011f\u00fc Temsilcisi Miklos Haraszti, T\u00fcrkiye yetkilileri, &#8216;Dink Cinayeti ve \u0130stihbarat Yalanlar\u0131&#8217; ba\u015fl\u0131kl\u0131 kitab\u0131 nedeniyle gazeteci Nedim \u015eener hakk\u0131nda 28 y\u0131la kadar hapis istemiyle a\u00e7\u0131lan iki davaya son vermeye \u00e7a\u011f\u0131rd\u0131.<\/p>\n<p>\u0130fade \u00f6zg\u00fcrl\u00fc\u011f\u00fcn\u00fc k\u0131s\u0131tlayan d\u00fczenlemelerin acil olarak g\u00f6zden ge\u00e7irilmesi \u00e7a\u011fr\u0131s\u0131 da yapan Haraszti, Avusturya&#8217;n\u0131n ba\u015fkenti Viyana&#8217;dan yapt\u0131\u011f\u0131 yaz\u0131l\u0131 a\u00e7\u0131klamada, &#8216;\u015eener hakk\u0131ndaki yarg\u0131lama, hem AG\u0130T hem de Avrupa Konseyi&#8217;nce ele\u015ftirel yay\u0131nlara tan\u0131nan \u00f6zg\u00fcrl\u00fck standartlar\u0131n\u0131 yok sayarak yap\u0131lm\u0131\u015ft\u0131r&#8217; dedi.<br \/>\n&#8216;Adalet, intikam eylemine indirgenemez&#8217;<\/p>\n<p>D\u0131\u015fi\u015fleri Bakan\u0131 Ahmet Davutoglu&#8217;na bir mektup g\u00f6nderen Haraszti, \u015eener&#8217;in yapt\u0131\u011f\u0131n\u0131n, &#8216;Hrant Dink&#8217;in \u00f6ld\u00fcr\u00fclmesine giden s\u00fcreci ve ard\u0131ndan faillerin yarg\u0131lamas\u0131yla davan\u0131n ele al\u0131n\u0131\u015f\u0131ndaki eksiklikleri ele\u015ftirel bir dille de\u011ferlendirmek&#8217; oldu\u011funa i\u015faret etti ve ekledi: &#8216;Adalet, ele\u015ftirilen yetkililerce bir intikam eylemine indirgenmemeli&#8217;<\/p>\n<p>Mektubunda Haraszti, &#8216;Medya \u00f6zg\u00fcrl\u00fc\u011f\u00fcne dair taahh\u00fctler ancak ara\u015ft\u0131rmac\u0131 gazetecilik yasalar\u0131n tam deste\u011fini arkas\u0131na al\u0131rsa ve olas\u0131 kusurlar cezai yapt\u0131r\u0131ma tabi tutulmazsa yerine getirilebilir&#8217; ifadelerine yer verdi.<br \/>\nTCK, TMY, \u0130nternet Yasas\u0131 de\u011fi\u015ftirilmeli<\/p>\n<p>AG\u0130T Medya temsilcisi, T\u00fcrkiye&#8217;de ifade \u00f6zg\u00fcrl\u00fc\u011f\u00fcn\u00fcn daha fazla k\u0131s\u0131tlanmamas\u0131 i\u00e7in TCK, Ter\u00f6rle M\u00fccadele Yasas\u0131 (TMY), Bas\u0131n Yasas\u0131 ve 5651 Say\u0131l\u0131 \u0130nternet Su\u00e7lar\u0131na \u0130li\u015fkin Yasas\u0131&#8217;n\u0131n g\u00fcn\u00fcn ko\u015fullar\u0131na g\u00f6re de\u011fi\u015ftirilmesi gerekti\u011fini savundu.<\/p>\n<p>&#8216;Yetkililer, \u015eener&#8217;e y\u00f6nelik su\u00e7lamalar\u0131 d\u00fc\u015f\u00fcrerek, T\u00fcrkiye&#8217;de ho\u015fa gitmeyen haberleri verenleri cezaland\u0131rmaya son verebilir ve bunun yerine ifade \u00f6zg\u00fcrl\u00fc\u011f\u00fc alan\u0131nda \u00e7ok ihtiya\u00e7 duyulan yasal reformlar\u0131 yapabilirler.&#8217;<br \/>\nHem a\u011f\u0131r ceza hem Asliye Cezada yarg\u0131lan\u0131yor<\/p>\n<p>\u0130stanbul 11.A\u011f\u0131r Ceza Mahkemesi&#8217;nde 26 Haziran&#8217;da g\u00f6r\u00fclecek davada \u015eener hakk\u0131nda toplam 20 y\u0131l, \u0130stanbul 2. Asliye Ceza Mahkemesi&#8217;nde 10 Haziran&#8217;da devam edilen yarg\u0131lamadaysa 8 y\u0131l hapis cezas\u0131 isteniyor.<\/p>\n<p>Haraszti, Dink&#8217;in 1915&#8217;te Ermenilerin \u00f6ld\u00fcr\u00fclmesini kamuya a\u00e7\u0131k bir \u015fekilde resmi ve tarihe kar\u015f\u0131 gelecek \u015fekilde tart\u0131\u015ft\u0131\u011f\u0131n\u0131, 2005 y\u0131l\u0131nda &#8216;T\u00fcrkl\u00fc\u011f\u00fc a\u015fa\u011f\u0131lamak&#8217; iddias\u0131yla mahkum edildi\u011fini ve Ocak 2007&#8217;de de radikal gruplarca \u00f6ld\u00fcr\u00fcld\u00fc\u011f\u00fcn\u00fc an\u0131msatt\u0131. (E\u00d6)<\/p>\n","protected":false},"excerpt":{"rendered":"<p>Bianet: AG\u0130T, Nedim \u015eener&#8217;e A\u00e7\u0131lan Davalar\u0131n \u0130ptalini \u0130stedi &#8211; Bianet AG\u0130T Medya \u00d6zg\u00fcrl\u00fc\u011f\u00fc Temsilcisi Haraszti, &#8216;Dink Cinayeti ve \u0130stihbarat Yalanlar\u0131&#8217; kitab\u0131n\u0131n yazar\u0131 Nedim \u015eener&#8217;e, 28 y\u0131l hapis istemiyle a\u00e7\u0131lan iki davan\u0131n geri \u00e7ekilmesini; ifade \u00f6zg\u00fcrl\u00fc\u011f\u00fcn\u00fcn daha fazla k\u0131s\u0131tlanmamas\u0131 i\u00e7in de TCK; TMY ve \u0130nternet Yasas\u0131&#8217;n\u0131n g\u00f6zden ge\u00e7irilmesini istedi. Viyana &#8211; B\u0130A Haber Merkezi 18 Haziran 2009, Per\u015fembe Avrupa G\u00fcvenlik ve&#8230;<\/p>\n","protected":false},"author":1,"featured_media":0,"comment_status":"open","ping_status":"closed","sticky":false,"template":"","format":"standard","meta":{"jetpack_post_was_ever_published":false,"_jetpack_newsletter_access":"","_jetpack_dont_email_post_to_subs":false,"_jetpack_newsletter_tier_id":0,"_jetpack_memberships_contains_paywalled_content":false,"_jetpack_memberships_contains_paid_content":false,"footnotes":"","jetpack_publicize_message":"","jetpack_publicize_feature_enabled":true,"jetpack_social_post_already_shared":false,"jetpack_social_options":{"image_generator_settings":{"template":"highway","default_image_id":0,"font":"","enabled":false},"version":2}},"categories":[85,5,83,84],"tags":[],"class_list":["post-416","post","type-post","status-publish","format-standard","hentry","category-agit","category-dusunce-ozgurlugu","category-nedim-sener","category-ocse"],"jetpack_publicize_connections":[],"jetpack_featured_media_url":"","jetpack_sharing_enabled":true,"jetpack_shortlink":"https:\/\/wp.me\/p7wjA8-6I","jetpack-related-posts":[],"_links":{"self":[{"href":"https:\/\/privacy.cyber-rights.org.tr\/index.php?rest_route=\/wp\/v2\/posts\/416","targetHints":{"allow":["GET"]}}],"collection":[{"href":"https:\/\/privacy.cyber-rights.org.tr\/index.php?rest_route=\/wp\/v2\/posts"}],"about":[{"href":"https:\/\/privacy.cyber-rights.org.tr\/index.php?rest_route=\/wp\/v2\/types\/post"}],"author":[{"embeddable":true,"href":"https:\/\/privacy.cyber-rights.org.tr\/index.php?rest_route=\/wp\/v2\/users\/1"}],"replies":[{"embeddable":true,"href":"https:\/\/privacy.cyber-rights.org.tr\/index.php?rest_route=%2Fwp%2Fv2%2Fcomments&post=416"}],"version-history":[{"count":0,"href":"https:\/\/privacy.cyber-rights.org.tr\/index.php?rest_route=\/wp\/v2\/posts\/416\/revisions"}],"wp:attachment":[{"href":"https:\/\/privacy.cyber-rights.org.tr\/index.php?rest_route=%2Fwp%2Fv2%2Fmedia&parent=416"}],"wp:term":[{"taxonomy":"category","embeddable":true,"href":"https:\/\/privacy.cyber-rights.org.tr\/index.php?rest_route=%2Fwp%2Fv2%2Fcategories&post=416"},{"taxonomy":"post_tag","embeddable":true,"href":"https:\/\/privacy.cyber-rights.org.tr\/index.php?rest_route=%2Fwp%2Fv2%2Ftags&post=416"}],"curies":[{"name":"wp","href":"https:\/\/api.w.org\/{rel}","templated":true}]}}