{"id":419,"date":"2009-06-20T15:44:20","date_gmt":"2009-06-20T12:44:20","guid":{"rendered":"http:\/\/privacy.cyber-rights.org.tr\/?p=419"},"modified":"2009-06-20T15:44:34","modified_gmt":"2009-06-20T12:44:34","slug":"radikal-hrant-dink-cinayetinde-kalem-gercekten-silahtan-gucluymus","status":"publish","type":"post","link":"https:\/\/privacy.cyber-rights.org.tr\/?p=419","title":{"rendered":"Radikal: Hrant Dink cinayetinde kalem ger\u00e7ekten silahtan g\u00fc\u00e7l\u00fcym\u00fc\u015f!"},"content":{"rendered":"<p><a href=\"http:\/\/www.radikal.com.tr\/Default.aspx?aType=RadikalDetay&#038;Date=&#038;ArticleID=939993\">Hrant Dink cinayetinde kalem ger\u00e7ekten silahtan g\u00fc\u00e7l\u00fcym\u00fc\u015f! \/ T\u00fcrkiye \/ Radikal \u0130nternet<\/a><\/p>\n<p>Hrant Dink cinayetinde kalem ger\u00e7ekten silahtan g\u00fc\u00e7l\u00fcym\u00fc\u015f!<br \/>\n10\/06\/2009<\/p>\n<p>Gazeteci Nedim \u015eener, Hrant Dink cinayetinde istihbarat ihmallerini yazd\u0131, katil zanl\u0131s\u0131na istenen cezadan daha \u00e7o\u011funu almas\u0131 i\u00e7in yarg\u0131lan\u0131yor.<\/p>\n<p>\u0130STANBUL &#8211; AGOS Gazetesi Genel Yay\u0131n Y\u00f6netmeni Hrant Dink cinayetinde polisin ve istihbarat birimlerinin ihmal ve hatalar\u0131n\u0131 anlatan \u2018Dink Cinayeti ve \u0130stihbarat Yalanlar\u0131&#8217; adl\u0131 kitab\u0131n yazar\u0131 ve Milliyet gazetesi muhabiri Nedim \u015eener hakk\u0131nda \u2018kamu g\u00f6revlisine g\u00f6revinden dolay\u0131 hakaret, adli yarg\u0131lamay\u0131 etkilemeye te\u015febb\u00fcs ve ki\u015filer aras\u0131ndaki haberle\u015fmenin gizlili\u011fini ihlal&#8217; su\u00e7lar\u0131ndan a\u00e7\u0131lan davan\u0131n g\u00f6r\u00fclmesine ba\u015fland\u0131. \u015eener&#8217;in 28 y\u0131la kadar hapsi isteniyor. Cinayeti i\u015fledi\u011fi belirtilen Og\u00fcn Samast i\u00e7in bile 20 y\u0131l hapis istenmi\u015fti. Olayda ihmali g\u00f6r\u00fclen sekiz jandarma g\u00f6revlisi ise2&#8217;\u015fer y\u0131l hapisle yarg\u0131lan\u0131yor.<br \/>\n\u015eener hakk\u0131nda a\u00e7\u0131lan davalar\u0131n ilkine \u0130stanbul 2. Asliye Ceza Mahkemesi&#8217;nde ba\u015fland\u0131. Duru\u015fmaya &#8216;kamu g\u00f6revlisine g\u00f6revinden dolay\u0131 hakaret, adli yarg\u0131lamay\u0131 etkilemeye te\u015febb\u00fcs ve ki\u015filer aras\u0131ndaki haberle\u015fmenin gizlili\u011fini ihlal&#8217; su\u00e7lar\u0131ndan 8 y\u0131la kadar hapsi istenen san\u0131k gazeteci Nedim \u015eener kat\u0131ld\u0131. Su\u00e7lamalar\u0131 kabul etmeyen \u015eener, kitapta haberle\u015fmenin gizlili\u011fini ihlal edildi\u011fini, ihlal edilen telefon konu\u015fmalar\u0131n\u0131n kitab\u0131n\u0131 yazmadan aylar \u00f6nce televizyon ve gazetelerde yay\u0131nland\u0131\u011f\u0131n\u0131 ifade etti. \u015eener, adli yarg\u0131lamay\u0131 etkilemeye te\u015febb\u00fcs su\u00e7una ili\u015fkin ise &#8216;Benim hakk\u0131mda \u015fikayette bulunan istihbarat daire ba\u015fkan\u0131 Ramazan Aky\u00fcrek ile yine polis memuru Muhittin Zenit hakk\u0131nda a\u00e7\u0131lm\u0131\u015f herhangi bir mahkeme olmad\u0131\u011f\u0131 i\u00e7in b\u00f6yle bir adli yarg\u0131lamay\u0131 etkilemeye te\u015febb\u00fcs s\u0131f\u0131rd\u0131r. Kald\u0131ki a\u00e7\u0131lm\u0131\u015f bir mahkeme varsa gazeteci olarak benim g\u00f6revim o soru\u015fturmaya, o davaya gazeteci olarak ger\u00e7e\u011fin ortaya \u00e7\u0131kmas\u0131n\u0131 sa\u011flamak ve katk\u0131 yapmakt\u0131r&#8217; diye konu\u015ftu.<br \/>\nDevlet memuruna hakaret su\u00e7lamas\u0131na kar\u015f\u0131 ise Nedim \u015eener, kendisinden \u015fikayet\u00e7i olan ki\u015filer hakk\u0131nda Hrant Dink cinayetine ili\u015fkin g\u00f6revlerini ihmal ettiklerine y\u00f6nelik incelemenin s\u00fcrd\u00fc\u011f\u00fcn\u00fc, hakaret iddias\u0131n\u0131n ise kitab\u0131ndaki bu ki\u015filerin g\u00f6revlerini ihmal ettiklerini belirten b\u00f6l\u00fcmlere ili\u015fkin oldu\u011funu s\u00f6yledi. Mahkeme, duru\u015fmay\u0131 eksikliklerin giderilmesi ve san\u0131k avukat\u0131n\u0131n savunmas\u0131n\u0131 haz\u0131rlamas\u0131 i\u00e7in ileri bir tarihe erteledi.<\/p>\n<p>-\u015e\u0130KAYET\u00c7\u0130 OLANLARDA BU OLAYA \u015eA\u015eIRIYORLARDIR-<\/p>\n<p>Nedim \u015eener&#8217;e destek olmak amac\u0131yla Milliyet Gazetesi Genel Yay\u0131n Y\u00f6netmeni Sedat Ergin duru\u015fmay\u0131 takip etti. Adliye \u00e7\u0131k\u0131\u015f\u0131nda bas\u0131n mensuplar\u0131n\u0131n sorular\u0131n\u0131 yan\u0131tlayan Nedim \u015eener, yarg\u0131laman\u0131n en adil karar\u0131 verece\u011fini d\u00fc\u015f\u00fcnd\u00fc\u011f\u00fcn\u00fc belirtti. &#8216;Herhalde davada \u015fikayet\u00e7i olanlar da bu olaya \u015fa\u015f\u0131r\u0131yorlard\u0131r. Kendileri bile yarg\u0131 \u00f6n\u00fcne \u00e7\u0131ksalar ancak 2 y\u0131lla yarg\u0131lanacaklard\u0131r&#8217; diyen \u015eener, &#8216;Bir gazetecinin 28 y\u0131lla yarg\u0131lanmas\u0131 herhalde T\u00fcrk yarg\u0131 sistemi ile ilgili konu olsa gerek. Ba\u015fka bir yorum yapamayaca\u011f\u0131m. Bizim kitab\u0131m\u0131z\u0131n en b\u00fcy\u00fck dayana\u011f\u0131 daha \u00f6nce ayn\u0131 raporlar\u0131 Milliyet gazetesinde yay\u0131nlad\u0131k. Dolay\u0131s\u0131yla ordan gelen bir gazetecilik \u00e7abas\u0131. Bu tip ele\u015ftirilerin muhatab\u0131 Sedat Ergin&#8217;dir&#8217; diye konu\u015ftu.<br \/>\nNedim \u015eener&#8217;in ard\u0131ndan s\u00f6z alan Milliyet gazetesi Genel Yay\u0131n Y\u00f6netmeni Sedat Ergin ise &#8216;Nedim bu \u00e7al\u0131\u015fmas\u0131nda devlet g\u00f6revlilerinin bu alandaki kusurlar\u0131n\u0131 yine devletin belgelerine dayanarak \u00e7arp\u0131c\u0131 bir \u015fekilde ortaya koymu\u015ftur. \u0130hmalleri kusurlar\u0131 ortaya koymu\u015ftur&#8217; diye konu\u015ftu.<br \/>\nErgin s\u00f6zlerine \u015f\u00f6yle devam etti: &#8216;Devletin kusurlar\u0131n\u0131 sergilemek te\u015fhir etmek toplum ad\u0131na gazetecilerin g\u00f6revidir. Neden buraday\u0131z? \u00c7\u00fcnk\u00fc Nedim \u015eener Milliyet Gazetesi&#8217;nin bir mensubu, de\u011ferli bir meslekta\u015f\u0131m\u0131z. Nedimle bu dayan\u0131\u015fma i\u00e7indeyiz. Hrant Dink cinayeti yak\u0131n tarihte T\u00fcrkiye i\u00e7in bir y\u00fcz karas\u0131d\u0131r. Pek \u00e7ok nedenle. Ama bunun bir nedeni de bu cinayetin devletin g\u00fcvenlik birimlerinin hem jandarma hem de emniyetin b\u00fct\u00fcn istihbarat\u0131, devletin bilgisi dahilinde b\u00fct\u00fcn kurumlar\u0131n bu istihbart\u0131 alm\u0131\u015f olmas\u0131na ra\u011fmen i\u015flenmi\u015f olmas\u0131 \u00e7ok \u00fcz\u00fcc\u00fc b\u00fcr olayd\u0131r. Bu a\u00e7\u0131dan \u015eener g\u00f6revini yapm\u0131\u015ft\u0131r. Ben Nedim \u015eener&#8217;i bir kez daha hem T\u00fcrk demokrasisi ad\u0131na, bas\u0131n \u00f6zg\u00fcrl\u00fc\u011f\u00fc ad\u0131na bu gazetecilik g\u00f6revini lay\u0131k\u0131yla ba\u015far\u0131yla yerine getirdi\u011fi i\u00e7in kutlamak istiyorum&#8217;<br \/>\n&#8216;T\u00fcrkiye bas\u0131n \u00f6zg\u00fcrl\u00fc\u011f\u00fcnde b\u00fct\u00fcn devlet kurumlar\u0131n\u0131n kusurlar\u0131n\u0131n bas\u0131n taraf\u0131ndan sergilenmesi bas\u0131n \u00f6zg\u00fcrl\u00fc\u011f\u00fcn\u00fcn demokrasinin bir gere\u011fidir&#8217; diyen Ergin, &#8216;Nas\u0131l askerin kusurlar\u0131, o kurumun kusurlar\u0131 hatalar\u0131, eksikleri sergileniyorsa demokrasi i\u00e7in bunlar\u0131n sergilenmesi \u00f6nemli bir ad\u0131m olarak g\u00f6r\u00fcl\u00fcyorsa ayn\u0131 \u015fekilde polis te\u015fkilat\u0131n\u0131n da kusurlar\u0131n\u0131n b\u00fc t\u00fcn devlet kurumlar\u0131n\u0131n ister polis olsun ister ordu ister yarg\u0131 b\u00fct\u00fcn devlet kurumlar\u0131n\u0131n ihmallerinin sergilenmesi bas\u0131n\u0131n g\u00f6revi i\u00e7inde olan bir konudur. Bas\u0131n \u00f6zg\u00fcrl\u00fc\u011f\u00fcnn\u00fcn teminat\u0131 g\u00fcvencesi alt\u0131nda olan bir konudur. Ben de\u011ferli meslakta\u015f\u0131m\u0131 bu \u00f6nmeli gazetecilik \u00e7al\u0131\u015fmas\u0131ndan dolay\u0131 bir kez daha tebrik etmek istiyorum&#8217; \u015feklinde konu\u015ftu. (dha)<\/p>\n","protected":false},"excerpt":{"rendered":"<p>Hrant Dink cinayetinde kalem ger\u00e7ekten silahtan g\u00fc\u00e7l\u00fcym\u00fc\u015f! \/ T\u00fcrkiye \/ Radikal \u0130nternet Hrant Dink cinayetinde kalem ger\u00e7ekten silahtan g\u00fc\u00e7l\u00fcym\u00fc\u015f! 10\/06\/2009 Gazeteci Nedim \u015eener, Hrant Dink cinayetinde istihbarat ihmallerini yazd\u0131, katil zanl\u0131s\u0131na istenen cezadan daha \u00e7o\u011funu almas\u0131 i\u00e7in yarg\u0131lan\u0131yor. \u0130STANBUL &#8211; AGOS Gazetesi Genel Yay\u0131n Y\u00f6netmeni Hrant Dink cinayetinde polisin ve istihbarat birimlerinin ihmal ve hatalar\u0131n\u0131 anlatan \u2018Dink Cinayeti ve \u0130stihbarat&#8230;<\/p>\n","protected":false},"author":1,"featured_media":0,"comment_status":"open","ping_status":"closed","sticky":false,"template":"","format":"standard","meta":{"jetpack_post_was_ever_published":false,"_jetpack_newsletter_access":"","_jetpack_dont_email_post_to_subs":false,"_jetpack_newsletter_tier_id":0,"_jetpack_memberships_contains_paywalled_content":false,"_jetpack_memberships_contains_paid_content":false,"footnotes":"","jetpack_publicize_message":"","jetpack_publicize_feature_enabled":true,"jetpack_social_post_already_shared":false,"jetpack_social_options":{"image_generator_settings":{"template":"highway","default_image_id":0,"font":"","enabled":false},"version":2}},"categories":[69,5,83,70,67],"tags":[],"class_list":["post-419","post","type-post","status-publish","format-standard","hentry","category-aciklik","category-dusunce-ozgurlugu","category-nedim-sener","category-seffaflik","category-turkiye"],"jetpack_publicize_connections":[],"jetpack_featured_media_url":"","jetpack_sharing_enabled":true,"jetpack_shortlink":"https:\/\/wp.me\/p7wjA8-6L","jetpack-related-posts":[],"_links":{"self":[{"href":"https:\/\/privacy.cyber-rights.org.tr\/index.php?rest_route=\/wp\/v2\/posts\/419","targetHints":{"allow":["GET"]}}],"collection":[{"href":"https:\/\/privacy.cyber-rights.org.tr\/index.php?rest_route=\/wp\/v2\/posts"}],"about":[{"href":"https:\/\/privacy.cyber-rights.org.tr\/index.php?rest_route=\/wp\/v2\/types\/post"}],"author":[{"embeddable":true,"href":"https:\/\/privacy.cyber-rights.org.tr\/index.php?rest_route=\/wp\/v2\/users\/1"}],"replies":[{"embeddable":true,"href":"https:\/\/privacy.cyber-rights.org.tr\/index.php?rest_route=%2Fwp%2Fv2%2Fcomments&post=419"}],"version-history":[{"count":0,"href":"https:\/\/privacy.cyber-rights.org.tr\/index.php?rest_route=\/wp\/v2\/posts\/419\/revisions"}],"wp:attachment":[{"href":"https:\/\/privacy.cyber-rights.org.tr\/index.php?rest_route=%2Fwp%2Fv2%2Fmedia&parent=419"}],"wp:term":[{"taxonomy":"category","embeddable":true,"href":"https:\/\/privacy.cyber-rights.org.tr\/index.php?rest_route=%2Fwp%2Fv2%2Fcategories&post=419"},{"taxonomy":"post_tag","embeddable":true,"href":"https:\/\/privacy.cyber-rights.org.tr\/index.php?rest_route=%2Fwp%2Fv2%2Ftags&post=419"}],"curies":[{"name":"wp","href":"https:\/\/api.w.org\/{rel}","templated":true}]}}