{"id":420,"date":"2009-06-22T16:03:31","date_gmt":"2009-06-22T13:03:31","guid":{"rendered":"http:\/\/privacy.cyber-rights.org.tr\/?p=420"},"modified":"2009-06-22T16:07:49","modified_gmt":"2009-06-22T13:07:49","slug":"chp%e2%80%99li-kilicdaroglu%e2%80%99na-ayri-%e2%80%98tib-uygulama%e2%80%99","status":"publish","type":"post","link":"https:\/\/privacy.cyber-rights.org.tr\/?p=420","title":{"rendered":"CHP\u2019li K\u0131l\u0131\u00e7daro\u011flu\u2019na ayr\u0131 \u2018T\u0130B uygulama\u2019"},"content":{"rendered":"<p><a href=\"http:\/\/haber.gazetevatan.com\/haberdetay.asp?detay=CHPli_Kilicdarogluna_ayri_TIB_uygulama&#038;tarih=22.06.2009&#038;Newsid=244654&#038;Categoryid=1\">CHP\u2019li K\u0131l\u0131\u00e7daro\u011flu\u2019na ayr\u0131 \u2018T\u0130B uygulama\u2019<\/a>: &#8221; CHP\u2019li K\u0131l\u0131\u00e7daro\u011flu\u2019na ayr\u0131 \u2018T\u0130B uygulama\u2019<br \/>\nT\u0130B Ba\u015fkan\u0131 hakk\u0131nda, K\u0131l\u0131\u00e7daro\u011flu aleyhine yay\u0131nlar yapan internet sitesinin yay\u0131nlar\u0131n\u0131 mahkeme karar\u0131na ra\u011fmen eri\u015fime engellemedi\u011fi iddias\u0131yla soru\u015fturma ba\u015flat\u0131ld\u0131<\/p>\n<p>\u00d6m\u00fcr \u00dcNVER &#8211; VATAN (21.06.2009)<\/p>\n<p>ANKARA- Telekominasyon \u0130leti\u015fim Ba\u015fkanl\u0131\u011f\u0131 (T\u0130B), video payla\u015f\u0131m sitesi Youtube\u2019un ard\u0131ndan \u015fimdi de sosyal a\u011f sitesi Facebook\u2019taki bir grupla ilgili \u015fikayet \u00fczerine soru\u015fturma konusu oldu. Olay \u015f\u00f6yle ger\u00e7ekle\u015fti&#8230;<\/p>\n<p>\u0130stanbul B\u00fcy\u00fck\u015fehir Belediye Ba\u015fkan aday\u0131 olan CHP\u2019li Kemal K\u0131l\u0131\u00e7daro\u011flu hakk\u0131nda 29 Mart se\u00e7imleri \u00f6ncesi Facebook\u2019ta \u2018K\u0131l\u0131\u00e7daro\u011flu PKK\u2019l\u0131d\u0131r\u2019 isimli bir grup kuruldu. Se\u00e7im \u00f6ncesi K\u0131l\u0131\u00e7daro\u011flu\u2019nun avukat\u0131 Mutluhan Karag\u00f6zo\u011flu, buradaki yaz\u0131lar\u0131n m\u00fcvekkilinin ki\u015filik haklar\u0131n\u0131 ihlal etti\u011fi iddias\u0131yla Ankara 19. Asliye Hukuk Mahkemesi\u2019nden, tedbir talebinde bulundu. Mahkeme, \u00f6ncelikle bu gruba olmad\u0131\u011f\u0131 takdirde Facebook\u2019a eri\u015fimin engellenmesine h\u00fckmetti. Tedbir karar\u0131, Ankara 14. \u0130cra M\u00fcd\u00fcrl\u00fc\u011f\u00fc taraf\u0131ndan uygulanmas\u0131 i\u00e7in T\u0130B\u2019e tebli\u011f edildi.<\/p>\n<p>T\u0130B uygulamad\u0131<\/p>\n<p>T\u0130B\u2019den g\u00f6nderilen yan\u0131tta ise, mahkemece verilen ihtiyati tedbir karar\u0131n\u0131n uygulanmas\u0131n\u0131n 5651 Say\u0131l\u0131 \u2018\u0130nternet Ortam\u0131nda Yap\u0131lan Yay\u0131nlar\u0131n D\u00fczenlenmesi Ve Bu Yay\u0131nlarlar Yoluyla \u0130\u015flenen Su\u00e7larla M\u00fccadele Edilmesi Hakk\u0131nda Kanun\u2019 h\u00fck\u00fcmleri \u00e7er\u00e7evesinde m\u00fcmk\u00fcn olmad\u0131\u011f\u0131 ve uygulanmayaca\u011f\u0131 bildirildi. K\u0131l\u0131\u00e7daro\u011flu\u2019nun avukat\u0131 T\u0130B\u2019e bu kez Ankara 47. Noterli\u011fi kanal\u0131yla ihtarda bulunarak, karar\u0131n uygulanmamas\u0131 halinde bu kez T\u0130B Ba\u015fkan\u0131 Fethi \u015eim\u015fek\u2019in \u015fahsi sorumlulu\u011funa gidilece\u011fi ve hakk\u0131nda \u015fikayette bulunulaca\u011f\u0131 belirtildi. Ancak \u015eim\u015fek, ihtarnameye verdi\u011fi yan\u0131tta, \u2018Ankara 19. Asliye Hukuk Mahkemesi\u2019nin tedbir karar\u0131n\u0131n hukuki ve ge\u00e7erli bir karar olmad\u0131\u011f\u0131\u2019 gerek\u00e7esiyle karar\u0131n uygulanmayaca\u011f\u0131 yan\u0131t\u0131n\u0131 g\u00f6nderdi. Avukat Karag\u00f6zo\u011flu, bu yan\u0131t \u00fczerine \u015eim\u015fek hakk\u0131nda, mahkeme karar\u0131n\u0131 uygulamad\u0131\u011f\u0131 gerek\u00e7esiyle, \u2018g\u00f6revi k\u00f6t\u00fcye kullanmak\u2019tan Ankara Cumhuriyet Ba\u015fsavc\u0131l\u0131\u011f\u0131\u2019na su\u00e7 duyurusunda bulundu. Ba\u015fsavc\u0131l\u0131k, K\u0131l\u0131\u00e7daro\u011flu\u2019nun avukat\u0131 n\u0131n \u015fikayeti \u00fczerine \u015eim\u015fek hakk\u0131nda soru\u015fturma ba\u015flatt\u0131.<\/p>\n<p>YOUTUBE KAPALI<\/p>\n<p>Youtube, \u00e7e\u015fitli mahkemeler taraf\u0131ndan verilen kararlar \u00fczerine eri\u015fime engellenmi\u015fti. \u2018Atat\u00fcrk\u2019e hakaret\u2019 su\u00e7undan yap\u0131lan eri\u015fime engelleme kararlar\u0131n\u0131 uygulayan T\u0130B\u2019in bunlara kar\u015f\u0131 itiraz etti\u011fi kamuoyuna yans\u0131mam\u0131\u015ft\u0131.<\/p>\n","protected":false},"excerpt":{"rendered":"<p>CHP\u2019li K\u0131l\u0131\u00e7daro\u011flu\u2019na ayr\u0131 \u2018T\u0130B uygulama\u2019: &#8221; CHP\u2019li K\u0131l\u0131\u00e7daro\u011flu\u2019na ayr\u0131 \u2018T\u0130B uygulama\u2019 T\u0130B Ba\u015fkan\u0131 hakk\u0131nda, K\u0131l\u0131\u00e7daro\u011flu aleyhine yay\u0131nlar yapan internet sitesinin yay\u0131nlar\u0131n\u0131 mahkeme karar\u0131na ra\u011fmen eri\u015fime engellemedi\u011fi iddias\u0131yla soru\u015fturma ba\u015flat\u0131ld\u0131 \u00d6m\u00fcr \u00dcNVER &#8211; VATAN (21.06.2009) ANKARA- Telekominasyon \u0130leti\u015fim Ba\u015fkanl\u0131\u011f\u0131 (T\u0130B), video payla\u015f\u0131m sitesi Youtube\u2019un ard\u0131ndan \u015fimdi de sosyal a\u011f sitesi Facebook\u2019taki bir grupla ilgili \u015fikayet \u00fczerine soru\u015fturma konusu oldu. Olay \u015f\u00f6yle&#8230;<\/p>\n","protected":false},"author":1,"featured_media":0,"comment_status":"open","ping_status":"closed","sticky":false,"template":"","format":"standard","meta":{"jetpack_post_was_ever_published":false,"_jetpack_newsletter_access":"","_jetpack_dont_email_post_to_subs":false,"_jetpack_newsletter_tier_id":0,"_jetpack_memberships_contains_paywalled_content":false,"_jetpack_memberships_contains_paid_content":false,"footnotes":"","jetpack_publicize_message":"","jetpack_publicize_feature_enabled":true,"jetpack_social_post_already_shared":false,"jetpack_social_options":{"image_generator_settings":{"template":"highway","default_image_id":0,"font":"","enabled":false},"version":2}},"categories":[22,21,17],"tags":[],"class_list":["post-420","post","type-post","status-publish","format-standard","hentry","category-5651-nolu-kanun","category-erisim-engelleme","category-tib"],"jetpack_publicize_connections":[],"jetpack_featured_media_url":"","jetpack_sharing_enabled":true,"jetpack_shortlink":"https:\/\/wp.me\/p7wjA8-6M","jetpack-related-posts":[],"_links":{"self":[{"href":"https:\/\/privacy.cyber-rights.org.tr\/index.php?rest_route=\/wp\/v2\/posts\/420","targetHints":{"allow":["GET"]}}],"collection":[{"href":"https:\/\/privacy.cyber-rights.org.tr\/index.php?rest_route=\/wp\/v2\/posts"}],"about":[{"href":"https:\/\/privacy.cyber-rights.org.tr\/index.php?rest_route=\/wp\/v2\/types\/post"}],"author":[{"embeddable":true,"href":"https:\/\/privacy.cyber-rights.org.tr\/index.php?rest_route=\/wp\/v2\/users\/1"}],"replies":[{"embeddable":true,"href":"https:\/\/privacy.cyber-rights.org.tr\/index.php?rest_route=%2Fwp%2Fv2%2Fcomments&post=420"}],"version-history":[{"count":0,"href":"https:\/\/privacy.cyber-rights.org.tr\/index.php?rest_route=\/wp\/v2\/posts\/420\/revisions"}],"wp:attachment":[{"href":"https:\/\/privacy.cyber-rights.org.tr\/index.php?rest_route=%2Fwp%2Fv2%2Fmedia&parent=420"}],"wp:term":[{"taxonomy":"category","embeddable":true,"href":"https:\/\/privacy.cyber-rights.org.tr\/index.php?rest_route=%2Fwp%2Fv2%2Fcategories&post=420"},{"taxonomy":"post_tag","embeddable":true,"href":"https:\/\/privacy.cyber-rights.org.tr\/index.php?rest_route=%2Fwp%2Fv2%2Ftags&post=420"}],"curies":[{"name":"wp","href":"https:\/\/api.w.org\/{rel}","templated":true}]}}