{"id":425,"date":"2009-06-28T09:21:17","date_gmt":"2009-06-28T06:21:17","guid":{"rendered":"http:\/\/privacy.cyber-rights.org.tr\/?p=425"},"modified":"2009-06-28T09:21:20","modified_gmt":"2009-06-28T06:21:20","slug":"bianet-ihmalle-suclanan-polisler-gazeteci-senere-acilan-davaya-mudahil-oldu","status":"publish","type":"post","link":"https:\/\/privacy.cyber-rights.org.tr\/?p=425","title":{"rendered":"Bianet: \u0130hmalle Su\u00e7lanan Polisler Gazeteci \u015eener&#8217;e A\u00e7\u0131lan Davaya M\u00fcdahil Oldu"},"content":{"rendered":"<p><a href=\"http:\/\/www.bianet.org\/bianet\/ifade-ozgurlugu\/115488-ihmalle-suclanan-polisler-gazeteci-senere-acilan-davaya-mudahil-oldu\">Bianet: \u0130hmalle Su\u00e7lanan Polisler Gazeteci \u015eener&#8217;e A\u00e7\u0131lan Davaya M\u00fcdahil Oldu &#8211; Bianet<\/a><\/p>\n<p>\u015eener, Dink Cinayeti ve \u0130stihbarat Yalanlar\u0131 kitab\u0131nda gizli belgeleri a\u00e7\u0131klad\u0131\u011f\u0131 ve &#8216;ter\u00f6rle m\u00fccadelede g\u00f6rev alan ki\u015fileri hedef g\u00f6sterdi\u011fi&#8217; gerek\u00e7esiyle 28 y\u0131la kadar hapisle yarg\u0131lan\u0131yor.<\/p>\n<p>Erol \u00d6NDERO\u011eLU, hukuk@bianet.org<br \/>\n\u0130stanbul &#8211; B\u0130A Haber Merkezi<br \/>\n26 Haziran 2009, Cuma<\/p>\n<p>Gazeteci Nedim \u015eener hakk\u0131nda Hrant Dink cinayetinde polis ve jandarman\u0131n ihmallerini anlatt\u0131\u011f\u0131 kitab\u0131 nedeniyle a\u00e7\u0131lan davan\u0131n bug\u00fcnk\u00fc durul\u015fmas\u0131nda mahkeme \u015fikayet\u00e7i polislerin m\u00fcdahillik taleplerini k\u0131smen kabul etti.<\/p>\n<p>\u015eener, &#8216;Dink Cinayeti ve \u0130stihbarat Yalanlar\u0131&#8217; kitab\u0131nda &#8216;ter\u00f6rle M\u00fccadelede g\u00f6rev alm\u0131\u015f kileri hedef g\u00f6sterdi\u011fi, gizli bilgileri temin etmek ve a\u00e7\u0131klad\u0131\u011f\u0131, yarg\u0131y\u0131 etkilemeye te\u015febb\u00fcs etti\u011fi&#8217; su\u00e7lamalar\u0131yla 28 y\u0131la kadar hapis istemiyle yarg\u0131lan\u0131yor.<\/p>\n<p>Bu sabah \u0130stanbul 11. A\u011f\u0131r Ceza Mahkemesi&#8217;nde yap\u0131lan duru\u015fmada mahkeme \u015fikayet\u00e7i polisler Ramazan Aky\u00fcrek, Muhittin Zenit, Fatih Sar\u0131 ve Ali Fuat Y\u0131lmazer&#8217;in &#8216;hedef g\u00f6sterme&#8217; su\u00e7lamas\u0131yla ilgili m\u00fcdahillik taleplerini kabul etti. Di\u011fer su\u00e7lamalarla ilgiliyse do\u011frudan zarar g\u00f6rmedikleri gerek\u00e7esiyle talebi reddetti.<\/p>\n<p>Mahkeme, \u015eener ve avukatlar\u0131n\u0131n cinayet san\u0131klar\u0131ndan Erhan Tuncel&#8217;le ilgili video kay\u0131tlar\u0131n\u0131n istenmesiyle ilgili talebini de kitapla ilgili bulunmad\u0131\u011f\u0131 gerek\u00e7esiyle geri \u00e7evirdi.<br \/>\n\u015eener: \u015eikayet\u00e7iler ileride san\u0131k da olabilirler<\/p>\n<p>\u015eikayet\u00e7ilerden Muhittin Zenit&#8217;in kat\u0131ld\u0131\u011f\u0131 duru\u015fmada tutuksuz yarg\u0131lanan \u015eener, &#8216;\u015eikayet\u00e7ilerin ileride san\u0131k olmak ihtimalleri de var. Ba\u015fbakanl\u0131k Tefti\u015f Kurulu raporunun ard\u0131ndan g\u00f6revlendirilen iki m\u00fclkiyet m\u00fcfetti\u015fi soru\u015fturma y\u00fcr\u00fctmekteler ve rapor haz\u0131rlayacaklar. Bu \u015fikayetler, ileride san\u0131k olmamakla i\u00e7in, kurumsal de\u011fil \u015fahsi kayg\u0131larla yap\u0131ld\u0131&#8217; dedi.<\/p>\n<p>\u00dc\u00e7 sayfal\u0131k savunma dilek\u00e7esini mahkemeye sunan gazeteci, Zenit&#8217;in sadece kendisine de\u011fil bir \u00e7ok televizyon kanal\u0131 ve \u0130nternet sitelerine de tazminat davalar\u0131 a\u00e7t\u0131\u011f\u0131n\u0131 hat\u0131rlatarak, &#8216;\u0130stihbarat Yalanlar\u0131 gibi c\u00fcretkar bir ba\u015fl\u0131k kullanmaya beni zaorlad\u0131lar. Biz biliyoruz ki, Dink Cinayeti&#8217;nin siyasi boyutlar\u0131 ve ama\u00e7lar\u0131 vard\u0131. Su\u00e7 i\u015flenmeden bu cinayeti ayd\u0131nlatman\u0131n yolu yok. Toplumun bilgi alma hakk\u0131 ve evrensel insan haklar\u0131n\u0131n gere\u011fini yapt\u0131m&#8217; dedi ve beraatini istedi.<br \/>\nY\u00fczer: G\u00f6revini yapan hikimse cezaland\u0131r\u0131lamaz<\/p>\n<p>\u015eener&#8217;in avukat\u0131 \u015eeyhnaz Y\u00fczer de, &#8216;\u015eikayet\u00e7i, hangi ter\u00f6r \u00f6rg\u00fct\u00fcyle m\u00fccadele ediyormu\u015f, biz bunu bilemeyiz. \u0130stihbarat\u00e7\u0131 olmas\u0131, ter\u00f6rle m\u00fccadele bulundu\u011fu anlam\u0131na gelmez. G\u00f6revini yapan hikimse cezaland\u0131r\u0131lamaz. A\u0130HM i\u00e7tihatlar\u0131 g\u00f6z \u00f6n\u00fcnde bulundurulmal\u0131&#8217; dedi.<\/p>\n<p>Dava 23 Ekim&#8217;e ertelendi. \u015eener&#8217;in kitab\u0131yla ilgili hali haz\u0131rda \u00fc\u00e7 iddianame haz\u0131lanm\u0131\u015f durumda. Bug\u00fcnk\u00fc duru\u015fmay\u0131 \u015eener&#8217;e destek olmak i\u00e7in izleyenler aras\u0131nda T\u00fcrkiye Gazeteciler Cemiyeti (TGC) Ba\u015fkan yard\u0131mc\u0131s\u0131 Turgay Olcayto, \u0130stanbul milletvekili Ufuk Uras, dans\u00e7\u0131 Zeynep Tanbay, Bilgi \u00dcniversitesi \u0130leti\u015fim Fak\u00fcltesi \u00f6\u011fretim \u00fcyesi Esra Arsan, hukuk\u00e7ular Fethiye \u00c7etin ve Fikret \u0130lkiz, \u00f6ld\u00fcr\u00fclen Hrant Dink&#8217;in karde\u015fi Orhan Dink ve k\u0131z\u0131 Delal Dink, Cumhuriyet Halk Partisi (CHP) \u0130stanbul \u0130l Ba\u015fkan\u0131 G\u00fcrsel Tekin ve gazeteciler Celal Ba\u015flang\u0131\u00e7, Melih A\u015f\u0131k ve Naz\u0131m Alpman davard\u0131.<\/p>\n<p>\u015eener duru\u015fmadan sonra yapt\u0131\u011f\u0131 a\u00e7\u0131klamada &#8216;Ger\u00e7e\u011fin ortaya \u00e7\u0131kmas\u0131 i\u00e7in her\u015feyi yapaca\u011f\u0131z. Gazeteci ve avukatlar\u0131n \u00e7abas\u0131yla trabzon jandarmas\u0131ndan 8 g\u00f6revlinin yarg\u0131lanmas\u0131 sa\u011fland\u0131 ama hi\u00e7bir polis san\u0131k sandalyesinde de\u011fil&#8217; dedi.<\/p>\n<p>TGC eski ba\u015fkanlar\u0131ndan Nail G\u00fcreli de &#8216;Karar\u0131n, halk\u0131n bilgilenme hakk\u0131, demokrasi ve hukukun \u00fcst\u00fcnl\u00fc\u011f\u00fc ilkelerine uygun bi\u00e7imde \u00e7\u0131kmas\u0131n\u0131 umuyoruz&#8217; dedi.(E\u00d6\/E\u00dc)<\/p>\n","protected":false},"excerpt":{"rendered":"<p>Bianet: \u0130hmalle Su\u00e7lanan Polisler Gazeteci \u015eener&#8217;e A\u00e7\u0131lan Davaya M\u00fcdahil Oldu &#8211; Bianet \u015eener, Dink Cinayeti ve \u0130stihbarat Yalanlar\u0131 kitab\u0131nda gizli belgeleri a\u00e7\u0131klad\u0131\u011f\u0131 ve &#8216;ter\u00f6rle m\u00fccadelede g\u00f6rev alan ki\u015fileri hedef g\u00f6sterdi\u011fi&#8217; gerek\u00e7esiyle 28 y\u0131la kadar hapisle yarg\u0131lan\u0131yor. Erol \u00d6NDERO\u011eLU, hukuk@bianet.org \u0130stanbul &#8211; B\u0130A Haber Merkezi 26 Haziran 2009, Cuma Gazeteci Nedim \u015eener hakk\u0131nda Hrant Dink cinayetinde polis ve jandarman\u0131n ihmallerini anlatt\u0131\u011f\u0131&#8230;<\/p>\n","protected":false},"author":1,"featured_media":0,"comment_status":"open","ping_status":"closed","sticky":false,"template":"","format":"standard","meta":{"jetpack_post_was_ever_published":false,"_jetpack_newsletter_access":"","_jetpack_dont_email_post_to_subs":false,"_jetpack_newsletter_tier_id":0,"_jetpack_memberships_contains_paywalled_content":false,"_jetpack_memberships_contains_paid_content":false,"footnotes":"","jetpack_publicize_message":"","jetpack_publicize_feature_enabled":true,"jetpack_social_post_already_shared":false,"jetpack_social_options":{"image_generator_settings":{"template":"highway","default_image_id":0,"font":"","enabled":false},"version":2}},"categories":[5,83],"tags":[],"class_list":["post-425","post","type-post","status-publish","format-standard","hentry","category-dusunce-ozgurlugu","category-nedim-sener"],"jetpack_publicize_connections":[],"jetpack_featured_media_url":"","jetpack_sharing_enabled":true,"jetpack_shortlink":"https:\/\/wp.me\/p7wjA8-6R","jetpack-related-posts":[],"_links":{"self":[{"href":"https:\/\/privacy.cyber-rights.org.tr\/index.php?rest_route=\/wp\/v2\/posts\/425","targetHints":{"allow":["GET"]}}],"collection":[{"href":"https:\/\/privacy.cyber-rights.org.tr\/index.php?rest_route=\/wp\/v2\/posts"}],"about":[{"href":"https:\/\/privacy.cyber-rights.org.tr\/index.php?rest_route=\/wp\/v2\/types\/post"}],"author":[{"embeddable":true,"href":"https:\/\/privacy.cyber-rights.org.tr\/index.php?rest_route=\/wp\/v2\/users\/1"}],"replies":[{"embeddable":true,"href":"https:\/\/privacy.cyber-rights.org.tr\/index.php?rest_route=%2Fwp%2Fv2%2Fcomments&post=425"}],"version-history":[{"count":0,"href":"https:\/\/privacy.cyber-rights.org.tr\/index.php?rest_route=\/wp\/v2\/posts\/425\/revisions"}],"wp:attachment":[{"href":"https:\/\/privacy.cyber-rights.org.tr\/index.php?rest_route=%2Fwp%2Fv2%2Fmedia&parent=425"}],"wp:term":[{"taxonomy":"category","embeddable":true,"href":"https:\/\/privacy.cyber-rights.org.tr\/index.php?rest_route=%2Fwp%2Fv2%2Fcategories&post=425"},{"taxonomy":"post_tag","embeddable":true,"href":"https:\/\/privacy.cyber-rights.org.tr\/index.php?rest_route=%2Fwp%2Fv2%2Ftags&post=425"}],"curies":[{"name":"wp","href":"https:\/\/api.w.org\/{rel}","templated":true}]}}