{"id":427,"date":"2009-06-28T09:23:22","date_gmt":"2009-06-28T06:23:22","guid":{"rendered":"http:\/\/privacy.cyber-rights.org.tr\/?p=427"},"modified":"2009-06-28T09:23:25","modified_gmt":"2009-06-28T06:23:25","slug":"bianet-allahin-kizlarindan-yargilanan-nedim-gursele-beraat","status":"publish","type":"post","link":"https:\/\/privacy.cyber-rights.org.tr\/?p=427","title":{"rendered":"Bianet: &#8220;Allah&#8217;\u0131n K\u0131zlar\u0131&#8221;ndan Yarg\u0131lanan Nedim G\u00fcrsel&#8217;e Beraat"},"content":{"rendered":"<p><a href=\"http:\/\/www.bianet.org\/bianet\/din\/115463-allahin-kizlarindan-yargilanan-nedim-gursele-beraat\">Bianet: &#8220;Allah&#8217;\u0131n K\u0131zlar\u0131&#8221;ndan Yarg\u0131lanan Nedim G\u00fcrsel&#8217;e Beraat<\/a><\/p>\n<p>Mahkeme, &#8216;Allah&#8217;\u0131n K\u0131zlar\u0131&#8217;n\u0131n yazar\u0131 Nedim G\u00fcrsel&#8217;i beraat ettirdi; 216. maddeden ceza i\u00e7in, &#8216;dine salt y\u00fcz \u00e7evirme, soyut ret veya sayg\u0131s\u0131zl\u0131k ifadesi&#8217;nin yeterli olmad\u0131\u011f\u0131n\u0131 bildirdi: &#8216;Kamu g\u00fcvenli\u011finin bozulmas\u0131 tehlikesinin somut olgulara dayal\u0131 olmas\u0131 gerekir&#8217;<br \/>\nErol \u00d6NDERO\u011eLU, hukuk@bianet.org<br \/>\n\u0130stanbul &#8211; B\u0130A Haber Merkezi<br \/>\n25 Haziran 2009, Per\u015fembe<\/p>\n<p>\u015ei\u015fli 2. Asliye Ceza Mahkemesi, kaleme ald\u0131\u011f\u0131 Allah&#8217;\u0131n K\u0131zlar\u0131 Roman\u0131&#8217;nda &#8216;dini de\u011ferleri a\u015fa\u011f\u0131lad\u0131\u011f\u0131&#8217; ve &#8216;halk\u0131 kin ve d\u00fc\u015fmanl\u0131\u011fa tahrik etti\u011fi&#8217; iddias\u0131yla yarg\u0131lanan yazar Nedim G\u00fcrsel&#8217;i beraat ettirdi.<\/p>\n<p>Ali Emre Buka\u011f\u0131l\u0131 adl\u0131 bir ki\u015finin \u015fikayetiyle tutuksuz san\u0131k olarak hapis istemiyle yarg\u0131lanmaya ba\u015flayan \u015eener, roman\u0131n\u0131n ikinci bask\u0131s\u0131 nedeniyle bu ki\u015finin 19 Kas\u0131m 2008&#8217;de yapt\u0131\u011f\u0131 giri\u015fimle ikinci davayla kar\u015f\u0131 kar\u015f\u0131ya kalm\u0131\u015ft\u0131.<br \/>\nKitap ve \u015fikayet dilek\u00e7esindeki ifadeler ba\u015fka&#8230;<\/p>\n<p>26 May\u0131s&#8217;ta g\u00f6r\u00fclen duru\u015fmada birle\u015ftirilen davalar, bug\u00fcnk\u00fc karar duru\u015fmas\u0131nda &#8216;roman b\u00fct\u00fcn\u00fcnde su\u00e7 kast\u0131n\u0131n bulunmad\u0131\u011f\u0131 ve su\u00e7un yasal unsurlar\u0131 olu\u015fmad\u0131\u011f\u0131&#8217; gerek\u00e7esiyle beraatle sonu\u00e7land\u0131.<\/p>\n<p>Hakim Hakk\u0131 Yal\u00e7\u0131nkaya ba\u015fkanl\u0131\u011f\u0131ndaki mahkeme, \u015fikayet\u00e7inin dilek\u00e7esinde su\u00e7lad\u0131\u011f\u0131 ifadelerin kitapta yer almad\u0131\u011f\u0131n\u0131 belirterek, &#8216;\u00c7\u0131r\u0131l\u00e7\u0131plak uzanm\u0131\u015f Allah&#8217;\u0131n k\u0131zlar\u0131&#8217; ifadesinin ne kitab\u0131n 120. sayfas\u0131nda ne de ba\u015fka b\u00f6l\u00fcmlerinde yer almad\u0131\u011f\u0131n\u0131, &#8216;Allah sevgili kullar\u0131&#8217; ifadesi 120. sayfada yer ald\u0131\u011f\u0131 halde &#8216;Allah&#8217;\u0131n sevgilileri&#8217; olarak su\u00e7lama y\u00f6neltildi\u011fini a\u00e7\u0131klad\u0131.<br \/>\nHakim: 216&#8217;dan ceza i\u00e7in dine y\u00fcz \u00e7evirme yetmez<\/p>\n<p>Mahkeme, \u0130stanbul Emniyeti&#8217;nden gelen yaz\u0131da kitab\u0131n yay\u0131mlanmas\u0131 sonucu kamu d\u00fczenini bozucu eylemin resmi kay\u0131tlara yans\u0131mad\u0131\u011f\u0131, kitab\u0131n genel olarak bir roman havas\u0131 i\u00e7erisinde yaz\u0131ld\u0131\u011f\u0131, Hazret-i Muhammet d\u00f6neminde ya\u015fanm\u0131\u015f kimi olaylar\u0131n kopyalanmaya \u00e7al\u0131\u015f\u0131ld\u0131\u011f\u0131, daha sonraki 1. D\u00fcnya Sava\u015f\u0131 s\u0131ras\u0131nda ya\u015fanan olaylara kadar k\u0131smi olaylar\u0131n roman tarz\u0131nda anlat\u0131lmaya \u00e7al\u0131\u015f\u0131ld\u0131\u011f\u0131na kanaat getirdi.<\/p>\n<p>&#8216;Peygamber Efendimizin pek \u00e7ok kez haks\u0131zl\u0131klara maruz b\u0131rak\u0131ld\u0131\u011f\u0131 ger\u00e7e\u011fi kar\u015f\u0131s\u0131nda hukuksal olarak T\u00fcrk Ceza Kanunu&#8217;nun 216. madde gerek\u00e7elerinde dine salt y\u00fcz \u00e7evirme, soyut red veya sayg\u0131s\u0131zl\u0131k ifade eden bir davran\u0131\u015fta bulunma veya bu y\u00f6nde s\u00f6zler sarf etme su\u00e7unun ger\u00e7ekle\u015fmesi bak\u0131m\u0131ndan yeterli olmad\u0131\u011f\u0131, fiilin su\u00e7 te\u015fkil etmesi i\u00e7in bunlar\u0131n \u00f6tesinde a\u011f\u0131r ve yo\u011fun bir tarzda kin ve d\u00fc\u015fmanl\u0131\u011fa tahrikin varolmas\u0131 gerekti\u011fi, kamu g\u00fcvenli\u011finin bozulmas\u0131 tehlikesinin somut olgulara dayal\u0131 olarak varl\u0131\u011f\u0131 gereklidir.&#8217;<br \/>\n&#8216;Diyanet m\u00fctalaas\u0131n\u0131n hi\u00e7bir hukuki de\u011feri yok&#8217;<\/p>\n<p>Duru\u015fmada s\u00f6z alan G\u00fcrsel&#8217;in avukat\u0131 \u015eeyhnaz Y\u00fczer, TCK&#8217;n\u0131n 216. maddesinde tan\u0131mlanan su\u00e7un unsurlar\u0131n\u0131n olu\u015fmad\u0131\u011f\u0131n\u0131 ifade ederek, Marmara \u00dcniversitesi Temel \u0130slam Bilimleri B\u00f6l\u00fcm\u00fc Kelam Anabilim Dal\u0131 \u00f6\u011fretim \u00fcyesi Prof. Dr. \u0130lyas \u00c7elebi&#8217;den m\u00fctalaa al\u0131nmas\u0131n\u0131n hi\u00e7bir hukuki de\u011ferinin bulunmad\u0131\u011f\u0131n\u0131 savundu.<br \/>\n&#8216;M\u00fcdahaleyi s\u00fcrd\u00fcr\u00fcrse savunma yapmayaca\u011f\u0131z&#8217;<\/p>\n<p>G\u00fcrsel&#8217;in beraatini isteyen savc\u0131l\u0131k m\u00fctalaas\u0131na kat\u0131ld\u0131klar\u0131n\u0131 ifade eden Y\u00fczer, \u015fikayet\u00e7i m\u00fcdahillik talebi reddedildi\u011fi i\u00e7in Buka\u011f\u0131l\u0131&#8217;n\u0131n hakimin reddedilmesini talep edemeyece\u011fini, bu ki\u015finin mahkemeyi s\u00fcr\u00fcncemeye soktu\u011funu s\u00f6yleyerek sert tepki g\u00f6sterdi:<\/p>\n<p>&#8216;M\u00fcdahillik s\u0131fat\u0131 yokken yine de m\u00fcdahale makam\u0131nda yer al\u0131rsa savunma yapmayaca\u011f\u0131z. M\u00fcsl\u00fcmanl\u0131k m\u00fc\u015ftekinin tekelinde de\u011fildir.&#8217;<\/p>\n<p>\u015eikayet\u00e7i yedi g\u00fcn i\u00e7erisinde karara itiraz etmezse beraat karar\u0131 kesinle\u015fecek. (E\u00d6)<\/p>\n","protected":false},"excerpt":{"rendered":"<p>Bianet: &#8220;Allah&#8217;\u0131n K\u0131zlar\u0131&#8221;ndan Yarg\u0131lanan Nedim G\u00fcrsel&#8217;e Beraat Mahkeme, &#8216;Allah&#8217;\u0131n K\u0131zlar\u0131&#8217;n\u0131n yazar\u0131 Nedim G\u00fcrsel&#8217;i beraat ettirdi; 216. maddeden ceza i\u00e7in, &#8216;dine salt y\u00fcz \u00e7evirme, soyut ret veya sayg\u0131s\u0131zl\u0131k ifadesi&#8217;nin yeterli olmad\u0131\u011f\u0131n\u0131 bildirdi: &#8216;Kamu g\u00fcvenli\u011finin bozulmas\u0131 tehlikesinin somut olgulara dayal\u0131 olmas\u0131 gerekir&#8217; Erol \u00d6NDERO\u011eLU, hukuk@bianet.org \u0130stanbul &#8211; B\u0130A Haber Merkezi 25 Haziran 2009, Per\u015fembe \u015ei\u015fli 2. Asliye Ceza Mahkemesi, kaleme ald\u0131\u011f\u0131 Allah&#8217;\u0131n&#8230;<\/p>\n","protected":false},"author":1,"featured_media":0,"comment_status":"open","ping_status":"closed","sticky":false,"template":"","format":"standard","meta":{"jetpack_post_was_ever_published":false,"_jetpack_newsletter_access":"","_jetpack_dont_email_post_to_subs":false,"_jetpack_newsletter_tier_id":0,"_jetpack_memberships_contains_paywalled_content":false,"_jetpack_memberships_contains_paid_content":false,"footnotes":"","jetpack_publicize_message":"","jetpack_publicize_feature_enabled":true,"jetpack_social_post_already_shared":false,"jetpack_social_options":{"image_generator_settings":{"template":"highway","default_image_id":0,"font":"","enabled":false},"version":2}},"categories":[5,67],"tags":[],"class_list":["post-427","post","type-post","status-publish","format-standard","hentry","category-dusunce-ozgurlugu","category-turkiye"],"jetpack_publicize_connections":[],"jetpack_featured_media_url":"","jetpack_sharing_enabled":true,"jetpack_shortlink":"https:\/\/wp.me\/p7wjA8-6T","jetpack-related-posts":[],"_links":{"self":[{"href":"https:\/\/privacy.cyber-rights.org.tr\/index.php?rest_route=\/wp\/v2\/posts\/427","targetHints":{"allow":["GET"]}}],"collection":[{"href":"https:\/\/privacy.cyber-rights.org.tr\/index.php?rest_route=\/wp\/v2\/posts"}],"about":[{"href":"https:\/\/privacy.cyber-rights.org.tr\/index.php?rest_route=\/wp\/v2\/types\/post"}],"author":[{"embeddable":true,"href":"https:\/\/privacy.cyber-rights.org.tr\/index.php?rest_route=\/wp\/v2\/users\/1"}],"replies":[{"embeddable":true,"href":"https:\/\/privacy.cyber-rights.org.tr\/index.php?rest_route=%2Fwp%2Fv2%2Fcomments&post=427"}],"version-history":[{"count":0,"href":"https:\/\/privacy.cyber-rights.org.tr\/index.php?rest_route=\/wp\/v2\/posts\/427\/revisions"}],"wp:attachment":[{"href":"https:\/\/privacy.cyber-rights.org.tr\/index.php?rest_route=%2Fwp%2Fv2%2Fmedia&parent=427"}],"wp:term":[{"taxonomy":"category","embeddable":true,"href":"https:\/\/privacy.cyber-rights.org.tr\/index.php?rest_route=%2Fwp%2Fv2%2Fcategories&post=427"},{"taxonomy":"post_tag","embeddable":true,"href":"https:\/\/privacy.cyber-rights.org.tr\/index.php?rest_route=%2Fwp%2Fv2%2Ftags&post=427"}],"curies":[{"name":"wp","href":"https:\/\/api.w.org\/{rel}","templated":true}]}}