{"id":434,"date":"2009-07-13T15:54:45","date_gmt":"2009-07-13T12:54:45","guid":{"rendered":"http:\/\/privacy.cyber-rights.org.tr\/?p=434"},"modified":"2009-07-13T15:54:50","modified_gmt":"2009-07-13T12:54:50","slug":"sabah-bakan-youtubea-en-yakin-zaman-haftaya-dedi-randevuyu-verdi","status":"publish","type":"post","link":"https:\/\/privacy.cyber-rights.org.tr\/?p=434","title":{"rendered":"Sabah: Bakan Youtube&#8217;a &#8216;En yak\u0131n zaman haftaya&#8217; dedi, randevuyu verdi"},"content":{"rendered":"<p><a href=\"http:\/\/www.sabah.com.tr\/Ekonomi\/2009\/07\/12\/bakan_youtubea_en_yakin_zaman_haftaya_dedi_randevuyu_verdi\">Sabah: Bakan Youtube&#8217;a &#8216;En yak\u0131n zaman haftaya&#8217; dedi, randevuyu verdi<\/a><\/p>\n<p>Olcay AYD\u0130LEK -\/ ANKARA, 12.07.2009<\/p>\n<p>14 ayd\u0131r eri\u015fime kapal\u0131 olan Youtube&#8217;un temsilcileri, Ula\u015ft\u0131rma Bakan\u0131 Y\u0131ld\u0131r\u0131m&#8217;dan randevuyu kopard\u0131. Gelecek hafta yap\u0131lacak g\u00f6r\u00fc\u015fmeden \u00f6nce taraflar umutlu<br \/>\n14 ayd\u0131r eri\u015fime kapal\u0131 olan d\u00fcnyan\u0131n \u00f6nde gelen video payla\u015f\u0131m sitesi Youtube&#8217;a \u00f6zg\u00fcrl\u00fck yolu i\u00e7in Ula\u015ft\u0131rma Bakan\u0131 ile biraraya gelecek. Ula\u015ft\u0131rma Bakan\u0131 Binali Y\u0131ld\u0131r\u0131m, Youtube temsilcileriyle hafta i\u00e7inde bir g\u00f6r\u00fc\u015fme yapacak. G\u00f6r\u00fc\u015fme, Youtube&#8217;da eri\u015fim yasa\u011f\u0131n\u0131 kald\u0131racak \u00f6nemli bir geli\u015fme olarak de\u011ferlendiriliyor.<\/p>\n<p>TALEP YOUTUBE&#8217;DAN<br \/>\nD\u00fcnyan\u0131n \u00f6nde gelen video payla\u015f\u0131m sitesi Youtube, 5 May\u0131s 2008&#8217;den beri bir ba\u015fka deyi\u015fle 14 ayd\u0131r Atat\u00fcrk aleyhine baz\u0131 videolar\u0131 kald\u0131rmad\u0131\u011f\u0131 i\u00e7in mahkeme karar\u0131yla eri\u015fime kapal\u0131. Youtube&#8217;un, &#8216;su\u00e7&#8217; say\u0131lan videolar\u0131 kald\u0131rarak yeniden eri\u015fime a\u00e7\u0131lmas\u0131 i\u00e7in Ula\u015ft\u0131rma Bakanl\u0131\u011f\u0131 ve Bilgi Teknolojileri ve \u0130leti\u015fim Kurumu (BTK) bug\u00fcne de\u011fin de\u011fi\u015fik giri\u015fimlerde bulundu. Ula\u015ft\u0131rma Bakan\u0131 Binali Y\u0131ld\u0131r\u0131m da Youtube&#8217;un T\u00fcrkiye&#8217;deki &#8216;temsilcileri&#8217; ile daha \u00f6nce bir g\u00f6r\u00fc\u015fme yapt\u0131. Ancak, sonu\u00e7 de\u011fi\u015fmedi. Youtube, videolar\u0131 kald\u0131rmad\u0131\u011f\u0131 i\u00e7in eri\u015fim yasa\u011f\u0131 devam etti. Youtube, Ula\u015ft\u0131rma Bakan\u0131 Binali Y\u0131ld\u0131r\u0131m&#8217;dan hafta i\u00e7inde s\u00fcrpriz bir randevu talebinde bulundu. Kanada&#8217;dan sal\u0131 g\u00fcn\u00fc d\u00f6necek olan Y\u0131ld\u0131r\u0131m, Youtube temsilcileri ve avukatlar\u0131yla gelecek hafta bir araya gelecek. Bakan Y\u0131ld\u0131r\u0131m, SABAH&#8217;\u0131n sorususu \u00fczerine Youtube&#8217;la bir kez daha g\u00f6r\u00fc\u015feceklerini s\u00f6yledi. Ula\u015ft\u0131rma Bakanl\u0131\u011f\u0131 kaynaklar\u0131, bu kez sorunun \u00e7\u00f6z\u00fclece\u011fi inanc\u0131n\u0131 ta\u015f\u0131yor. Bakan daha \u00f6nce Youtube&#8217;un randevu iste\u011fiyle ilgili sorulara &#8216;as soon as possible&#8217; (en k\u0131sa s\u00fcrede) yan\u0131t\u0131n\u0131 vermi\u015fti.<\/p>\n<p>Vergi vermemesi ele\u015ftiri konusu<br \/>\n14 ayd\u0131r kapal\u0131 Youtube ile ilgili \u00f6nemli sorunlardan biri de vergi. T\u00fcrkiye&#8217;de reklam toplay\u0131p vergi \u00f6demeyen \u015firketle ilgili olarak Bakan Y\u0131ld\u0131r\u0131m &#8217;21 \u00fclkede \u015firket kurup \u00f6d\u00fcyor bize gelince &#8216;yapmay\u0131z&#8217; diyor. Yapamazsan Allah selamet versin&#8217; s\u00f6zleriyle konuyu a\u00e7\u0131klam\u0131\u015ft\u0131.<\/p>\n<p>\u0130\u015eTE 3 TALEP<br \/>\n1 Sitede, Atat\u00fcrk aleyhine baz\u0131 videolar kald\u0131r\u0131lmal\u0131. Ula\u015ft\u0131rma Bakanl\u0131\u011f\u0131 kaynaklar\u0131, Youtube&#8217;a eri\u015fim yasa\u011f\u0131n\u0131n mahkeme koydu\u011fu i\u00e7in yasa\u011f\u0131n kald\u0131rmas\u0131n\u0131n videolar\u0131n \u00e7\u0131kar\u0131lmas\u0131na ba\u011fl\u0131 oldu\u011funa dikkat \u00e7ekti.<\/p>\n<p>2 Youtube, di\u011fer \u00fclkelerde oldu\u011fu gibi T\u00fcrkiye&#8217;de de resmi bir temsilcilik kurmal\u0131. Yasal konularda idare (devlet) Youtube&#8217;da muhatab\u0131n\u0131 bilmeli.<\/p>\n<p>3 Youtube, T\u00fcrkiye&#8217;ye \u00f6zg\u00fc &#8216;tr&#8217; uzant\u0131l\u0131 bir site dizayn etmeli. Bu site, T\u00fcrkiye&#8217;nin ulusal mevzuat\u0131n\u0131 ve internete ili\u015fkin yasas\u0131n\u0131 dikkate alarak yay\u0131n yapacakt\u0131r. Dolay\u0131s\u0131yla eri\u015fime engelleme riski de ortadan kalkacakt\u0131r.<\/p>\n","protected":false},"excerpt":{"rendered":"<p>Sabah: Bakan Youtube&#8217;a &#8216;En yak\u0131n zaman haftaya&#8217; dedi, randevuyu verdi Olcay AYD\u0130LEK -\/ ANKARA, 12.07.2009 14 ayd\u0131r eri\u015fime kapal\u0131 olan Youtube&#8217;un temsilcileri, Ula\u015ft\u0131rma Bakan\u0131 Y\u0131ld\u0131r\u0131m&#8217;dan randevuyu kopard\u0131. Gelecek hafta yap\u0131lacak g\u00f6r\u00fc\u015fmeden \u00f6nce taraflar umutlu 14 ayd\u0131r eri\u015fime kapal\u0131 olan d\u00fcnyan\u0131n \u00f6nde gelen video payla\u015f\u0131m sitesi Youtube&#8217;a \u00f6zg\u00fcrl\u00fck yolu i\u00e7in Ula\u015ft\u0131rma Bakan\u0131 ile biraraya gelecek. Ula\u015ft\u0131rma Bakan\u0131 Binali Y\u0131ld\u0131r\u0131m, Youtube temsilcileriyle&#8230;<\/p>\n","protected":false},"author":1,"featured_media":0,"comment_status":"open","ping_status":"closed","sticky":false,"template":"","format":"standard","meta":{"jetpack_post_was_ever_published":false,"_jetpack_newsletter_access":"","_jetpack_dont_email_post_to_subs":false,"_jetpack_newsletter_tier_id":0,"_jetpack_memberships_contains_paywalled_content":false,"_jetpack_memberships_contains_paid_content":false,"footnotes":"","jetpack_publicize_message":"","jetpack_publicize_feature_enabled":true,"jetpack_social_post_already_shared":false,"jetpack_social_options":{"image_generator_settings":{"template":"highway","default_image_id":0,"font":"","enabled":false},"version":2}},"categories":[22,21,4],"tags":[],"class_list":["post-434","post","type-post","status-publish","format-standard","hentry","category-5651-nolu-kanun","category-erisim-engelleme","category-youtube"],"jetpack_publicize_connections":[],"jetpack_featured_media_url":"","jetpack_sharing_enabled":true,"jetpack_shortlink":"https:\/\/wp.me\/p7wjA8-70","jetpack-related-posts":[],"_links":{"self":[{"href":"https:\/\/privacy.cyber-rights.org.tr\/index.php?rest_route=\/wp\/v2\/posts\/434","targetHints":{"allow":["GET"]}}],"collection":[{"href":"https:\/\/privacy.cyber-rights.org.tr\/index.php?rest_route=\/wp\/v2\/posts"}],"about":[{"href":"https:\/\/privacy.cyber-rights.org.tr\/index.php?rest_route=\/wp\/v2\/types\/post"}],"author":[{"embeddable":true,"href":"https:\/\/privacy.cyber-rights.org.tr\/index.php?rest_route=\/wp\/v2\/users\/1"}],"replies":[{"embeddable":true,"href":"https:\/\/privacy.cyber-rights.org.tr\/index.php?rest_route=%2Fwp%2Fv2%2Fcomments&post=434"}],"version-history":[{"count":0,"href":"https:\/\/privacy.cyber-rights.org.tr\/index.php?rest_route=\/wp\/v2\/posts\/434\/revisions"}],"wp:attachment":[{"href":"https:\/\/privacy.cyber-rights.org.tr\/index.php?rest_route=%2Fwp%2Fv2%2Fmedia&parent=434"}],"wp:term":[{"taxonomy":"category","embeddable":true,"href":"https:\/\/privacy.cyber-rights.org.tr\/index.php?rest_route=%2Fwp%2Fv2%2Fcategories&post=434"},{"taxonomy":"post_tag","embeddable":true,"href":"https:\/\/privacy.cyber-rights.org.tr\/index.php?rest_route=%2Fwp%2Fv2%2Ftags&post=434"}],"curies":[{"name":"wp","href":"https:\/\/api.w.org\/{rel}","templated":true}]}}