{"id":436,"date":"2009-07-27T18:28:51","date_gmt":"2009-07-27T15:28:51","guid":{"rendered":"http:\/\/privacy.cyber-rights.org.tr\/?p=436"},"modified":"2009-07-27T18:28:57","modified_gmt":"2009-07-27T15:28:57","slug":"bianet-bugun-internetine-yarin-hayatina-sansur-sessiz-kalma-bianet","status":"publish","type":"post","link":"https:\/\/privacy.cyber-rights.org.tr\/?p=436","title":{"rendered":"Bianet: &#8220;Bug\u00fcn \u0130nternetine Yar\u0131n Hayat\u0131na Sans\u00fcr, Sessiz Kalma!&#8221; &#8211; Bianet"},"content":{"rendered":"<p><a href=\"http:\/\/www.bianet.org\/bianet\/diger\/116055-bugun-internetine-yarin-hayatina-sansur-sessiz-kalma\">Bianet :: &#8220;Bug\u00fcn \u0130nternetine Yar\u0131n Hayat\u0131na Sans\u00fcr, Sessiz Kalma!&#8221; &#8211; Bianet<\/a>: &#8220;SANS\u00dcR\u00dcN KALDIRILI\u015eININ YILD\u00d6N\u00dcM\u00dc<br \/>\n&#8216;Bug\u00fcn \u0130nternetine Yar\u0131n Hayat\u0131na Sans\u00fcr, Sessiz Kalma!&#8217;<\/p>\n<p>&#8216;\u00dclkemizin acilen interneti bilen hukuk\u00e7ulara ve bilirki\u015filere ihtiya\u00e7 duydu\u011fu a\u015fikar. Bu nedenle, konunun uzmanlar\u0131n\u0131 ve medyay\u0131 g\u00f6reve \u00e7a\u011f\u0131r\u0131rken, kamuoyunu da bu konuda bilin\u00e7lenmeye ve &#8216;Sans\u00fcreSans\u00fcr!&#8217; demeye davet ediyoruz. &#8216;&#8221;<\/p>\n<p>(Via <a href=\"\"><\/a>.)<\/p>\n","protected":false},"excerpt":{"rendered":"<p>Bianet :: &#8220;Bug\u00fcn \u0130nternetine Yar\u0131n Hayat\u0131na Sans\u00fcr, Sessiz Kalma!&#8221; &#8211; Bianet: &#8220;SANS\u00dcR\u00dcN KALDIRILI\u015eININ YILD\u00d6N\u00dcM\u00dc &#8216;Bug\u00fcn \u0130nternetine Yar\u0131n Hayat\u0131na Sans\u00fcr, Sessiz Kalma!&#8217; &#8216;\u00dclkemizin acilen interneti bilen hukuk\u00e7ulara ve bilirki\u015filere ihtiya\u00e7 duydu\u011fu a\u015fikar. Bu nedenle, konunun uzmanlar\u0131n\u0131 ve medyay\u0131 g\u00f6reve \u00e7a\u011f\u0131r\u0131rken, kamuoyunu da bu konuda bilin\u00e7lenmeye ve &#8216;Sans\u00fcreSans\u00fcr!&#8217; demeye davet ediyoruz. &#8216;&#8221; (Via .)<\/p>\n","protected":false},"author":1,"featured_media":0,"comment_status":"open","ping_status":"closed","sticky":false,"template":"","format":"standard","meta":{"jetpack_post_was_ever_published":false,"_jetpack_newsletter_access":"","_jetpack_dont_email_post_to_subs":false,"_jetpack_newsletter_tier_id":0,"_jetpack_memberships_contains_paywalled_content":false,"_jetpack_memberships_contains_paid_content":false,"footnotes":"","jetpack_publicize_message":"","jetpack_publicize_feature_enabled":true,"jetpack_social_post_already_shared":false,"jetpack_social_options":{"image_generator_settings":{"template":"highway","default_image_id":0,"font":"","enabled":false},"version":2}},"categories":[21,3,67],"tags":[],"class_list":["post-436","post","type-post","status-publish","format-standard","hentry","category-erisim-engelleme","category-sansur","category-turkiye"],"jetpack_publicize_connections":[],"jetpack_featured_media_url":"","jetpack_sharing_enabled":true,"jetpack_shortlink":"https:\/\/wp.me\/p7wjA8-72","jetpack-related-posts":[],"_links":{"self":[{"href":"https:\/\/privacy.cyber-rights.org.tr\/index.php?rest_route=\/wp\/v2\/posts\/436","targetHints":{"allow":["GET"]}}],"collection":[{"href":"https:\/\/privacy.cyber-rights.org.tr\/index.php?rest_route=\/wp\/v2\/posts"}],"about":[{"href":"https:\/\/privacy.cyber-rights.org.tr\/index.php?rest_route=\/wp\/v2\/types\/post"}],"author":[{"embeddable":true,"href":"https:\/\/privacy.cyber-rights.org.tr\/index.php?rest_route=\/wp\/v2\/users\/1"}],"replies":[{"embeddable":true,"href":"https:\/\/privacy.cyber-rights.org.tr\/index.php?rest_route=%2Fwp%2Fv2%2Fcomments&post=436"}],"version-history":[{"count":0,"href":"https:\/\/privacy.cyber-rights.org.tr\/index.php?rest_route=\/wp\/v2\/posts\/436\/revisions"}],"wp:attachment":[{"href":"https:\/\/privacy.cyber-rights.org.tr\/index.php?rest_route=%2Fwp%2Fv2%2Fmedia&parent=436"}],"wp:term":[{"taxonomy":"category","embeddable":true,"href":"https:\/\/privacy.cyber-rights.org.tr\/index.php?rest_route=%2Fwp%2Fv2%2Fcategories&post=436"},{"taxonomy":"post_tag","embeddable":true,"href":"https:\/\/privacy.cyber-rights.org.tr\/index.php?rest_route=%2Fwp%2Fv2%2Ftags&post=436"}],"curies":[{"name":"wp","href":"https:\/\/api.w.org\/{rel}","templated":true}]}}