{"id":439,"date":"2009-07-27T18:30:47","date_gmt":"2009-07-27T15:30:47","guid":{"rendered":"http:\/\/privacy.cyber-rights.org.tr\/?p=439"},"modified":"2009-07-27T18:30:54","modified_gmt":"2009-07-27T15:30:54","slug":"bianet-tgs-sarsici-da-olsa-dusunce-sansur-edilemez-bianet","status":"publish","type":"post","link":"https:\/\/privacy.cyber-rights.org.tr\/?p=439","title":{"rendered":"Bianet :: TGS: Sars\u0131c\u0131 da Olsa D\u00fc\u015f\u00fcnce Sans\u00fcr Edilemez &#8211; Bianet"},"content":{"rendered":"<p><a href=\"http:\/\/www.bianet.org\/bianet\/ifade-ozgurlugu\/116076-tgs-sarsici-da-olsa-dusunce-sansur-edilemez\">Bianet :: TGS: Sars\u0131c\u0131 da Olsa D\u00fc\u015f\u00fcnce Sans\u00fcr Edilemez &#8211; Bianet<\/a>: &#8220;SANS\u00dcR\u00dcN KALDIRILI\u015eININ YILD\u00d6N\u00dcM\u00dc<br \/>\nTGS: Sars\u0131c\u0131 da Olsa D\u00fc\u015f\u00fcnce Sans\u00fcr Edilemez<\/p>\n<p>TGS, &#8216;Gazeteci ve ayd\u0131nlar hakk\u0131nda a\u00e7\u0131lan y\u00fczlerce soru\u015fturma ve davalar, demokratik toplumun gelece\u011fini tehdit ediyor&#8217; dedi; ATV, Sabah gazetesi, Halk TV, Olay gazete ve Olay TV&#8217;de \u00f6rg\u00fctlenme ve toplu i\u015f s\u00f6zle\u015fmesi m\u00fccadelesinin s\u00fcrd\u00fc\u011f\u00fcn\u00fc bildirdi. TBMM Ba\u015fkan\u0131 Toptan TGC Ba\u015fkan\u0131 Erin\u00e7&#8217;e &#8216;\u00e7a\u011fda\u015fla\u015fma yolundaki dile\u011fi&#8217;ni bir mesajla iletti.&#8221;<\/p>\n<p>(Via <a href=\"\"><\/a>.)<\/p>\n","protected":false},"excerpt":{"rendered":"<p>Bianet :: TGS: Sars\u0131c\u0131 da Olsa D\u00fc\u015f\u00fcnce Sans\u00fcr Edilemez &#8211; Bianet: &#8220;SANS\u00dcR\u00dcN KALDIRILI\u015eININ YILD\u00d6N\u00dcM\u00dc TGS: Sars\u0131c\u0131 da Olsa D\u00fc\u015f\u00fcnce Sans\u00fcr Edilemez TGS, &#8216;Gazeteci ve ayd\u0131nlar hakk\u0131nda a\u00e7\u0131lan y\u00fczlerce soru\u015fturma ve davalar, demokratik toplumun gelece\u011fini tehdit ediyor&#8217; dedi; ATV, Sabah gazetesi, Halk TV, Olay gazete ve Olay TV&#8217;de \u00f6rg\u00fctlenme ve toplu i\u015f s\u00f6zle\u015fmesi m\u00fccadelesinin s\u00fcrd\u00fc\u011f\u00fcn\u00fc bildirdi. TBMM Ba\u015fkan\u0131 Toptan TGC Ba\u015fkan\u0131&#8230;<\/p>\n","protected":false},"author":1,"featured_media":0,"comment_status":"open","ping_status":"closed","sticky":false,"template":"","format":"standard","meta":{"jetpack_post_was_ever_published":false,"_jetpack_newsletter_access":"","_jetpack_dont_email_post_to_subs":false,"_jetpack_newsletter_tier_id":0,"_jetpack_memberships_contains_paywalled_content":false,"_jetpack_memberships_contains_paid_content":false,"footnotes":"","jetpack_publicize_message":"","jetpack_publicize_feature_enabled":true,"jetpack_social_post_already_shared":false,"jetpack_social_options":{"image_generator_settings":{"template":"highway","default_image_id":0,"font":"","enabled":false},"version":2}},"categories":[3,67],"tags":[],"class_list":["post-439","post","type-post","status-publish","format-standard","hentry","category-sansur","category-turkiye"],"jetpack_publicize_connections":[],"jetpack_featured_media_url":"","jetpack_sharing_enabled":true,"jetpack_shortlink":"https:\/\/wp.me\/p7wjA8-75","jetpack-related-posts":[],"_links":{"self":[{"href":"https:\/\/privacy.cyber-rights.org.tr\/index.php?rest_route=\/wp\/v2\/posts\/439","targetHints":{"allow":["GET"]}}],"collection":[{"href":"https:\/\/privacy.cyber-rights.org.tr\/index.php?rest_route=\/wp\/v2\/posts"}],"about":[{"href":"https:\/\/privacy.cyber-rights.org.tr\/index.php?rest_route=\/wp\/v2\/types\/post"}],"author":[{"embeddable":true,"href":"https:\/\/privacy.cyber-rights.org.tr\/index.php?rest_route=\/wp\/v2\/users\/1"}],"replies":[{"embeddable":true,"href":"https:\/\/privacy.cyber-rights.org.tr\/index.php?rest_route=%2Fwp%2Fv2%2Fcomments&post=439"}],"version-history":[{"count":0,"href":"https:\/\/privacy.cyber-rights.org.tr\/index.php?rest_route=\/wp\/v2\/posts\/439\/revisions"}],"wp:attachment":[{"href":"https:\/\/privacy.cyber-rights.org.tr\/index.php?rest_route=%2Fwp%2Fv2%2Fmedia&parent=439"}],"wp:term":[{"taxonomy":"category","embeddable":true,"href":"https:\/\/privacy.cyber-rights.org.tr\/index.php?rest_route=%2Fwp%2Fv2%2Fcategories&post=439"},{"taxonomy":"post_tag","embeddable":true,"href":"https:\/\/privacy.cyber-rights.org.tr\/index.php?rest_route=%2Fwp%2Fv2%2Ftags&post=439"}],"curies":[{"name":"wp","href":"https:\/\/api.w.org\/{rel}","templated":true}]}}