{"id":441,"date":"2009-07-31T16:52:15","date_gmt":"2009-07-31T13:52:15","guid":{"rendered":"http:\/\/privacy.cyber-rights.org.tr\/?p=441"},"modified":"2009-07-31T16:52:20","modified_gmt":"2009-07-31T13:52:20","slug":"radikal-bartini-sel-basti-diyen-haindir","status":"publish","type":"post","link":"https:\/\/privacy.cyber-rights.org.tr\/?p=441","title":{"rendered":"Radikal: &#8216;Bart\u0131n&#8217;\u0131 sel bast\u0131&#8217; diyen haindir!"},"content":{"rendered":"<p><a href=\"http:\/\/www.radikal.com.tr\/Default.aspx?aType=RadikalDetay&#038;Date=&#038;ArticleID=947364\">&#8216;Bart\u0131n&#8217;\u0131 sel bast\u0131&#8217; diyen haindir! \/ T\u00fcrkiye \/ Radikal \u0130nternet<\/a><\/p>\n<p>30\/07\/2009 07:51<\/p>\n<p>11 y\u0131l \u00f6nce sel alt\u0131nda kalan Bart\u0131n&#8217;a bir proje haz\u0131rland\u0131. 11 y\u0131l sonra yine sel al\u0131nca Kent Konseyi sordu: &#8216;O proje ne oldu?&#8217; Devlet yan\u0131tlad\u0131: &#8216;Devlet s\u0131rr\u0131d\u0131r, s\u00f6yleyemeyiz&#8217;<\/p>\n<p>SERKAN OCAK<\/p>\n<p>T\u00fcrkiye\u2019nin en \u00e7ok ya\u011f\u0131\u015f alan illerinden olan Bart\u0131n, 14 Temmuz gecesi ba\u015flayan ya\u011f\u0131\u015flarla yine sele teslim oldu. Bart\u0131n\u2019da benzer bir felaket 11 y\u0131l \u00f6nce de ya\u015fanm\u0131\u015f kentin y\u00fczde 85\u2019i sular alt\u0131nda kalm\u0131\u015f, y\u00fczlerce ev ve i\u015fyeriyle tar\u0131m arazileri zarar g\u00f6rm\u00fc\u015f, iki ki\u015fi de \u00f6lm\u00fc\u015ft\u00fc. Bu felaketin ard\u0131ndan D\u00fcnya Bankas\u0131 kredisiyle y\u00fcr\u00fct\u00fclen ve k\u0131sa ad\u0131 TEFER olan (Turkey Emergency Flood and Earthquake Recovery- T\u00fcrkiye Sel ve Deprem Felaketi Acil Yard\u0131m Projesi) kapsam\u0131nda bir \u00e7al\u0131\u015fma ba\u015flat\u0131ld\u0131 ve \u2018Bart\u0131n Irma\u011f\u0131 Sel ve Ta\u015fk\u0131n Projesi\u2019 haz\u0131rland\u0131 D\u00fcnya Bankas\u0131n\u2019dan gelen krediyle \u00fc\u00e7 a\u015famal\u0131 ger\u00e7ekle\u015ftirilecek projeyle Bart\u0131n\u2019da tekrar sel felaketi ya\u015fanmas\u0131n\u0131n \u00f6nlenmesi hedefleniyordu. Ancak Bart\u0131n\u2019\u0131 11 y\u0131l sonra yine tekrar sel ald\u0131.<br \/>\nBunun \u00fczerine Bart\u0131n Kent Konseyi \u00fcyesi bir grup m\u00fchendis, ge\u00e7en y\u0131l, projenin hangi a\u015famada oldu\u011funu \u00f6\u011frenmek i\u00e7in kollar\u0131 s\u0131vad\u0131. Ziraat M\u00fchendisi Ay\u015fe Sevtap Uzun, konsey ad\u0131na 19 \u015eubat 2009\u2019da Devlet Su \u0130\u015fleri (DS\u0130) Bart\u0131n \u0130l M\u00fcd\u00fcrl\u00fc\u011f\u00fc\u2019ne m\u00fcracaatta bulunarak, \u2018Bart\u0131n Irma\u011f\u0131\u2019n\u0131 iyile\u015ftirmek i\u00e7in haz\u0131rlanan TEFER projesini incelemek istediklerini s\u00f6yledi. Uzun, \u0130l M\u00fcd\u00fcrl\u00fc\u011f\u00fc, konuyla ilgili geri d\u00f6nmeyince bir ay sonra ayn\u0131 taleple Bart\u0131n Valili\u011fi\u2019ne ba\u015fvurdu. Bu arada DS\u0130 \u0130l M\u00fcd\u00fcrl\u00fc\u011f\u00fc, konseye 1 Nisan\u2019da \u2018Konuyla ilgili B\u00f6lge M\u00fcd\u00fcrl\u00fc\u011f\u00fc\u2019ne g\u00f6r\u00fc\u015f soruldu ve cevap gelmedi\u2019 diye yaz\u0131 g\u00f6nderdi.<\/p>\n<p>\u2018Gelip inceleyebilirsiniz\u2019<br \/>\n\u0130stedi\u011fi bilgileri alamayan Uzun, 17 Nisan 2009\u2019da \u2018Ba\u015fbakanl\u0131k Bilgi Edinme ve De\u011ferlendirme Kurulu\u2019ndan projeyle ilgili bilgi talep etti. Ba\u015fvurunun ard\u0131ndan DS\u0130 Bart\u0131n \u0130l M\u00fcd\u00fcrl\u00fc\u011f\u00fc 27 Nisan\u2019da, Bilgi Edinme Kanunu\u2019nun 10. maddesi gere\u011fince, projeyle ilgili detaylar\u0131 Kent Konseyi m\u00fchendislerine veremeyeceklerini belirtti. Ancak bir not d\u00fc\u015f\u00fclm\u00fc\u015ft\u00fc: \u2018\u0130sterseniz m\u00fcd\u00fcrl\u00fc\u011f\u00fcm\u00fcze gelip inceleyebilirsiniz.\u2019<br \/>\nProjenin verilmesine engel oldu\u011fu belirtilen yasa maddesinde \u2018Bilgi veya belgenin niteli\u011fi gere\u011fi kopyas\u0131n\u0131n verilmesinin m\u00fcmk\u00fcn olmad\u0131\u011f\u0131 veya kopya \u00e7\u0131kar\u0131lmas\u0131n\u0131n asl\u0131na zarar verece\u011fi hallerde, belgenin asl\u0131n\u0131 incelenmesi ve not al\u0131nabilmesi&#8230;\u2019 h\u00fckm\u00fcn\u00fc i\u00e7eriyor.<br \/>\nUzun ve arkada\u015flar\u0131 bu talebi \u2018Arazide inceleme yapmadan yaln\u0131z k\u00e2\u011f\u0131t \u00fczerinden incelemenin faydas\u0131 olmaz\u2019 diyerek geri \u00e7evirdi. Daha sonra Uzun, Ba\u015fbakanl\u0131k Bilgi Edinme ve De\u011ferlendirme Kurulu\u2019na 28 Nisan\u2019da bir yaz\u0131 yazarak DS\u0130 \u0130l M\u00fcd\u00fcrl\u00fc\u011f\u00fc\u2019n\u00fcn \u2018yerinde inceleme kayd\u0131yla\u2019 verilen bu iznin yeterli olmad\u0131\u011f\u0131n\u0131 s\u00f6yledi. Bunun \u00fczerine kurul, 28 Nisan\u2019da DS\u0130 Genel M\u00fcd\u00fcrl\u00fc\u011f\u00fc\u2019ne bu taleple ilgili bir yaz\u0131 yazd\u0131 ve konuyla ilgili g\u00f6revlilerin 11 Haziran\u2019da yap\u0131lacak toplant\u0131da konuyu g\u00f6r\u00fc\u015fmek \u00fczere haz\u0131r bulunmalar\u0131 gerekti\u011fini belirtti. Uzun, bu yaz\u0131ya istinaden kuruma ba\u015fvurarak 11 Haziran\u2019daki toplant\u0131ya kat\u0131lmak istedi\u011fini belirtti ancak kurul bu talebi reddetti.<\/p>\n<p>\u2018Devlet s\u0131rr\u0131 veremeyiz\u2019<br \/>\nBa\u015fbakanl\u0131k Bilgi Edinme ve De\u011fermendirme Kurulu\u2019nun 11 Haziran 2009\u2019da yapt\u0131\u011f\u0131 toplant\u0131dan \u00e7\u0131kan karar ilgin\u00e7ti: \u2018Belge devlet s\u0131rr\u0131 niteli\u011finde oldu\u011fu i\u00e7in incelenemez.\u2019 Kurul D\u00fcnya Bankas\u0131 kredisiyle y\u00fcr\u00fct\u00fclen bir projenin devletin g\u00fcvenli\u011fine zarar verece\u011fi endi\u015fesiyle a\u00e7\u0131klanamayaca\u011f\u0131n\u0131 belirtiyordu. Uzun, bu karar\u0131 \u015fa\u015fk\u0131nl\u0131kla kar\u015f\u0131lad\u0131: \u2018DS\u0130 \u0130l M\u00fcd\u00fcrl\u00fc\u011f\u00fc \u2018Gelin inceleyin, bilgi de verelim\u2019 dedi. Ancak Bilgi Edinme Kurulu, projenin \u2018devlet s\u0131rr\u0131\u2019 oldu\u011funu a\u00e7\u0131klad\u0131. Bu ne \u00e7eli\u015fki. Halk\u0131 selden koruyacak bir proje hangi gerek\u00e7eyle \u2018devlet s\u0131rr\u0131\u2019 oluyor.\u2019<br \/>\n\u00c7eli\u015fkiler bunlarla da s\u0131n\u0131rl\u0131 de\u011fil. Bay\u0131nd\u0131rl\u0131k ve \u0130sk\u00e2n Bakanl\u0131\u011f\u0131 ile Bart\u0131n Valili\u011fi28 May\u0131s 2009\u2019da \u2018Bart\u0131n \u0130linin Afet Tehlikesi\u2019 konulu bir toplant\u0131 d\u00fczenledi\u011fi ve s\u00f6z konusu projeyle ilgili detayl\u0131 bilgiler verildi\u011fi ortaya \u00e7\u0131kt\u0131. Bakanl\u0131\u011f\u0131n Afet \u0130\u015fleri Genel M\u00fcd\u00fcrl\u00fc\u011f\u00fc Planlama Hak Sahipli\u011fi ve Bor\u00e7land\u0131rma Dairesi Ba\u015fkanl\u0131\u011f\u0131\u2019nda g\u00f6revli Hayriye \u015eeng\u00fcn, verdi\u011fi bilgilere g\u00f6re, TEFER 1, 26 \u015eubat 2002\u2019de ihale edildi. \u0130haleyi \u00c7ak\u0131r ve Star ortak giri\u015fimi ald\u0131. Bedeli 2 trilyon 259 milyar 802 milyon 889 bin 939 TL (eski T\u00fcrk Liras\u0131) olan ihale 30 A\u011fustos 2003\u2019te bitirilmi\u015f ve ge\u00e7ici kabul\u00fc yap\u0131lm\u0131\u015f. TEFER 2, 23 \u015eubat 2002\u2019de ihale edildi. 2 trilyon 677 milyar 70 milyon 474 bin TL (eski T\u00fcrk Liras\u0131) bedelli ihaleyi Kolin \u0130n\u015f. \u0130ml. ve Tic. A\u015e. ald\u0131. 25 Mart tarihinde ihale tamamlan\u0131p ge\u00e7ici kabul g\u00f6rm\u00fc\u015f.<\/p>\n","protected":false},"excerpt":{"rendered":"<p>&#8216;Bart\u0131n&#8217;\u0131 sel bast\u0131&#8217; diyen haindir! \/ T\u00fcrkiye \/ Radikal \u0130nternet 30\/07\/2009 07:51 11 y\u0131l \u00f6nce sel alt\u0131nda kalan Bart\u0131n&#8217;a bir proje haz\u0131rland\u0131. 11 y\u0131l sonra yine sel al\u0131nca Kent Konseyi sordu: &#8216;O proje ne oldu?&#8217; Devlet yan\u0131tlad\u0131: &#8216;Devlet s\u0131rr\u0131d\u0131r, s\u00f6yleyemeyiz&#8217; SERKAN OCAK T\u00fcrkiye\u2019nin en \u00e7ok ya\u011f\u0131\u015f alan illerinden olan Bart\u0131n, 14 Temmuz gecesi ba\u015flayan ya\u011f\u0131\u015flarla yine sele teslim oldu. Bart\u0131n\u2019da&#8230;<\/p>\n","protected":false},"author":1,"featured_media":0,"comment_status":"open","ping_status":"closed","sticky":false,"template":"","format":"standard","meta":{"jetpack_post_was_ever_published":false,"_jetpack_newsletter_access":"","_jetpack_dont_email_post_to_subs":false,"_jetpack_newsletter_tier_id":0,"_jetpack_memberships_contains_paywalled_content":false,"_jetpack_memberships_contains_paid_content":false,"footnotes":"","jetpack_publicize_message":"","jetpack_publicize_feature_enabled":true,"jetpack_social_post_already_shared":false,"jetpack_social_options":{"image_generator_settings":{"template":"highway","default_image_id":0,"font":"","enabled":false},"version":2}},"categories":[72,68],"tags":[],"class_list":["post-441","post","type-post","status-publish","format-standard","hentry","category-bedk","category-bilgi-edinme-hakki"],"jetpack_publicize_connections":[],"jetpack_featured_media_url":"","jetpack_sharing_enabled":true,"jetpack_shortlink":"https:\/\/wp.me\/p7wjA8-77","jetpack-related-posts":[],"_links":{"self":[{"href":"https:\/\/privacy.cyber-rights.org.tr\/index.php?rest_route=\/wp\/v2\/posts\/441","targetHints":{"allow":["GET"]}}],"collection":[{"href":"https:\/\/privacy.cyber-rights.org.tr\/index.php?rest_route=\/wp\/v2\/posts"}],"about":[{"href":"https:\/\/privacy.cyber-rights.org.tr\/index.php?rest_route=\/wp\/v2\/types\/post"}],"author":[{"embeddable":true,"href":"https:\/\/privacy.cyber-rights.org.tr\/index.php?rest_route=\/wp\/v2\/users\/1"}],"replies":[{"embeddable":true,"href":"https:\/\/privacy.cyber-rights.org.tr\/index.php?rest_route=%2Fwp%2Fv2%2Fcomments&post=441"}],"version-history":[{"count":0,"href":"https:\/\/privacy.cyber-rights.org.tr\/index.php?rest_route=\/wp\/v2\/posts\/441\/revisions"}],"wp:attachment":[{"href":"https:\/\/privacy.cyber-rights.org.tr\/index.php?rest_route=%2Fwp%2Fv2%2Fmedia&parent=441"}],"wp:term":[{"taxonomy":"category","embeddable":true,"href":"https:\/\/privacy.cyber-rights.org.tr\/index.php?rest_route=%2Fwp%2Fv2%2Fcategories&post=441"},{"taxonomy":"post_tag","embeddable":true,"href":"https:\/\/privacy.cyber-rights.org.tr\/index.php?rest_route=%2Fwp%2Fv2%2Ftags&post=441"}],"curies":[{"name":"wp","href":"https:\/\/api.w.org\/{rel}","templated":true}]}}